{"id":982,"date":"2009-04-18T13:23:59","date_gmt":"2009-04-18T11:23:59","guid":{"rendered":"http:\/\/www.afitecol.com\/?p=982"},"modified":"2018-04-13T23:05:53","modified_gmt":"2018-04-13T23:05:53","slug":"emision-75-anos-escuela-naval-de-suboficiales-arc-%e2%80%9cbarraquilla%e2%80%9d","status":"publish","type":"post","link":"https:\/\/www.afitecol.com\/?p=982","title":{"rendered":"Emisi\u00f3n postal: 75 a\u00f1os Escuela Naval de Suboficiales A.R.C. \u201cBarranquilla\u201d"},"content":{"rendered":"<p><strong><a href=\"https:\/\/www.afitecol.com\/wp-content\/uploads\/2009\/04\/escnavalarc.jpg\"><img loading=\"lazy\" decoding=\"async\" class=\"alignleft size-medium wp-image-986\" style=\"border: 1px solid black; margin: 5px;\" title=\"escnavalarc\" src=\"https:\/\/www.afitecol.com\/wp-content\/uploads\/2009\/04\/escnavalarc-233x300.jpg\" alt=\"\" width=\"115\" height=\"148\" srcset=\"https:\/\/www.afitecol.com\/wp-content\/uploads\/2009\/04\/escnavalarc-233x300.jpg 233w, https:\/\/www.afitecol.com\/wp-content\/uploads\/2009\/04\/escnavalarc.jpg 845w\" sizes=\"(max-width: 115px) 85vw, 115px\" \/><\/a>Escuela Naval de Suboficiales A. R. C. \u00abBarranquilla\u00bb<\/strong><\/p>\n<p>Para conmemorar el septuag\u00e9simo quinto aniversario de la historia naval de los colombianos el Gobierno Nacional de Colombia a trav\u00e9s del Ministerio de Comunicaciones autoriz\u00f3 una Emisi\u00f3n Postal especial denominada 75 a\u00f1os Escuela Naval de Suboficiales A.R.C. \u201cBarranquilla\u201d.<a href=\"https:\/\/www.afitecol.com\/wp-content\/uploads\/2009\/04\/escnavalarc1.jpg\"><img loading=\"lazy\" decoding=\"async\" class=\"alignright size-medium wp-image-987\" style=\"border: 1px solid black; margin: 5px;\" title=\"escnavalarc1\" src=\"https:\/\/www.afitecol.com\/wp-content\/uploads\/2009\/04\/escnavalarc1-234x300.jpg\" alt=\"\" width=\"115\" height=\"148\" srcset=\"https:\/\/www.afitecol.com\/wp-content\/uploads\/2009\/04\/escnavalarc1-234x300.jpg 234w, https:\/\/www.afitecol.com\/wp-content\/uploads\/2009\/04\/escnavalarc1.jpg 845w\" sizes=\"(max-width: 115px) 85vw, 115px\" \/><\/a><br \/>\nComenz\u00f3 a funcionar como Escuela de Maquinistas y Grumetes el 1 de Mayo de 1934 a bordo del transporte MC Boyac\u00e1, fondeado en Puerto Colombia.<br \/>\nEl nombre de Escuela Naval de Suboficiales A.R.C. \u201cBarranquilla\u201d lo toma a finales de 1991, y en la actualidad tiene los siguientes programas de tecnolog\u00eda naval: Electr\u00f3nica, Oceanograf\u00eda, Electromec\u00e1nica, Hidrograf\u00eda, Administraci\u00f3n Mar\u00edtima, Naviera y Sanidad Naval.<br \/>\nEn el a\u00f1o 2004 el Gobierno Nacional, por intermedio del Ministerio de Educaci\u00f3n le confiri\u00f3 la Orden \u201cLuis L\u00f3pez De Mesa\u201d a la excelencia de los programas de Tecnolog\u00eda Naval en Electr\u00f3nica y Naviera.<br \/>\nEn el a\u00f1o 2008 adquiere la Acreditaci\u00f3n Institucional de Alta Calidad, mediante <a href=\"http:\/\/www.cna.gov.co\/cont\/acr_alt_cal\/acr_ins\/fortalezas\/for_ins_alt_cal_esc_sub_arc_bar_bar.htm\" target=\"_blank\">Resoluci\u00f3n N\u00ba 3737<\/a> del 20 de junio, del Ministerio de Educaci\u00f3n Nacional, previo el concepto favorable de Consejo Nacional de Acreditaci\u00f3n,\u00a0 siendo en esta forma la primera de car\u00e1cter tecnol\u00f3gico y la primera en el sistema de la Educaci\u00f3n Militar en Colombia, en recibir esta acreditaci\u00f3n.<br \/>\nDe esta <a href=\"http:\/\/190.60.108.210\/webensb\/\" target=\"_blank\">Escuela<\/a> han egresado miles de suboficiales, excelentes profesionales, que han contribuido al progreso de Colombia al incrementar el poder mar\u00edtimo de la naci\u00f3n.<\/p>\n<p><strong>La emisi\u00f3n<\/strong>: denominada 75 a\u00f1os de Escuela Naval de Suboficiales A.R.C. \u201cBarranquila\u201d, que fue autorizada por Resoluci\u00f3n N\u00ba 015 del 17 de abril de 2009 de la Presidencia de Servicios Postales Nacionales, consta de 120.000 unidades.<br \/>\n<strong><\/strong><\/p>\n<p><a href=\"https:\/\/www.afitecol.com\/wp-content\/uploads\/2009\/04\/escnavalplie.jpg\"><img loading=\"lazy\" decoding=\"async\" class=\"alignleft size-medium wp-image-989\" style=\"border: 1px solid black; margin: 5px;\" title=\"escnavalplie\" src=\"https:\/\/www.afitecol.com\/wp-content\/uploads\/2009\/04\/escnavalplie-283x300.jpg\" alt=\"\" width=\"150\" height=\"158\" srcset=\"https:\/\/www.afitecol.com\/wp-content\/uploads\/2009\/04\/escnavalplie-283x300.jpg 283w, https:\/\/www.afitecol.com\/wp-content\/uploads\/2009\/04\/escnavalplie.jpg 691w\" sizes=\"(max-width: 150px) 85vw, 150px\" \/><\/a><strong>El pliego especial<\/strong>: consta de 20 estampillas, en papel sopal, policrom\u00eda y goma tropicalizada.<br \/>\n<strong><\/strong><\/p>\n<p><a href=\"https:\/\/www.afitecol.com\/wp-content\/uploads\/2009\/04\/escnavalestp.jpg\"><img loading=\"lazy\" decoding=\"async\" class=\"alignleft size-medium wp-image-991\" style=\"border: 1px solid black; margin: 5px;\" title=\"escnavalestp\" src=\"https:\/\/www.afitecol.com\/wp-content\/uploads\/2009\/04\/escnavalestp.jpg\" alt=\"\" width=\"113\" height=\"85\" \/><\/a><strong>La estampilla<\/strong>: en formato 40 x 30 mm y valor facial de $ 4.000 tiene como motivo el s\u00edmbolo de los suboficiales de la armada.\u00a0 El dise\u00f1o y la diagramaci\u00f3n estuvo a cargo de la dise\u00f1adora Milena Mongu\u00ed Estupi\u00f1an.<\/p>\n<p><a href=\"https:\/\/www.afitecol.com\/wp-content\/uploads\/2009\/04\/escnavalsobre.jpg\"><img loading=\"lazy\" decoding=\"async\" class=\"alignleft size-medium wp-image-992\" style=\"border: 1px solid black; margin: 5px;\" title=\"escnavalsobre\" src=\"https:\/\/www.afitecol.com\/wp-content\/uploads\/2009\/04\/escnavalsobre-300x158.jpg\" alt=\"\" width=\"143\" height=\"76\" srcset=\"https:\/\/www.afitecol.com\/wp-content\/uploads\/2009\/04\/escnavalsobre-300x158.jpg 300w, https:\/\/www.afitecol.com\/wp-content\/uploads\/2009\/04\/escnavalsobre.jpg 1288w\" sizes=\"(max-width: 143px) 85vw, 143px\" \/><\/a><strong>El sobre de primer d\u00eda<\/strong>: se imprimieron 1.100 sobres numerados de primer d\u00eda de servicio, siendo \u00e9ste el 17 de Abril de 2009.<br \/>\n<strong><\/strong><\/p>\n<p><strong>Afitecol <\/strong>agradece al Se\u00f1or Capit\u00e1n de Nav\u00edo Ernesto Dur\u00e1n Gonz\u00e1lez, Director de la Escuela Naval de Suboficiales A.R.C. \u201cBarranquilla\u201d la invitaci\u00f3n que le formul\u00f3 para participar en los actos conmemorativos de septuag\u00e9simo quinto aniversario de la Instituci\u00f3n que preside. Por su digno intermedio <strong>Afitecol<\/strong> quiere felicitar a todos los que hacen parte de la Escuela, principalmente a los del Contingente 135 quienes realizaron su juramento de bandera el viernes 17 de Abril de 2009, en el Campo de Parada de la Escuela.<\/p>\n","protected":false},"excerpt":{"rendered":"<p>Escuela Naval de Suboficiales A. R. C. \u00abBarranquilla\u00bb Para conmemorar el septuag\u00e9simo quinto aniversario de la historia naval de los colombianos el Gobierno Nacional de Colombia a trav\u00e9s del Ministerio de Comunicaciones autoriz\u00f3 una Emisi\u00f3n Postal especial denominada 75 a\u00f1os Escuela Naval de Suboficiales A.R.C. \u201cBarranquilla\u201d. Comenz\u00f3 a funcionar como Escuela de Maquinistas y Grumetes &hellip; <a href=\"https:\/\/www.afitecol.com\/?p=982\" class=\"more-link\">Continuar leyendo<span class=\"screen-reader-text\"> \u00abEmisi\u00f3n postal: 75 a\u00f1os Escuela Naval de Suboficiales A.R.C. \u201cBarranquilla\u201d\u00bb<\/span><\/a><\/p>\n","protected":false},"author":2,"featured_media":0,"comment_status":"open","ping_status":"closed","sticky":false,"template":"","format":"standard","meta":{"footnotes":""},"categories":[5],"tags":[],"class_list":["post-982","post","type-post","status-publish","format-standard","hentry","category-emisiones"],"_links":{"self":[{"href":"https:\/\/www.afitecol.com\/index.php?rest_route=\/wp\/v2\/posts\/982"}],"collection":[{"href":"https:\/\/www.afitecol.com\/index.php?rest_route=\/wp\/v2\/posts"}],"about":[{"href":"https:\/\/www.afitecol.com\/index.php?rest_route=\/wp\/v2\/types\/post"}],"author":[{"embeddable":true,"href":"https:\/\/www.afitecol.com\/index.php?rest_route=\/wp\/v2\/users\/2"}],"replies":[{"embeddable":true,"href":"https:\/\/www.afitecol.com\/index.php?rest_route=%2Fwp%2Fv2%2Fcomments&post=982"}],"version-history":[{"count":24,"href":"https:\/\/www.afitecol.com\/index.php?rest_route=\/wp\/v2\/posts\/982\/revisions"}],"predecessor-version":[{"id":1810,"href":"https:\/\/www.afitecol.com\/index.php?rest_route=\/wp\/v2\/posts\/982\/revisions\/1810"}],"wp:attachment":[{"href":"https:\/\/www.afitecol.com\/index.php?rest_route=%2Fwp%2Fv2%2Fmedia&parent=982"}],"wp:term":[{"taxonomy":"category","embeddable":true,"href":"https:\/\/www.afitecol.com\/index.php?rest_route=%2Fwp%2Fv2%2Fcategories&post=982"},{"taxonomy":"post_tag","embeddable":true,"href":"https:\/\/www.afitecol.com\/index.php?rest_route=%2Fwp%2Fv2%2Ftags&post=982"}],"curies":[{"name":"wp","href":"https:\/\/api.w.org\/{rel}","templated":true}]}}