{"id":934,"date":"2009-04-06T04:50:15","date_gmt":"2009-04-06T02:50:15","guid":{"rendered":"http:\/\/www.afitecol.com\/?p=934"},"modified":"2009-04-06T04:50:15","modified_gmt":"2009-04-06T02:50:15","slug":"upaep-2008-fiestas-nacionales-patrias-o-tradicionales","status":"publish","type":"post","link":"https:\/\/www.afitecol.com\/?p=934","title":{"rendered":"UPAEP 2008: fiestas nacionales patrias o tradicionales?"},"content":{"rendered":"<p>A ra\u00edz de la emisi\u00f3n UPAEP 2008 en <a href=\"https:\/\/www.afitecol.com\/?p=837\" target=\"_blank\"><strong>Colombia<\/strong><\/a>, y en los diferentes pa\u00edses miembros, nos llam\u00f3 la atenci\u00f3n al ver que las emisiones no coincid\u00edan en cuanto al tema propuesto por UPAEP para el a\u00f1o 2008.<\/p>\n<p>Cu\u00e1l habr\u00eda sido la idea principal de UPAEP\u00a0 para determinar el tema para el a\u00f1o 2008: las fiestas nacionales patrias o las fiestas nacionales tradicionales?.<\/p>\n<p>El motivo de las estampillas emitidas por <a href=\"https:\/\/www.afitecol.com\/?p=837\" target=\"_blank\"><strong>Colombia<\/strong><\/a> corresponde a las fiestas nacionales patrias, esto es, el d\u00eda en que se celebra una solemnidad nacional, como es la Independencia de Cartagena y la Independencia Nacional de Colombia.<\/p>\n<p><a href=\"https:\/\/www.afitecol.com\/wp-content\/uploads\/2009\/04\/upaepespana1.jpg\"><img loading=\"lazy\" decoding=\"async\" class=\"alignleft size-medium wp-image-935\" title=\"upaepespana1\" src=\"https:\/\/www.afitecol.com\/wp-content\/uploads\/2009\/04\/upaepespana1.jpg\" alt=\"\" width=\"113\" height=\"93\" \/><\/a>El mismo caso ser\u00eda posiblemente tambi\u00e9n v\u00e1lido para Espa\u00f1a y Cuba.<a href=\"https:\/\/www.afitecol.com\/wp-content\/uploads\/2009\/04\/upaepcuba.jpg\"><img loading=\"lazy\" decoding=\"async\" class=\"alignright size-medium wp-image-936\" title=\"upaepcuba\" src=\"https:\/\/www.afitecol.com\/wp-content\/uploads\/2009\/04\/upaepcuba-300x196.jpg\" alt=\"\" width=\"177\" height=\"115\" srcset=\"https:\/\/www.afitecol.com\/wp-content\/uploads\/2009\/04\/upaepcuba-300x196.jpg 300w, https:\/\/www.afitecol.com\/wp-content\/uploads\/2009\/04\/upaepcuba.jpg 400w\" sizes=\"(max-width: 177px) 85vw, 177px\" \/><\/a><\/p>\n<p>Pero que ocurri\u00f3 en los dem\u00e1s pa\u00edses? Sin ser especialistas en UPAEP, y con la gran posibilidad de equivocarnos, como dice un amigo filatelista, y adem\u00e1s, sin conocer las razones de la decisi\u00f3n en los respectivos pa\u00edses, nos inclinamos a creer que m\u00e1s bien la idea era mostrar ejemplos de las fiestas nacionales tradicionales.\u00a0 Y de all\u00ed, que los pa\u00edses que aqu\u00ed mostramos para ilustrar estas diferencias, entre otros: Brasil, Ecuador, Uruguay, Surinam, El Salvador, Guatemala, Per\u00fa y Honduras, son mayor\u00eda sobre los otros.\u00a0 Honduras hizo la emisi\u00f3n de una Hoja filat\u00e9lica con los temas de los \u00faltimos cuatro a\u00f1os: 2005: lucha contra la pobreza; 2006: Ahorro de energ\u00eda; 2007: Educaci\u00f3n par todos y 2008: Fiestas nacionales tradicionales. La consulta gr\u00e1fica se realiz\u00f3 entre otras en <strong><a href=\"http:\/\/www.filateliavitoria.net\/index.php?main_page=index&amp;cPath=240_3216_3296\" target=\"_blank\">FilateliaVictoria<\/a> <\/strong>y en <strong><a href=\"http:\/\/pboulon.club.fr\/america_upaep.html \" target=\"_blank\">Am\u00e9rica-UPAEP<\/a> <\/strong>.<\/p>\n<p><a href=\"https:\/\/www.afitecol.com\/wp-content\/uploads\/2009\/04\/upaepbrasil.jpg\"><img loading=\"lazy\" decoding=\"async\" class=\"alignnone size-medium wp-image-938\" style=\"border: 0pt none; margin: 5px;\" title=\"upaepbrasil\" src=\"https:\/\/www.afitecol.com\/wp-content\/uploads\/2009\/04\/upaepbrasil.jpg\" alt=\"\" width=\"150\" height=\"130\" \/><\/a><a href=\"https:\/\/www.afitecol.com\/wp-content\/uploads\/2009\/04\/upaepecuador.jpg\"><img loading=\"lazy\" decoding=\"async\" class=\"alignnone size-medium wp-image-939\" style=\"border: 0pt none; margin: 5px;\" title=\"upaepecuador\" src=\"https:\/\/www.afitecol.com\/wp-content\/uploads\/2009\/04\/upaepecuador.jpg\" alt=\"\" width=\"170\" height=\"152\" \/><\/a><a href=\"https:\/\/www.afitecol.com\/wp-content\/uploads\/2009\/04\/upaeuruguay.jpg\"><img loading=\"lazy\" decoding=\"async\" class=\"alignnone size-medium wp-image-940\" style=\"border: 0pt none; margin: 5px;\" title=\"upaeuruguay\" src=\"https:\/\/www.afitecol.com\/wp-content\/uploads\/2009\/04\/upaeuruguay-300x194.jpg\" alt=\"\" width=\"300\" height=\"194\" srcset=\"https:\/\/www.afitecol.com\/wp-content\/uploads\/2009\/04\/upaeuruguay-300x194.jpg 300w, https:\/\/www.afitecol.com\/wp-content\/uploads\/2009\/04\/upaeuruguay.jpg 872w\" sizes=\"(max-width: 300px) 85vw, 300px\" \/><\/a><\/p>\n<p><a href=\"https:\/\/www.afitecol.com\/wp-content\/uploads\/2009\/04\/upaepsurinamf.jpg\"><img loading=\"lazy\" decoding=\"async\" class=\"alignnone size-medium wp-image-941\" style=\"border: 0pt none; margin: 5px;\" title=\"upaepsurinamf\" src=\"https:\/\/www.afitecol.com\/wp-content\/uploads\/2009\/04\/upaepsurinamf-300x300.jpg\" alt=\"\" width=\"147\" height=\"147\" srcset=\"https:\/\/www.afitecol.com\/wp-content\/uploads\/2009\/04\/upaepsurinamf-300x300.jpg 300w, https:\/\/www.afitecol.com\/wp-content\/uploads\/2009\/04\/upaepsurinamf-150x150.jpg 150w, https:\/\/www.afitecol.com\/wp-content\/uploads\/2009\/04\/upaepsurinamf.jpg 396w\" sizes=\"(max-width: 147px) 85vw, 147px\" \/><\/a><a href=\"https:\/\/www.afitecol.com\/wp-content\/uploads\/2009\/04\/upaepsalvador.jpg\"><img loading=\"lazy\" decoding=\"async\" class=\"alignnone size-medium wp-image-942\" style=\"border: 0pt none; margin: 5px;\" title=\"upaepsalvador\" src=\"https:\/\/www.afitecol.com\/wp-content\/uploads\/2009\/04\/upaepsalvador.jpg\" alt=\"\" width=\"200\" height=\"88\" \/><\/a><a href=\"https:\/\/www.afitecol.com\/wp-content\/uploads\/2009\/04\/upaepguatemala.jpg\"><img loading=\"lazy\" decoding=\"async\" class=\"alignnone size-medium wp-image-943\" style=\"border: 0pt none; margin: 5px;\" title=\"upaepguatemala\" src=\"https:\/\/www.afitecol.com\/wp-content\/uploads\/2009\/04\/upaepguatemala-296x300.jpg\" alt=\"\" width=\"151\" height=\"155\" \/><\/a><\/p>\n<p><a href=\"https:\/\/www.afitecol.com\/wp-content\/uploads\/2009\/04\/upaepperu.jpg\"><img loading=\"lazy\" decoding=\"async\" class=\"alignnone size-medium wp-image-945\" style=\"border: 0pt none; margin: 5px;\" title=\"upaepperu\" src=\"https:\/\/www.afitecol.com\/wp-content\/uploads\/2009\/04\/upaepperu.jpg\" alt=\"\" width=\"195\" height=\"76\" \/><\/a><a href=\"https:\/\/www.afitecol.com\/wp-content\/uploads\/2009\/04\/upaephonduras.jpg\"><img loading=\"lazy\" decoding=\"async\" class=\"alignnone size-medium wp-image-949\" style=\"border: 0pt none; margin: 5px;\" title=\"upaephonduras\" src=\"https:\/\/www.afitecol.com\/wp-content\/uploads\/2009\/04\/upaephonduras.jpg\" alt=\"\" width=\"134\" height=\"115\" \/><\/a>Pero la \u00faltima palabra la tienen los especialistas, de los cuales esperamos respuesta.\u00a0 Damos por descontado, que los asesores filat\u00e9licos, en los respectivos pa\u00edses, son personas muy competentes como para no cometer un error, que privar\u00eda a los pa\u00edses de mostrarse en esos aspectos y a los filatelistas tem\u00e1ticos de privarlos de tener esos temas en sus colecciones.<\/p>\n<p>Esperamos que para este a\u00f1o 2009, el de los <strong>Juegos tradicionales<\/strong>, no mostremos en Colombia los juegos que atraen a las mayor\u00edas o a las multitudes.\u00a0 Desde ya mencionamos uno, que debe estar en la lista, es el caso del juego de la chaza que no deber\u00eda faltar.<\/p>\n","protected":false},"excerpt":{"rendered":"<p>A ra\u00edz de la emisi\u00f3n UPAEP 2008 en Colombia, y en los diferentes pa\u00edses miembros, nos llam\u00f3 la atenci\u00f3n al ver que las emisiones no coincid\u00edan en cuanto al tema propuesto por UPAEP para el a\u00f1o 2008. Cu\u00e1l habr\u00eda sido la idea principal de UPAEP\u00a0 para determinar el tema para el a\u00f1o 2008: las fiestas &hellip; <a href=\"https:\/\/www.afitecol.com\/?p=934\" class=\"more-link\">Continuar leyendo<span class=\"screen-reader-text\"> \u00abUPAEP 2008: fiestas nacionales patrias o tradicionales?\u00bb<\/span><\/a><\/p>\n","protected":false},"author":2,"featured_media":0,"comment_status":"open","ping_status":"closed","sticky":false,"template":"","format":"standard","meta":{"footnotes":""},"categories":[6],"tags":[],"class_list":["post-934","post","type-post","status-publish","format-standard","hentry","category-articulos"],"_links":{"self":[{"href":"https:\/\/www.afitecol.com\/index.php?rest_route=\/wp\/v2\/posts\/934"}],"collection":[{"href":"https:\/\/www.afitecol.com\/index.php?rest_route=\/wp\/v2\/posts"}],"about":[{"href":"https:\/\/www.afitecol.com\/index.php?rest_route=\/wp\/v2\/types\/post"}],"author":[{"embeddable":true,"href":"https:\/\/www.afitecol.com\/index.php?rest_route=\/wp\/v2\/users\/2"}],"replies":[{"embeddable":true,"href":"https:\/\/www.afitecol.com\/index.php?rest_route=%2Fwp%2Fv2%2Fcomments&post=934"}],"version-history":[{"count":17,"href":"https:\/\/www.afitecol.com\/index.php?rest_route=\/wp\/v2\/posts\/934\/revisions"}],"predecessor-version":[{"id":961,"href":"https:\/\/www.afitecol.com\/index.php?rest_route=\/wp\/v2\/posts\/934\/revisions\/961"}],"wp:attachment":[{"href":"https:\/\/www.afitecol.com\/index.php?rest_route=%2Fwp%2Fv2%2Fmedia&parent=934"}],"wp:term":[{"taxonomy":"category","embeddable":true,"href":"https:\/\/www.afitecol.com\/index.php?rest_route=%2Fwp%2Fv2%2Fcategories&post=934"},{"taxonomy":"post_tag","embeddable":true,"href":"https:\/\/www.afitecol.com\/index.php?rest_route=%2Fwp%2Fv2%2Ftags&post=934"}],"curies":[{"name":"wp","href":"https:\/\/api.w.org\/{rel}","templated":true}]}}