{"id":916,"date":"2009-04-03T06:27:48","date_gmt":"2009-04-03T04:27:48","guid":{"rendered":"http:\/\/www.afitecol.com\/?p=916"},"modified":"2018-04-13T22:41:22","modified_gmt":"2018-04-13T22:41:22","slug":"emision-50-aniversario-del-banco-interamericano-de-desarrollo-bid","status":"publish","type":"post","link":"https:\/\/www.afitecol.com\/?p=916","title":{"rendered":"Emisi\u00f3n postal: \u00ab50 Aniversario del Banco Interamericano de Desarrollo-BID\u00bb"},"content":{"rendered":"<p><a href=\"https:\/\/www.afitecol.com\/wp-content\/uploads\/2009\/04\/bidcaratula.jpg\"><img loading=\"lazy\" decoding=\"async\" class=\"alignleft size-medium wp-image-924\" style=\"border: 1px solid black; margin: 5px;\" title=\"bidcaratula\" src=\"https:\/\/www.afitecol.com\/wp-content\/uploads\/2009\/04\/bidcaratula-229x300.jpg\" alt=\"\" width=\"113\" height=\"149\" srcset=\"https:\/\/www.afitecol.com\/wp-content\/uploads\/2009\/04\/bidcaratula-229x300.jpg 229w, https:\/\/www.afitecol.com\/wp-content\/uploads\/2009\/04\/bidcaratula.jpg 393w\" sizes=\"(max-width: 113px) 85vw, 113px\" \/><\/a><strong>Aniversario del Banco Interamericano de Desarrollo<\/strong><\/p>\n<p>Para conmemorar los 50 a\u00f1os de vida del Banco Interamericano de Desarrollo el Ministerio de Comunicaciones de Colombia, a trav\u00e9s de Servicios Postales Nacionales realiz\u00f3 una emisi\u00f3n especial.<\/p>\n<p>El Banco Interamericano de Desarrollo, que vio la luz en 1959, es conocido con la sigla <a href=\"http:\/\/www.iadb.org\/\" target=\"_blank\"><strong>BID<\/strong><\/a> . El BID es un organismo multilateral, compuesto por 48 pa\u00edses, de los cuales 26 son de Am\u00e9rica Latina y el Caribe; los restantes, 22 pa\u00edses son los que aportan los recursos, entre otros se encuentran Jap\u00f3n, Estados Unidos, Canad\u00e1, Alemania, B\u00e9lgica, Espa\u00f1a, Francia, Suecia, Noruega y en este a\u00f1o lo har\u00e1 China. En la actualidad el BID tiene como su presidente a un colombiano, Luis Alberto Moreno.<\/p>\n<p>El BID es la principal fuente de financiamiento para el desarrollo econ\u00f3mico, social e institucional sostenible de Am\u00e9rica Latina y el Caribe.<\/p>\n<p>El BID tuvo su quincuag\u00e9sima Asamblea anual en la ciudad de Medell\u00edn, Colombia, entre el 27 y el 31 de marzo de 2009. El objetivo de la Asamblea fue el de tomar decisiones sobre cr\u00e9ditos y operaciones de asesor\u00eda en los distintos pa\u00edses. Colombia ya hab\u00eda sido sede de una reuni\u00f3n similar en Cartagena de Indias, en 1998.<\/p>\n<p>Con la presencia de m\u00e1s de 5000 asistentes entre gobernadores ante el BID, esto es los Ministros de Hacienda, los equipos econ\u00f3micos de los 48 pa\u00edses miembros, representantes de la prensa nacional\u00a0 e\u00a0 internacional y l\u00f3gicamente los visitantes, convirtieron a esta reuni\u00f3n como la Cumbre Econ\u00f3mica m\u00e1s importante para Am\u00e9rica Latina.<\/p>\n<p><strong>La emisi\u00f3n<\/strong>: La emisi\u00f3n 50 Aniversario del Banco Interamericano de Desarrollo \u2013 BID, fue aprobada por la Presidencia de Servicios Postales Nacionales de Colombia, mediante Resoluci\u00f3n N\u00ba 011 del 27 de Marzo de 2009.\u00a0 Consta de 120.000 unidades y un motivo.<\/p>\n<p><a href=\"https:\/\/www.afitecol.com\/wp-content\/uploads\/2009\/04\/bidpliego1.jpg\"><img loading=\"lazy\" decoding=\"async\" class=\"alignleft size-medium wp-image-926\" style=\"border: 0pt none; margin: 5px;\" title=\"bidpliego1\" src=\"https:\/\/www.afitecol.com\/wp-content\/uploads\/2009\/04\/bidpliego1-212x300.jpg\" alt=\"\" width=\"113\" height=\"161\" \/><\/a>El <strong>pliego especial<\/strong>: el pliego consta de 12 estampillas<\/p>\n<p>La <strong>estampilla<\/strong>: la estampilla con un tama\u00f1o de 40 x 30 mm, tiene un valor facial de $ 3.700 y como motivo la conmemoraci\u00f3n de los 50 a\u00f1os del BID. El dise\u00f1o y la diagr<a href=\"https:\/\/www.afitecol.com\/wp-content\/uploads\/2009\/04\/bidestamp.jpg\"><img loading=\"lazy\" decoding=\"async\" class=\"alignright size-medium wp-image-927\" style=\"border: 0pt none; margin: 5px;\" title=\"bidestamp\" src=\"https:\/\/www.afitecol.com\/wp-content\/uploads\/2009\/04\/bidestamp.jpg\" alt=\"\" width=\"88\" height=\"68\" \/><\/a>amaci\u00f3n estuvo a cargo de Miguel Nova.<\/p>\n<p><a href=\"https:\/\/www.afitecol.com\/wp-content\/uploads\/2009\/04\/bidsobre10.jpg\"><img loading=\"lazy\" decoding=\"async\" class=\"alignleft size-medium wp-image-928\" style=\"border: 1px solid black; margin: 5px;\" title=\"bidsobre10\" src=\"https:\/\/www.afitecol.com\/wp-content\/uploads\/2009\/04\/bidsobre10-300x160.jpg\" alt=\"\" width=\"140\" height=\"72\" \/><\/a>El <strong>sobre de Primer D\u00eda<\/strong>.\u00a0 Se imprimieron 900 sobres numerados de Primer D\u00eda de Servicio, el cual fue el 29 de Marzo de 2009.<\/p>\n","protected":false},"excerpt":{"rendered":"<p>Aniversario del Banco Interamericano de Desarrollo Para conmemorar los 50 a\u00f1os de vida del Banco Interamericano de Desarrollo el Ministerio de Comunicaciones de Colombia, a trav\u00e9s de Servicios Postales Nacionales realiz\u00f3 una emisi\u00f3n especial. El Banco Interamericano de Desarrollo, que vio la luz en 1959, es conocido con la sigla BID . El BID es &hellip; <a href=\"https:\/\/www.afitecol.com\/?p=916\" class=\"more-link\">Continuar leyendo<span class=\"screen-reader-text\"> \u00abEmisi\u00f3n postal: \u00ab50 Aniversario del Banco Interamericano de Desarrollo-BID\u00bb\u00bb<\/span><\/a><\/p>\n","protected":false},"author":2,"featured_media":0,"comment_status":"open","ping_status":"closed","sticky":false,"template":"","format":"standard","meta":{"footnotes":""},"categories":[5],"tags":[],"class_list":["post-916","post","type-post","status-publish","format-standard","hentry","category-emisiones"],"_links":{"self":[{"href":"https:\/\/www.afitecol.com\/index.php?rest_route=\/wp\/v2\/posts\/916"}],"collection":[{"href":"https:\/\/www.afitecol.com\/index.php?rest_route=\/wp\/v2\/posts"}],"about":[{"href":"https:\/\/www.afitecol.com\/index.php?rest_route=\/wp\/v2\/types\/post"}],"author":[{"embeddable":true,"href":"https:\/\/www.afitecol.com\/index.php?rest_route=\/wp\/v2\/users\/2"}],"replies":[{"embeddable":true,"href":"https:\/\/www.afitecol.com\/index.php?rest_route=%2Fwp%2Fv2%2Fcomments&post=916"}],"version-history":[{"count":18,"href":"https:\/\/www.afitecol.com\/index.php?rest_route=\/wp\/v2\/posts\/916\/revisions"}],"predecessor-version":[{"id":1806,"href":"https:\/\/www.afitecol.com\/index.php?rest_route=\/wp\/v2\/posts\/916\/revisions\/1806"}],"wp:attachment":[{"href":"https:\/\/www.afitecol.com\/index.php?rest_route=%2Fwp%2Fv2%2Fmedia&parent=916"}],"wp:term":[{"taxonomy":"category","embeddable":true,"href":"https:\/\/www.afitecol.com\/index.php?rest_route=%2Fwp%2Fv2%2Fcategories&post=916"},{"taxonomy":"post_tag","embeddable":true,"href":"https:\/\/www.afitecol.com\/index.php?rest_route=%2Fwp%2Fv2%2Ftags&post=916"}],"curies":[{"name":"wp","href":"https:\/\/api.w.org\/{rel}","templated":true}]}}