{"id":898,"date":"2009-03-27T12:05:58","date_gmt":"2009-03-27T10:05:58","guid":{"rendered":"http:\/\/www.afitecol.com\/?p=898"},"modified":"2010-02-23T00:47:03","modified_gmt":"2010-02-22T22:47:03","slug":"marca-postal-vi-cumbre-scout-interamericana","status":"publish","type":"post","link":"https:\/\/www.afitecol.com\/?p=898","title":{"rendered":"Marca Postal: \u00abVI Cumbre Scout Interamericana\u00bb"},"content":{"rendered":"<p><a href=\"https:\/\/www.afitecol.com\/wp-content\/uploads\/2009\/03\/marcascout1.jpg\"><img loading=\"lazy\" decoding=\"async\" class=\"alignleft size-medium wp-image-900\" style=\"border: 0pt none; margin: 5px;\" title=\"marcascout1\" src=\"https:\/\/www.afitecol.com\/wp-content\/uploads\/2009\/03\/marcascout1-234x300.jpg\" alt=\"\" width=\"140\" height=\"180\" srcset=\"https:\/\/www.afitecol.com\/wp-content\/uploads\/2009\/03\/marcascout1-234x300.jpg 234w, https:\/\/www.afitecol.com\/wp-content\/uploads\/2009\/03\/marcascout1.jpg 1686w\" sizes=\"(max-width: 140px) 85vw, 140px\" \/><\/a>Para conmemorar la <strong>VI Cumbre Interamericana de los Scouts<\/strong> y para reconocer la gran labor que desempe\u00f1an y han desempe\u00f1ado los scouts a nivel mundial, el Ministerio de Comunicaciones de Colombia, a trav\u00e9s de Servicios Postales Nacionales, autoriz\u00f3 una <a href=\"https:\/\/www.afitecol.com\/?p=551\" target=\"_blank\"><strong>Marca Postal<\/strong><\/a> .<\/p>\n<p>El movimiento scout naci\u00f3 como una manera de combatir la delincuencia en la Inglaterra de principios del siglo pasado. El fundador fue el Coronel Robert Stephenson Smyth Baden-Powell, a quien se conoce como Lord Baden-Powell, I bar\u00f3n de Gilwell, despu\u00e9s de recibir el t\u00edtulo de Caballero.<\/p>\n<p>El Movimiento scout, presente en 160 pa\u00edses y territorios, con aproximadamente 28 millones de miembros en todo el mundo, busca el desarrollo f\u00edsico, espiritual y mental de los j\u00f3venes para que puedan constituirse en \u00abbuenos ciudadanos\u00bb, con \u00e9nfasis en las actividades l\u00fadicas con objetivos educativos, actividades al aire libre y en el servicio comunitario, con el objeto de formar el car\u00e1cter y ense\u00f1ar de forma practica valores humanos.<\/p>\n<p>En 1907 se realiz\u00f3 el primer Campamento Experimental en la isla de Brownsea, Bah\u00eda de Poole, Dorset, en la costa sur de Inglaterra, con la participaci\u00f3n de 20 muchachos, hijos de conocidos militares y de simples obreros de Londres. Como consecuencia del \u00e9xito del nuevo sistema, Baden-Powell escribi\u00f3 un libro donde recopilaba experiencias y an\u00e9cdotas relacionadas a esta pr\u00e1ctica, llamado Escultismo para muchachos.<\/p>\n<p>La VI Cumbre Interamericana de los Scouts tuvo lugar en Cartagena de Indias, Colombia entre el 27 y 28 de Febrero de 2009, siendo los anfitriones los miembros de la<strong> <a href=\"http:\/\/www.scoutsdecolombia.org\/\" target=\"_blank\">Asociaci\u00f3n Scouts de Colombia.<\/a><br \/>\n<\/strong><\/p>\n<p><a href=\"https:\/\/www.afitecol.com\/wp-content\/uploads\/2009\/03\/marcascout2.jpg\"><img loading=\"lazy\" decoding=\"async\" class=\"alignleft size-medium wp-image-902\" style=\"border: 0pt none; margin: 5px;\" title=\"marcascout2\" src=\"https:\/\/www.afitecol.com\/wp-content\/uploads\/2009\/03\/marcascout2-235x300.jpg\" alt=\"\" width=\"140\" height=\"180\" srcset=\"https:\/\/www.afitecol.com\/wp-content\/uploads\/2009\/03\/marcascout2-235x300.jpg 235w, https:\/\/www.afitecol.com\/wp-content\/uploads\/2009\/03\/marcascout2.jpg 1686w\" sizes=\"(max-width: 140px) 85vw, 140px\" \/><\/a>En la Cumbre se reunieron los Miembros del Comit\u00e9 Scout Interamericano, los Presidentes, los Jefes Scouts nacionales, Directivos Ejecutivos y Comisionados Internacionales de todas las organizaciones scouts de los 34 pa\u00edses que hacen parte del mismo.<\/p>\n<p><a href=\"https:\/\/www.afitecol.com\/wp-content\/uploads\/2009\/03\/marcascoutsobre.jpg\"><img loading=\"lazy\" decoding=\"async\" class=\"alignleft size-medium wp-image-903\" style=\"border: 1px solid black; margin: 5px;\" title=\"marcascoutsobre\" src=\"https:\/\/www.afitecol.com\/wp-content\/uploads\/2009\/03\/marcascoutsobre-300x153.jpg\" alt=\"\" width=\"180\" height=\"92\" srcset=\"https:\/\/www.afitecol.com\/wp-content\/uploads\/2009\/03\/marcascoutsobre-300x153.jpg 300w, https:\/\/www.afitecol.com\/wp-content\/uploads\/2009\/03\/marcascoutsobre.jpg 1332w\" sizes=\"(max-width: 180px) 85vw, 180px\" \/><\/a><strong>La marca postal<\/strong>: la Marca Postal fue autorizada por la Presidencia de Servicios Postales Nacionales mediante Resoluci\u00f3n N\u00ba 006 del 27 de Febrero de 2009.\u00a0 La marca postal est\u00e1 estampada sobre un sobre especial relativo al evento la VI Cumbre Scout Interamericana, y la estampilla es de la serie UPAEP Fiestas Nacionales, la correspondiente a la Independencia Nacional.\u00a0 Que bueno hubiera sido hacer coincidir la estampilla de la Independencia de Cartagena en lugar de la Independencia Nacional, simplemente por el sitio donde se realiz\u00f3 el evento.<\/p>\n<p><strong>Afitecol<\/strong> les desea muchos \u00e9xitos a los Scouts de Colombia, y del mundo en general, y los invita a que se unan al acto simb\u00f3lico que se desarrollar\u00e1 en todo el mundo, el d\u00eda 28 de marzo de 2008, aprovechando la invitaci\u00f3n que hemos recibido desde Argentina de un amigo de Afitecol, el\u00a0 Profesor Jorge Casalia del Grupo Podium.<\/p>\n<p><strong>28 millones de Scouts del mundo se movilizar\u00e1n el 28 de marzo por \u00abla hora del planeta\u00bb<\/strong><\/p>\n<p>A las 8:30 pm del 28 de marzo de 2009, pueblos y ciudades de todo el mundo apagar\u00e1n sus luces por una hora y enviar\u00e1n un poderoso mensaje al mundo, de que es posible actuar contra el calentamiento global. Existen muchas formas en que los Scouts pueden apoyar la Hora de la Tierra en 2009, ya sea apagando las luces en los edificios o distribuyendo el mensaje de la Hora de la Tierra de reducir las emisiones a todos en la comunidad. Una carta oficial de parte de la Organizaci\u00f3n Mundial del Movimiento Scout y del Fondo Mundial del Medio ambiente est\u00e1 disponible para descargar en el sitio en internet, dicha carta tiene como objetivo motivar a los y las Scouts a formar parte de la Hora de la Tierra \u00ab<a href=\"http:\/\/www.earthhour.org\" target=\"_blank\"><strong>Earth Hour<\/strong><\/a>\u00ab.<\/p>\n","protected":false},"excerpt":{"rendered":"<p>Para conmemorar la VI Cumbre Interamericana de los Scouts y para reconocer la gran labor que desempe\u00f1an y han desempe\u00f1ado los scouts a nivel mundial, el Ministerio de Comunicaciones de Colombia, a trav\u00e9s de Servicios Postales Nacionales, autoriz\u00f3 una Marca Postal . El movimiento scout naci\u00f3 como una manera de combatir la delincuencia en la &hellip; <a href=\"https:\/\/www.afitecol.com\/?p=898\" class=\"more-link\">Continuar leyendo<span class=\"screen-reader-text\"> \u00abMarca Postal: \u00abVI Cumbre Scout Interamericana\u00bb\u00bb<\/span><\/a><\/p>\n","protected":false},"author":2,"featured_media":0,"comment_status":"open","ping_status":"closed","sticky":false,"template":"","format":"standard","meta":{"footnotes":""},"categories":[13],"tags":[],"class_list":["post-898","post","type-post","status-publish","format-standard","hentry","category-marcas"],"_links":{"self":[{"href":"https:\/\/www.afitecol.com\/index.php?rest_route=\/wp\/v2\/posts\/898"}],"collection":[{"href":"https:\/\/www.afitecol.com\/index.php?rest_route=\/wp\/v2\/posts"}],"about":[{"href":"https:\/\/www.afitecol.com\/index.php?rest_route=\/wp\/v2\/types\/post"}],"author":[{"embeddable":true,"href":"https:\/\/www.afitecol.com\/index.php?rest_route=\/wp\/v2\/users\/2"}],"replies":[{"embeddable":true,"href":"https:\/\/www.afitecol.com\/index.php?rest_route=%2Fwp%2Fv2%2Fcomments&post=898"}],"version-history":[{"count":19,"href":"https:\/\/www.afitecol.com\/index.php?rest_route=\/wp\/v2\/posts\/898\/revisions"}],"predecessor-version":[{"id":914,"href":"https:\/\/www.afitecol.com\/index.php?rest_route=\/wp\/v2\/posts\/898\/revisions\/914"}],"wp:attachment":[{"href":"https:\/\/www.afitecol.com\/index.php?rest_route=%2Fwp%2Fv2%2Fmedia&parent=898"}],"wp:term":[{"taxonomy":"category","embeddable":true,"href":"https:\/\/www.afitecol.com\/index.php?rest_route=%2Fwp%2Fv2%2Fcategories&post=898"},{"taxonomy":"post_tag","embeddable":true,"href":"https:\/\/www.afitecol.com\/index.php?rest_route=%2Fwp%2Fv2%2Ftags&post=898"}],"curies":[{"name":"wp","href":"https:\/\/api.w.org\/{rel}","templated":true}]}}