{"id":8846,"date":"2015-04-07T15:21:06","date_gmt":"2015-04-07T15:21:06","guid":{"rendered":"http:\/\/www.afitecol.com\/?p=8846"},"modified":"2015-04-13T13:15:20","modified_gmt":"2015-04-13T13:15:20","slug":"la-filatelia-no-se-ha-acabado-1","status":"publish","type":"post","link":"https:\/\/www.afitecol.com\/?p=8846","title":{"rendered":"La Filatelia no se ha acabado (I)"},"content":{"rendered":"<p>Ante la continua afirmaci\u00f3n de varios filatelistas de que la Filatelia pr\u00e1cticamente se acab\u00f3, porque por ejemplo en Colombia hasta este momento (7 de Abril de 2015) no se ha realizado ninguna emisi\u00f3n postal, y no se tiene ninguna informaci\u00f3n de que esto ocurra en los pr\u00f3ximos d\u00edas, queremos mostrarles a los filatelistas amigos de <strong>AFITECOL<\/strong>, principalmente a los j\u00f3venes filatelistas, que las emisiones postales si se siguen realizando.<\/p>\n<p>Para ejemplarizar esta afirmaci\u00f3n hemos escogido a tres pa\u00edses en Am\u00e9rica: Brasil, M\u00e9xico y Canad\u00e1.<\/p>\n<p><strong>Emisiones postales 2015<\/strong><\/p>\n<p><strong>Brasil<\/strong><\/p>\n<p><a href=\"https:\/\/www.afitecol.com\/wp-content\/uploads\/2015\/04\/Brasil1.png\" target=\"_blank\"><img loading=\"lazy\" decoding=\"async\" class=\"alignnone size-full wp-image-8848\" style=\"border: 0px; margin: 5px;\" title=\"Brasil1\" src=\"https:\/\/www.afitecol.com\/wp-content\/uploads\/2015\/04\/Brasil1.png\" alt=\"Brasil1\" width=\"65\" height=\"28\" srcset=\"https:\/\/www.afitecol.com\/wp-content\/uploads\/2015\/04\/Brasil1.png 302w, https:\/\/www.afitecol.com\/wp-content\/uploads\/2015\/04\/Brasil1-300x131.png 300w\" sizes=\"(max-width: 65px) 85vw, 65px\" \/><\/a>Emisi\u00f3n: <strong>\u201cHabilidades Mundiales 2015 &#8211; San Paulo, Brasil\u201d<\/strong>.  Fecha emisi\u00f3n: 5 de febrero de 2015.<\/p>\n<p><a href=\"https:\/\/www.afitecol.com\/wp-content\/uploads\/2015\/04\/Brasil2.png\" target=\"_blank\"><img loading=\"lazy\" decoding=\"async\" class=\"alignnone size-full wp-image-8849\" style=\"border: 0px; margin: 5px;\" title=\"Brasil2\" src=\"https:\/\/www.afitecol.com\/wp-content\/uploads\/2015\/04\/Brasil2.png\" alt=\"Brasil2\" width=\"73\" height=\"73\" srcset=\"https:\/\/www.afitecol.com\/wp-content\/uploads\/2015\/04\/Brasil2.png 337w, https:\/\/www.afitecol.com\/wp-content\/uploads\/2015\/04\/Brasil2-150x150.png 150w, https:\/\/www.afitecol.com\/wp-content\/uploads\/2015\/04\/Brasil2-300x300.png 300w\" sizes=\"(max-width: 73px) 85vw, 73px\" \/><\/a>Emisi\u00f3n: <strong>\u201c40 Aniversario de la ciudad de Rio de Janeiro\u201d<\/strong>.  Fecha de emisi\u00f3n: 1 de marzo de 2015.<\/p>\n<p><a href=\"https:\/\/www.afitecol.com\/wp-content\/uploads\/2015\/04\/Brasil3.png\" target=\"_blank\"><img loading=\"lazy\" decoding=\"async\" class=\"alignnone size-full wp-image-8851\" style=\"border: 0px; margin: 5px;\" title=\"Brasil3\" src=\"https:\/\/www.afitecol.com\/wp-content\/uploads\/2015\/04\/Brasil3.png\" alt=\"Brasil3\" width=\"71\" height=\"37\" srcset=\"https:\/\/www.afitecol.com\/wp-content\/uploads\/2015\/04\/Brasil3.png 331w, https:\/\/www.afitecol.com\/wp-content\/uploads\/2015\/04\/Brasil3-300x155.png 300w\" sizes=\"(max-width: 71px) 85vw, 71px\" \/><\/a>Emisi\u00f3n: <strong>\u201cTercera Conferencia Mundial de las Naciones Unidas sobre la reducci\u00f3n de desastres &#8211; Sendai, Jap\u00f3n\u201d<\/strong>.  Fecha de emisi\u00f3n: 14 de marzo de 2015.<\/p>\n<p><a href=\"https:\/\/www.afitecol.com\/wp-content\/uploads\/2015\/04\/Brasil4.png\" target=\"_blank\"><img loading=\"lazy\" decoding=\"async\" class=\"alignnone size-full wp-image-8852\" style=\"border: 0px; margin: 5px;\" title=\"Brasil4\" src=\"https:\/\/www.afitecol.com\/wp-content\/uploads\/2015\/04\/Brasil4.png\" alt=\"Brasil4\" width=\"89\" height=\"131\" srcset=\"https:\/\/www.afitecol.com\/wp-content\/uploads\/2015\/04\/Brasil4.png 415w, https:\/\/www.afitecol.com\/wp-content\/uploads\/2015\/04\/Brasil4-204x300.png 204w\" sizes=\"(max-width: 89px) 85vw, 89px\" \/><\/a>Emisi\u00f3n: <strong>\u201cJuegos Ol\u00edmpicos &#8211; R\u00edo de Janeiro 2016\u201d<\/strong>.  Fecha de emisi\u00f3n: 24 de marzo de 2015<\/p>\n<p><strong>M\u00e9xico<\/strong><\/p>\n<p><a href=\"https:\/\/www.afitecol.com\/wp-content\/uploads\/2015\/04\/Mexico1.png\" target=\"_blank\"><img loading=\"lazy\" decoding=\"async\" class=\"alignnone size-full wp-image-8855\" style=\"border: 0px; margin: 5px;\" title=\"Mexico1\" src=\"https:\/\/www.afitecol.com\/wp-content\/uploads\/2015\/04\/Mexico1.png\" alt=\"Mexico1\" width=\"46\" height=\"44\" \/><\/a>Emisi\u00f3n: <strong>\u201cD\u00eda del Amor y la Amistad\u201d<\/strong>.  Fecha de emisi\u00f3n: 30 de enero de 2015.<\/p>\n<p><a href=\"https:\/\/www.afitecol.com\/wp-content\/uploads\/2015\/04\/Mexico2.png\" target=\"_blank\"><img loading=\"lazy\" decoding=\"async\" class=\"alignnone size-full wp-image-8856\" style=\"border: 0px; margin: 5px;\" title=\"Mexico2\" src=\"https:\/\/www.afitecol.com\/wp-content\/uploads\/2015\/04\/Mexico2.png\" alt=\"Mexico2\" width=\"45\" height=\"53\" \/><\/a>Emisi\u00f3n: <strong>\u201cPalacio Postal\u201d<\/strong>.  Fecha de emisi\u00f3n: 17 de febrero de 2015.<\/p>\n<p><a href=\"https:\/\/www.afitecol.com\/wp-content\/uploads\/2015\/04\/Mexico3.png\" target=\"_blank\"><img loading=\"lazy\" decoding=\"async\" class=\"alignnone size-full wp-image-8857\" style=\"border: 0px; margin: 5px;\" title=\"Mexico3\" src=\"https:\/\/www.afitecol.com\/wp-content\/uploads\/2015\/04\/Mexico3.png\" alt=\"Mexico3\" width=\"45\" height=\"28\" \/><\/a>Emisi\u00f3n: <strong>\u00ab200 Aniversario del Palacio del Supremo Tribunal de Justicia de la Naci\u00f3n\u201d<\/strong>. Fecha de emisi\u00f3n: 7 de marzo de 2015.<\/p>\n<p><a href=\"https:\/\/www.afitecol.com\/wp-content\/uploads\/2015\/04\/Mexico4.png\" target=\"_blank\"><img loading=\"lazy\" decoding=\"async\" class=\"alignnone size-full wp-image-8858\" style=\"border: 0px; margin: 5px;\" title=\"Mexico4\" src=\"https:\/\/www.afitecol.com\/wp-content\/uploads\/2015\/04\/Mexico4.png\" alt=\"Mexico4\" width=\"45\" height=\"26\" \/><\/a>Emisi\u00f3n: <strong>\u201c80 Aniversario de la Primera Convenci\u00f3n Nacional sobre Ganader\u00eda\u201d<\/strong>.\u00a0Fecha emisi\u00f3n: 30 de marzo de 2015.<\/p>\n<p><strong>Canad\u00e1<\/strong><\/p>\n<p><a href=\"https:\/\/www.afitecol.com\/wp-content\/uploads\/2015\/04\/Canada1.png\" target=\"_blank\"><img loading=\"lazy\" decoding=\"async\" class=\"alignnone size-full wp-image-8861\" style=\"border: 0px; margin: 5px;\" title=\"Canada1\" src=\"https:\/\/www.afitecol.com\/wp-content\/uploads\/2015\/04\/Canada1.png\" alt=\"Canada1\" width=\"36\" height=\"35\" srcset=\"https:\/\/www.afitecol.com\/wp-content\/uploads\/2015\/04\/Canada1.png 166w, https:\/\/www.afitecol.com\/wp-content\/uploads\/2015\/04\/Canada1-150x150.png 150w\" sizes=\"(max-width: 36px) 85vw, 36px\" \/><\/a> <a href=\"https:\/\/www.afitecol.com\/wp-content\/uploads\/2015\/04\/Canada2.png\" target=\"_blank\"><img loading=\"lazy\" decoding=\"async\" class=\"alignnone size-full wp-image-8862\" style=\"border: 0px; margin: 5px;\" title=\"Canada2\" src=\"https:\/\/www.afitecol.com\/wp-content\/uploads\/2015\/04\/Canada2.png\" alt=\"Canada2\" width=\"71\" height=\"54\" srcset=\"https:\/\/www.afitecol.com\/wp-content\/uploads\/2015\/04\/Canada2.png 546w, https:\/\/www.afitecol.com\/wp-content\/uploads\/2015\/04\/Canada2-300x228.png 300w\" sizes=\"(max-width: 71px) 85vw, 71px\" \/><\/a>Emisi\u00f3n: <strong>\u201cA\u00f1o nuevo chino &#8211; A\u00f1o del Carnero\u201d<\/strong>.  Fecha emisi\u00f3n: 8 de enero de 2015.<\/p>\n<p><a href=\"https:\/\/www.afitecol.com\/wp-content\/uploads\/2015\/04\/Canada3.png\"><img loading=\"lazy\" decoding=\"async\" class=\"alignnone size-full wp-image-8863\" style=\"border: 0px; margin: 5px;\" title=\"Canada3\" src=\"https:\/\/www.afitecol.com\/wp-content\/uploads\/2015\/04\/Canada3.png\" alt=\"Canada3\" width=\"37\" height=\"44\" \/><\/a>Emisi\u00f3n: <strong>\u201c200 Aniversario del Nacimiento de Sir John A. Macdonald, 1815-1891\u201d<\/strong>. Fecha de emisi\u00f3n: 11 de enero de 2015.<\/p>\n<p><a href=\"https:\/\/www.afitecol.com\/wp-content\/uploads\/2015\/04\/Canad\u00e14.png\" target=\"_blank\"><img loading=\"lazy\" decoding=\"async\" class=\"alignnone size-full wp-image-8865\" style=\"border: 0px; margin: 5px;\" title=\"Canad\u00e14\" src=\"https:\/\/www.afitecol.com\/wp-content\/uploads\/2015\/04\/Canad\u00e14.png\" alt=\"Canad\u00e14\" width=\"36\" height=\"36\" srcset=\"https:\/\/www.afitecol.com\/wp-content\/uploads\/2015\/04\/Canad\u00e14.png 167w, https:\/\/www.afitecol.com\/wp-content\/uploads\/2015\/04\/Canad\u00e14-150x150.png 150w\" sizes=\"(max-width: 36px) 85vw, 36px\" \/><\/a> <a href=\"https:\/\/www.afitecol.com\/wp-content\/uploads\/2015\/04\/Canad\u00e15.png\" target=\"_blank\"><img loading=\"lazy\" decoding=\"async\" class=\"alignnone size-full wp-image-8866\" style=\"border: 0px; margin: 5px;\" title=\"Canad\u00e15\" src=\"https:\/\/www.afitecol.com\/wp-content\/uploads\/2015\/04\/Canad\u00e15.png\" alt=\"Canad\u00e15\" width=\"71\" height=\"50\" srcset=\"https:\/\/www.afitecol.com\/wp-content\/uploads\/2015\/04\/Canad\u00e15.png 553w, https:\/\/www.afitecol.com\/wp-content\/uploads\/2015\/04\/Canad\u00e15-300x208.png 300w\" sizes=\"(max-width: 71px) 85vw, 71px\" \/><\/a>Emisi\u00f3n: <strong>\u201cHistoria Negra &#8211; Nelson Mandela, 1918-2013\u201d<\/strong>.  Fecha emisi\u00f3n: 30 de enero de 2015.<\/p>\n<p><a href=\"https:\/\/www.afitecol.com\/wp-content\/uploads\/2015\/04\/Canad\u00e16.png\" target=\"_blank\"><img loading=\"lazy\" decoding=\"async\" class=\"alignnone size-full wp-image-8867\" style=\"border: 0px; margin: 5px;\" title=\"Canad\u00e16\" src=\"https:\/\/www.afitecol.com\/wp-content\/uploads\/2015\/04\/Canad\u00e16.png\" alt=\"Canad\u00e16\" width=\"44\" height=\"35\" \/><\/a> <a href=\"https:\/\/www.afitecol.com\/wp-content\/uploads\/2015\/04\/Canad\u00e17.png\" target=\"_blank\"><img loading=\"lazy\" decoding=\"async\" class=\"alignnone size-full wp-image-8868\" title=\"Canad\u00e17\" src=\"https:\/\/www.afitecol.com\/wp-content\/uploads\/2015\/04\/Canad\u00e17.png\" alt=\"Canad\u00e17\" width=\"85\" height=\"55\" srcset=\"https:\/\/www.afitecol.com\/wp-content\/uploads\/2015\/04\/Canad\u00e17.png 653w, https:\/\/www.afitecol.com\/wp-content\/uploads\/2015\/04\/Canad\u00e17-300x193.png 300w\" sizes=\"(max-width: 85px) 85vw, 85px\" \/><\/a>Emisi\u00f3n: <strong>\u201c50 Aniversario de la Bandera canadiense\u201d<\/strong>.  Fecha emisi\u00f3n: 15 de febrero de 2015.<\/p>\n<p><a href=\"https:\/\/www.afitecol.com\/wp-content\/uploads\/2015\/04\/Canad\u00e18.png\" target=\"_blank\"><img loading=\"lazy\" decoding=\"async\" class=\"alignnone size-full wp-image-8869\" style=\"border: 0px; margin: 5px;\" title=\"Canad\u00e18\" src=\"https:\/\/www.afitecol.com\/wp-content\/uploads\/2015\/04\/Canad\u00e18.png\" alt=\"Canad\u00e18\" width=\"65\" height=\"27\" srcset=\"https:\/\/www.afitecol.com\/wp-content\/uploads\/2015\/04\/Canad\u00e18.png 301w, https:\/\/www.afitecol.com\/wp-content\/uploads\/2015\/04\/Canad\u00e18-300x124.png 300w\" sizes=\"(max-width: 65px) 85vw, 65px\" \/><\/a> <a href=\"https:\/\/www.afitecol.com\/wp-content\/uploads\/2015\/04\/Canada9.png\" target=\"_blank\"><img loading=\"lazy\" decoding=\"async\" class=\"alignnone size-full wp-image-8870\" style=\"border: 0px; margin: 5px;\" title=\"Canada9\" src=\"https:\/\/www.afitecol.com\/wp-content\/uploads\/2015\/04\/Canada9.png\" alt=\"Canada9\" width=\"65\" height=\"46\" srcset=\"https:\/\/www.afitecol.com\/wp-content\/uploads\/2015\/04\/Canada9.png 507w, https:\/\/www.afitecol.com\/wp-content\/uploads\/2015\/04\/Canada9-300x211.png 300w\" sizes=\"(max-width: 65px) 85vw, 65px\" \/><\/a>Emisi\u00f3n: <strong>\u201cFlores \u2013 Pensamientos\u201d<\/strong>.  Fecha emisi\u00f3n: 2 de marzo de 2015.<\/p>\n","protected":false},"excerpt":{"rendered":"<p>Ante la continua afirmaci\u00f3n de varios filatelistas de que la Filatelia pr\u00e1cticamente se acab\u00f3, porque por ejemplo en Colombia hasta este momento (7 de Abril de 2015) no se ha realizado ninguna emisi\u00f3n postal, y no se tiene ninguna informaci\u00f3n de que esto ocurra en los pr\u00f3ximos d\u00edas, queremos mostrarles a los filatelistas amigos de &hellip; <a href=\"https:\/\/www.afitecol.com\/?p=8846\" class=\"more-link\">Continuar leyendo<span class=\"screen-reader-text\"> \u00abLa Filatelia no se ha acabado (I)\u00bb<\/span><\/a><\/p>\n","protected":false},"author":2,"featured_media":0,"comment_status":"open","ping_status":"closed","sticky":false,"template":"","format":"standard","meta":{"footnotes":""},"categories":[10],"tags":[],"class_list":["post-8846","post","type-post","status-publish","format-standard","hentry","category-extranjeras"],"_links":{"self":[{"href":"https:\/\/www.afitecol.com\/index.php?rest_route=\/wp\/v2\/posts\/8846"}],"collection":[{"href":"https:\/\/www.afitecol.com\/index.php?rest_route=\/wp\/v2\/posts"}],"about":[{"href":"https:\/\/www.afitecol.com\/index.php?rest_route=\/wp\/v2\/types\/post"}],"author":[{"embeddable":true,"href":"https:\/\/www.afitecol.com\/index.php?rest_route=\/wp\/v2\/users\/2"}],"replies":[{"embeddable":true,"href":"https:\/\/www.afitecol.com\/index.php?rest_route=%2Fwp%2Fv2%2Fcomments&post=8846"}],"version-history":[{"count":12,"href":"https:\/\/www.afitecol.com\/index.php?rest_route=\/wp\/v2\/posts\/8846\/revisions"}],"predecessor-version":[{"id":8912,"href":"https:\/\/www.afitecol.com\/index.php?rest_route=\/wp\/v2\/posts\/8846\/revisions\/8912"}],"wp:attachment":[{"href":"https:\/\/www.afitecol.com\/index.php?rest_route=%2Fwp%2Fv2%2Fmedia&parent=8846"}],"wp:term":[{"taxonomy":"category","embeddable":true,"href":"https:\/\/www.afitecol.com\/index.php?rest_route=%2Fwp%2Fv2%2Fcategories&post=8846"},{"taxonomy":"post_tag","embeddable":true,"href":"https:\/\/www.afitecol.com\/index.php?rest_route=%2Fwp%2Fv2%2Ftags&post=8846"}],"curies":[{"name":"wp","href":"https:\/\/api.w.org\/{rel}","templated":true}]}}