{"id":8838,"date":"2015-03-31T12:51:12","date_gmt":"2015-03-31T12:51:12","guid":{"rendered":"http:\/\/www.afitecol.com\/?p=8838"},"modified":"2015-03-31T12:51:12","modified_gmt":"2015-03-31T12:51:12","slug":"palmares-exposicion-fin-del-mundo-2015","status":"publish","type":"post","link":"https:\/\/www.afitecol.com\/?p=8838","title":{"rendered":"Palmar\u00e9s Exposici\u00f3n Fin del Mundo 2015"},"content":{"rendered":"<p>Entre el 23 y el 28 de este mes de marzo de 2015 se desarroll\u00f3 la exposici\u00f3n filat\u00e9lica denominada <strong>\u201cExposici\u00f3n Filat\u00e9lica Fin del Mundo 2015\u201d<\/strong> que tuvo como sede la ciudad de R\u00edo Grande, en Argentina, evento organizado por la Asociaci\u00f3n Filat\u00e9lica y Numism\u00e1tica de R\u00edo Grande.<\/p>\n<p>Como hab\u00edamos mencionado en el art\u00edculo <strong><a href=\"https:\/\/www.afitecol.com\/?p=8815\" target=\"_blank\">\u201cExposici\u00f3n Filat\u00e9lica Fin del Mundo 2015\u201d<\/a> <\/strong> participaron las siguientes colecciones dentro de la <strong>Categor\u00eda Filatelia Tem\u00e1tica.<\/strong><\/p>\n<p><a href=\"https:\/\/www.afitecol.com\/wp-content\/uploads\/2015\/03\/Tematicas.png\" target=\"_blank\"><img loading=\"lazy\" decoding=\"async\" class=\"alignnone size-full wp-image-8839\" title=\"Tematicas\" src=\"https:\/\/www.afitecol.com\/wp-content\/uploads\/2015\/03\/Tematicas.png\" alt=\"Tematicas\" width=\"479\" height=\"154\" srcset=\"https:\/\/www.afitecol.com\/wp-content\/uploads\/2015\/03\/Tematicas.png 799w, https:\/\/www.afitecol.com\/wp-content\/uploads\/2015\/03\/Tematicas-300x96.png 300w\" sizes=\"(max-width: 479px) 85vw, 479px\" \/><\/a><\/p>\n<p>Una vez realizada la calificaci\u00f3n, las <strong>Colecciones Filat\u00e9licas Tem\u00e1ticas<\/strong> participantes en la <strong>Exposici\u00f3n Filat\u00e9lica Fin del Mundo 2015<\/strong> recibieron las siguientes Medallas:<\/p>\n<p><strong>Una mirada a las aves desde la perspectiva humana<\/strong>.  Puntaje: 90 puntos (Raudel Basto &#8211; Cuba).  Medalla de Oro m\u00e1s un Premio Especial.<\/p>\n<p><strong>Ao Volante: Respete a vida<\/strong>.  Puntaje: 88 puntos (Stella S. De Rocha Moraes \u2013 Brasil).  Medalla Vermeil Grande m\u00e1s Premio Especial.<\/p>\n<p><strong>Del glamour al ostracismo<\/strong>.  Puntaje: 88 puntos (Luis Fernando D\u00edaz \u2013 Costa Rica).  Medalla Vermeil Grande m\u00e1s Premio especial.<\/p>\n<p><strong>Siete preceptos del Samaritano<\/strong>.  Puntaje: 85 puntos (Claudio Daniel Mujica \u2013 Argentina).  Medalla Vermeil.<\/p>\n<p><strong>El mundo del f\u00fatbol<\/strong>.  Puntaje: 85 puntos (Julio A. Santanelli \u2013 Argentina). Medalla: Vermeil Grande<\/p>\n<p><strong>Escutismo, escuela de vida<\/strong>.  Puntaje: 80 puntos (Adri\u00e1n Avancini \u2013 Argentina).  Medalla Vermeil.<\/p>\n<p><strong>La Congregaci\u00f3n Salesiana<\/strong>.  Puntaje: 78 puntos (Luis Rosario Miceli \u2013 Argentina).<br \/>\nMedalla Plata Grande.<\/p>\n<p><strong>La Ant\u00e1rtida, el continente blanco: Ciencia y paz<\/strong>. Puntaje: 71 puntos (Fabi\u00e1n Cel\u00edn \u2013 Ecuador).  Medalla Plata.<\/p>\n<p><strong>Dibujos que hablan<\/strong>. Puntaje: 70 (Eduardo Casiriain \u2013 Argentina).  Medalla Plata.<\/p>\n<p><strong>Los caballeros de la Orden de la Guinda<\/strong> .  Puntaje: 68 puntos (Daniel Bellido \u2013 Argentina). Medalla Bronce Plateado.<\/p>\n<p><strong>La evoluci\u00f3n de los buques de guerra.<\/strong> Puntaje: 65 puntos (Fernando Guzm\u00e1n \u2013 Chile).  Medalla Bronce Plateado.<\/p>\n<p>La colecci\u00f3n <strong>Buque Escuela Esmeralda y Armada de Chile<\/strong>.  (Ricardo Boizard \u2013 Chile), recibi\u00f3 un Certificado.<\/p>\n<p>Los <strong>Amigos de la Filatelia Tem\u00e1tica de Colombia<\/strong> (<strong>AFITECOL<\/strong>), felicitan a los organizadores y a los filatelistas participantes en la <strong>\u201cExposici\u00f3n Filat\u00e9lica Fin del Mundo 2015\u201d<\/strong>, pero especialmente a los filatelistas de la <strong>Temafilia<\/strong>, por el \u00e9xito logrado.<\/p>\n","protected":false},"excerpt":{"rendered":"<p>Entre el 23 y el 28 de este mes de marzo de 2015 se desarroll\u00f3 la exposici\u00f3n filat\u00e9lica denominada \u201cExposici\u00f3n Filat\u00e9lica Fin del Mundo 2015\u201d que tuvo como sede la ciudad de R\u00edo Grande, en Argentina, evento organizado por la Asociaci\u00f3n Filat\u00e9lica y Numism\u00e1tica de R\u00edo Grande. Como hab\u00edamos mencionado en el art\u00edculo \u201cExposici\u00f3n Filat\u00e9lica &hellip; <a href=\"https:\/\/www.afitecol.com\/?p=8838\" class=\"more-link\">Continuar leyendo<span class=\"screen-reader-text\"> \u00abPalmar\u00e9s Exposici\u00f3n Fin del Mundo 2015\u00bb<\/span><\/a><\/p>\n","protected":false},"author":2,"featured_media":0,"comment_status":"open","ping_status":"closed","sticky":false,"template":"","format":"standard","meta":{"footnotes":""},"categories":[9],"tags":[],"class_list":["post-8838","post","type-post","status-publish","format-standard","hentry","category-noticias-filatelicas"],"_links":{"self":[{"href":"https:\/\/www.afitecol.com\/index.php?rest_route=\/wp\/v2\/posts\/8838"}],"collection":[{"href":"https:\/\/www.afitecol.com\/index.php?rest_route=\/wp\/v2\/posts"}],"about":[{"href":"https:\/\/www.afitecol.com\/index.php?rest_route=\/wp\/v2\/types\/post"}],"author":[{"embeddable":true,"href":"https:\/\/www.afitecol.com\/index.php?rest_route=\/wp\/v2\/users\/2"}],"replies":[{"embeddable":true,"href":"https:\/\/www.afitecol.com\/index.php?rest_route=%2Fwp%2Fv2%2Fcomments&post=8838"}],"version-history":[{"count":6,"href":"https:\/\/www.afitecol.com\/index.php?rest_route=\/wp\/v2\/posts\/8838\/revisions"}],"predecessor-version":[{"id":8845,"href":"https:\/\/www.afitecol.com\/index.php?rest_route=\/wp\/v2\/posts\/8838\/revisions\/8845"}],"wp:attachment":[{"href":"https:\/\/www.afitecol.com\/index.php?rest_route=%2Fwp%2Fv2%2Fmedia&parent=8838"}],"wp:term":[{"taxonomy":"category","embeddable":true,"href":"https:\/\/www.afitecol.com\/index.php?rest_route=%2Fwp%2Fv2%2Fcategories&post=8838"},{"taxonomy":"post_tag","embeddable":true,"href":"https:\/\/www.afitecol.com\/index.php?rest_route=%2Fwp%2Fv2%2Ftags&post=8838"}],"curies":[{"name":"wp","href":"https:\/\/api.w.org\/{rel}","templated":true}]}}