{"id":8792,"date":"2015-03-03T12:03:19","date_gmt":"2015-03-03T12:03:19","guid":{"rendered":"http:\/\/www.afitecol.com\/?p=8792"},"modified":"2018-04-13T23:07:46","modified_gmt":"2018-04-13T23:07:46","slug":"emision-augusto-ramirez-ocampo-%e2%80%9cuna-vida-por-la-paz%e2%80%9d-1934-2011","status":"publish","type":"post","link":"https:\/\/www.afitecol.com\/?p=8792","title":{"rendered":"Emisi\u00f3n postal: Augusto Ram\u00edrez Ocampo \u201cuna vida por la paz\u201d (1934-2011)"},"content":{"rendered":"<p><strong><a href=\"https:\/\/www.afitecol.com\/wp-content\/uploads\/2015\/03\/EmisionARamirezO41-760x1024.jpg\" target=\"_blank\"><img loading=\"lazy\" decoding=\"async\" class=\"alignnone size-large wp-image-9700\" style=\"border: 0px; margin: 5px;\" title=\"EmisionARamirezO4\" src=\"https:\/\/www.afitecol.com\/wp-content\/uploads\/2015\/03\/EmisionARamirezO41-760x1024.jpg\" alt=\"EmisionARamirezO4\" width=\"98\" height=\"133\" srcset=\"https:\/\/www.afitecol.com\/wp-content\/uploads\/2015\/03\/EmisionARamirezO41-760x1024.jpg 760w, https:\/\/www.afitecol.com\/wp-content\/uploads\/2015\/03\/EmisionARamirezO41-222x300.jpg 222w, https:\/\/www.afitecol.com\/wp-content\/uploads\/2015\/03\/EmisionARamirezO41.jpeg 1628w\" sizes=\"(max-width: 98px) 85vw, 98px\" \/><\/a> <a href=\"https:\/\/www.afitecol.com\/wp-content\/uploads\/2015\/03\/EmisionARamirezO51-760x1024.jpg\" target=\"_blank\"><img loading=\"lazy\" decoding=\"async\" class=\"alignnone size-large wp-image-9703\" style=\"border: 0px; margin: 5px;\" title=\"EmisionARamirezO5\" src=\"https:\/\/www.afitecol.com\/wp-content\/uploads\/2015\/03\/EmisionARamirezO51-760x1024.jpg\" alt=\"EmisionARamirezO5\" width=\"98\" height=\"133\" srcset=\"https:\/\/www.afitecol.com\/wp-content\/uploads\/2015\/03\/EmisionARamirezO51-760x1024.jpg 760w, https:\/\/www.afitecol.com\/wp-content\/uploads\/2015\/03\/EmisionARamirezO51-222x300.jpg 222w, https:\/\/www.afitecol.com\/wp-content\/uploads\/2015\/03\/EmisionARamirezO51.jpeg 1628w\" sizes=\"(max-width: 98px) 85vw, 98px\" \/><\/a> <a href=\"https:\/\/www.afitecol.com\/wp-content\/uploads\/2015\/03\/EmisionARamirezO61-640x1024.jpg\" target=\"_blank\"><img loading=\"lazy\" decoding=\"async\" class=\"alignnone size-large wp-image-9704\" style=\"border: 0px; margin: 5px;\" title=\"EmisionARamirezO6\" src=\"https:\/\/www.afitecol.com\/wp-content\/uploads\/2015\/03\/EmisionARamirezO61-640x1024.jpg\" alt=\"EmisionARamirezO6\" width=\"98\" height=\"133\" \/><\/a>Augusto Ram\u00edrez Ocampo<\/strong>, nacido en Bogot\u00e1, Colombia, el 21 de septiembre de 1934, e hijo del Parlamentario Augusto Ram\u00edrez Moreno, se destac\u00f3 como uno de los <strong>Promotores de la Negociaci\u00f3n Pol\u00edtica<\/strong> y la <strong>b\u00fasqueda de la Paz en Colombia<\/strong>, en muchas oportunidades y bajo la direcci\u00f3n de diversos Gobiernos.<\/p>\n<p>En 1982 fue elegido Alcalde Mayor de Bogot\u00e1, cargo que ejerci\u00f3 hasta 1984. En el Gobierno de Ram\u00edrez Ocampo se instituy\u00f3 la <strong>Ciclov\u00eda<\/strong>, la que actualmente se realiza todos los domingos y d\u00edas de fiesta, por las calles de la ciudad de Bogot\u00e1.  As\u00ed mismo de esa \u00e9poca es la puesta en marcha de la <strong>Avenida de la Circunvalaci\u00f3n<\/strong>, conocida m\u00e1s popularmente como Avenida Circunvalar.<\/p>\n<p>A pesar de haber desempe\u00f1ado varios cargos como pol\u00edtico, ya que fue Concejal de Bogot\u00e1 y miembro del Congreso en varias oportunidades, su mayor desempe\u00f1o fue como <strong>Ministro de Relaciones Exteriores<\/strong>.<\/p>\n<p><a href=\"https:\/\/www.afitecol.com\/wp-content\/uploads\/2015\/03\/EmisionARamirezO3.jpeg\" target=\"_blank\"><img loading=\"lazy\" decoding=\"async\" class=\"alignnone size-full wp-image-8793\" style=\"border: 0px; margin: 5px;\" title=\"EmisionARamirezO3\" src=\"https:\/\/www.afitecol.com\/wp-content\/uploads\/2015\/03\/EmisionARamirezO3.jpeg\" alt=\"EmisionARamirezO3\" width=\"55\" height=\"71\" srcset=\"https:\/\/www.afitecol.com\/wp-content\/uploads\/2015\/03\/EmisionARamirezO3.jpeg 255w, https:\/\/www.afitecol.com\/wp-content\/uploads\/2015\/03\/EmisionARamirezO3-232x300.jpg 232w\" sizes=\"(max-width: 55px) 85vw, 55px\" \/><\/a>En ejercicio de este \u00faltimo cargo fue el gestor de la conformaci\u00f3n del <strong>Grupo de Contadora<\/strong>, \u00a0junto a los gobiernos de Venezuela, Panam\u00e1 y M\u00e9xico con el objetivo de evitar el desencadenamiento de una guerra en Am\u00e9rica Central.  En 1984 recibi\u00f3 a nombre del Grupo de Contadora el <strong>Premio Pr\u00edncipe de Asturias de Cooperaci\u00f3n Internacional.<\/strong><\/p>\n<p>En el exterior se destac\u00f3 como miembro de la <strong>Comisi\u00f3n Andina de Juristas<\/strong>, as\u00ed como comisionado para la supervisi\u00f3n de los <strong>Acuerdos de Paz en El Salvador<\/strong> entre 1992 y 1994 y como representante del Secretario General de la OEA y Jefe de la Misi\u00f3n para la reinstauraci\u00f3n de la Democracia en Hait\u00ed.<\/p>\n<p>En 1991 Ram\u00edrez Ocampo fue elegido <strong>Miembro de la Asamblea Nacional Constituyente<\/strong>, tras lo cual fund\u00f3 el Centro de Estudios Constitucionales PLURAL.<\/p>\n<p>Su deceso ocurri\u00f3 en la ciudad de Bogot\u00e1, D.C., Colombia, el 14 de junio de 2011.<\/p>\n<p>Por medio de la <strong>Ley 1629 del 27 de mayo de 2013<\/strong> el <em>Congreso de la Rep\u00fablica de Colombia rinde honores a la memoria del Doctor Augusto Ram\u00edrez Ocampo, para lo cual en el art\u00edculo 3 autoriza al Gobierno para la emisi\u00f3n de una estampilla con la siguiente leyenda: Augusto Ram\u00edrez Ocampo, una vida por la paz.<\/em><\/p>\n<p>Para cumplir con lo exigido por la mencionada Ley, el Gobierno de Colombia, por intermedio del Ministerio de Tecnolog\u00edas de la Informaci\u00f3n y las Comunicaciones autoriz\u00f3 la emisi\u00f3n postal denominada: <strong>Augusto Ram\u00edrez Ocampo \u201cuna vida por la paz\u201d (1934-2011)<\/strong>, mediante las Resoluci\u00f3n N\u00ba 2442 de septiembre 11 de 2014.<\/p>\n<p><strong>Acto protocolario<\/strong>:  No se ha realizado hasta el momento ning\u00fan acto protocolario de lanzamiento de la emisi\u00f3n postal <strong>Augusto Ram\u00edrez Ocampo \u201cuna vida por la paz\u201d (1934 \u2013 2011)<\/strong>, aunque las estampillas se encuentra en circulaci\u00f3n desde el 23 de diciembre de 2014, para suplir las necesidades del correo colombiano.<\/p>\n<p>Pr\u00f3ximamente se realizar\u00e1 el lanzamiento oficial de la emisi\u00f3n postal <strong>Augusto Ram\u00edrez Ocampo \u201cuna vida por la paz\u201d (1934 \u2013 2011), <\/strong>en la Sede de la Canciller\u00eda de Colombia, en la ciudad de Bogot\u00e1, D.C.<\/p>\n<p><strong>La emisi\u00f3n<\/strong>. La emisi\u00f3n postal <strong>Augusto Ram\u00edrez Ocampo \u201cuna vida por la paz\u201d (1934-2011)<\/strong> consta de 8.125 hojas bloque de 16 estampillas, para un total de 130.000 estampillas. La emisi\u00f3n, hasta el momento no tiene carpeta ni bolet\u00edn informativo.<\/p>\n<p><strong><a href=\"https:\/\/www.afitecol.com\/wp-content\/uploads\/2015\/03\/EmisionARamirezO7-701x1024.jpg\" target=\"_blank\"><img loading=\"lazy\" decoding=\"async\" class=\"alignnone size-large wp-image-9707\" style=\"border: 0px; margin: 5px;\" title=\"EmisionARamirezO7\" src=\"https:\/\/www.afitecol.com\/wp-content\/uploads\/2015\/03\/EmisionARamirezO7-701x1024.jpg\" alt=\"EmisionARamirezO7\" width=\"55\" height=\"80\" srcset=\"https:\/\/www.afitecol.com\/wp-content\/uploads\/2015\/03\/EmisionARamirezO7-701x1024.jpg 701w, https:\/\/www.afitecol.com\/wp-content\/uploads\/2015\/03\/EmisionARamirezO7-205x300.jpg 205w, https:\/\/www.afitecol.com\/wp-content\/uploads\/2015\/03\/EmisionARamirezO7.jpeg 1048w\" sizes=\"(max-width: 55px) 85vw, 55px\" \/><\/a>La hoja bloque<\/strong>. \u00a0La bloque contiene 16 estampillas.<\/p>\n<p><strong><strong><a href=\"https:\/\/www.afitecol.com\/wp-content\/uploads\/2015\/03\/EmisionARamirezO8.jpeg\" target=\"_blank\"><img loading=\"lazy\" decoding=\"async\" class=\"alignnone size-full wp-image-9708\" style=\"border: 0px; margin: 5px;\" title=\"EmisionARamirezO8\" src=\"https:\/\/www.afitecol.com\/wp-content\/uploads\/2015\/03\/EmisionARamirezO8.jpeg\" alt=\"EmisionARamirezO8\" width=\"33\" height=\"43\" srcset=\"https:\/\/www.afitecol.com\/wp-content\/uploads\/2015\/03\/EmisionARamirezO8.jpeg 255w, https:\/\/www.afitecol.com\/wp-content\/uploads\/2015\/03\/EmisionARamirezO8-231x300.jpg 231w\" sizes=\"(max-width: 33px) 85vw, 33px\" \/><\/a>La Estampilla<\/strong><\/strong>. Las estampillas en policrom\u00eda m\u00e1s una tinta especial fluorescente invisible, elaborada en papel Truwhite y goma PVA y en tama\u00f1o de 30 x 40 mm, tiene un valor facial de $ 1.000.<\/p>\n<p>La estampilla tiene como imagen la figura del homenajeado, teniendo como fondo la bandera de Colombia y proveniente de una fotograf\u00eda propiedad de Familia Ram\u00edrez Koppel.  La estampilla tiene como leyenda en la parte izquierda el nombre del homenajeado, en la parte derecha las fechas de nacimiento y deceso, respectivamente, y en la parte inferior el t\u00edtulo de la emisi\u00f3n aprobado en la mencionada ley.<\/p>\n<p>La diagramaci\u00f3n estuvo a cargo de M\u00f3nica Vargas Moore.<\/p>\n<p><strong><a href=\"https:\/\/www.afitecol.com\/wp-content\/uploads\/2015\/03\/EmisionARamirezO2-1024x532.jpg\" target=\"_blank\"><img loading=\"lazy\" decoding=\"async\" class=\"alignnone size-large wp-image-8795\" style=\"border: 0px; margin: 5px;\" title=\"EmisionARamirezO2\" src=\"https:\/\/www.afitecol.com\/wp-content\/uploads\/2015\/03\/EmisionARamirezO2-1024x532.jpg\" alt=\"EmisionARamirezO2\" width=\"221\" height=\"115\" srcset=\"https:\/\/www.afitecol.com\/wp-content\/uploads\/2015\/03\/EmisionARamirezO2-1024x532.jpg 1024w, https:\/\/www.afitecol.com\/wp-content\/uploads\/2015\/03\/EmisionARamirezO2-300x155.jpg 300w, https:\/\/www.afitecol.com\/wp-content\/uploads\/2015\/03\/EmisionARamirezO2.jpeg 1312w\" sizes=\"(max-width: 221px) 85vw, 221px\" \/><\/a>El sobre de Primer D\u00eda<\/strong>. Se imprimieron 700 sobres numerados de Primer D\u00eda, siendo este el d\u00eda 23 de diciembre de 2014 y matasellado en la ciudad de Bogot\u00e1, D. C., Colombia.<\/p>\n","protected":false},"excerpt":{"rendered":"<p>Augusto Ram\u00edrez Ocampo, nacido en Bogot\u00e1, Colombia, el 21 de septiembre de 1934, e hijo del Parlamentario Augusto Ram\u00edrez Moreno, se destac\u00f3 como uno de los Promotores de la Negociaci\u00f3n Pol\u00edtica y la b\u00fasqueda de la Paz en Colombia, en muchas oportunidades y bajo la direcci\u00f3n de diversos Gobiernos. En 1982 fue elegido Alcalde Mayor &hellip; <a href=\"https:\/\/www.afitecol.com\/?p=8792\" class=\"more-link\">Continuar leyendo<span class=\"screen-reader-text\"> \u00abEmisi\u00f3n postal: Augusto Ram\u00edrez Ocampo \u201cuna vida por la paz\u201d (1934-2011)\u00bb<\/span><\/a><\/p>\n","protected":false},"author":2,"featured_media":0,"comment_status":"open","ping_status":"closed","sticky":false,"template":"","format":"standard","meta":{"footnotes":""},"categories":[5],"tags":[],"class_list":["post-8792","post","type-post","status-publish","format-standard","hentry","category-emisiones"],"_links":{"self":[{"href":"https:\/\/www.afitecol.com\/index.php?rest_route=\/wp\/v2\/posts\/8792"}],"collection":[{"href":"https:\/\/www.afitecol.com\/index.php?rest_route=\/wp\/v2\/posts"}],"about":[{"href":"https:\/\/www.afitecol.com\/index.php?rest_route=\/wp\/v2\/types\/post"}],"author":[{"embeddable":true,"href":"https:\/\/www.afitecol.com\/index.php?rest_route=\/wp\/v2\/users\/2"}],"replies":[{"embeddable":true,"href":"https:\/\/www.afitecol.com\/index.php?rest_route=%2Fwp%2Fv2%2Fcomments&post=8792"}],"version-history":[{"count":11,"href":"https:\/\/www.afitecol.com\/index.php?rest_route=\/wp\/v2\/posts\/8792\/revisions"}],"predecessor-version":[{"id":11876,"href":"https:\/\/www.afitecol.com\/index.php?rest_route=\/wp\/v2\/posts\/8792\/revisions\/11876"}],"wp:attachment":[{"href":"https:\/\/www.afitecol.com\/index.php?rest_route=%2Fwp%2Fv2%2Fmedia&parent=8792"}],"wp:term":[{"taxonomy":"category","embeddable":true,"href":"https:\/\/www.afitecol.com\/index.php?rest_route=%2Fwp%2Fv2%2Fcategories&post=8792"},{"taxonomy":"post_tag","embeddable":true,"href":"https:\/\/www.afitecol.com\/index.php?rest_route=%2Fwp%2Fv2%2Ftags&post=8792"}],"curies":[{"name":"wp","href":"https:\/\/api.w.org\/{rel}","templated":true}]}}