{"id":8665,"date":"2014-12-13T12:18:51","date_gmt":"2014-12-13T12:18:51","guid":{"rendered":"http:\/\/www.afitecol.com\/?p=8665"},"modified":"2018-04-13T23:08:16","modified_gmt":"2018-04-13T23:08:16","slug":"emision-%e2%80%9cnavidad-2014%e2%80%9d","status":"publish","type":"post","link":"https:\/\/www.afitecol.com\/?p=8665","title":{"rendered":"Emisi\u00f3n postal: \u201cNavidad 2014\u201d"},"content":{"rendered":"<p>El 25 de diciembre de cada a\u00f1o se celebra en Colombia la festividad conocida como <strong>\u00abLa Navidad\u00bb<\/strong>, fiesta que as\u00ed mismo acontece en muchos pa\u00edses del mundo.<\/p>\n<p><a href=\"https:\/\/www.afitecol.com\/wp-content\/uploads\/2014\/12\/Navidad1-779x1024.jpg\" target=\"_blank\"><img loading=\"lazy\" decoding=\"async\" class=\"alignnone size-large wp-image-8667\" style=\"border: 0px; margin: 5px;\" title=\"Navidad1\" src=\"https:\/\/www.afitecol.com\/wp-content\/uploads\/2014\/12\/Navidad1-779x1024.jpg\" alt=\"Navidad1\" width=\"101\" height=\"133\" srcset=\"https:\/\/www.afitecol.com\/wp-content\/uploads\/2014\/12\/Navidad1-779x1024.jpg 779w, https:\/\/www.afitecol.com\/wp-content\/uploads\/2014\/12\/Navidad1-228x300.jpg 228w\" sizes=\"(max-width: 101px) 85vw, 101px\" \/><\/a> <a href=\"https:\/\/www.afitecol.com\/wp-content\/uploads\/2014\/12\/Navidad3-783x1024.jpg\" target=\"_blank\"><img loading=\"lazy\" decoding=\"async\" class=\"alignnone size-large wp-image-8668\" title=\"Navidad3\" src=\"https:\/\/www.afitecol.com\/wp-content\/uploads\/2014\/12\/Navidad3-783x1024.jpg\" alt=\"Navidad3\" width=\"101\" height=\"133\" srcset=\"https:\/\/www.afitecol.com\/wp-content\/uploads\/2014\/12\/Navidad3-783x1024.jpg 783w, https:\/\/www.afitecol.com\/wp-content\/uploads\/2014\/12\/Navidad3-229x300.jpg 229w\" sizes=\"(max-width: 101px) 85vw, 101px\" \/><\/a> <a href=\"https:\/\/www.afitecol.com\/wp-content\/uploads\/2014\/12\/Navidad4-780x1024.jpg\" target=\"_blank\"><img loading=\"lazy\" decoding=\"async\" class=\"alignnone size-large wp-image-8669\" title=\"Navidad4\" src=\"https:\/\/www.afitecol.com\/wp-content\/uploads\/2014\/12\/Navidad4-780x1024.jpg\" alt=\"Navidad4\" width=\"101\" height=\"133\" srcset=\"https:\/\/www.afitecol.com\/wp-content\/uploads\/2014\/12\/Navidad4-780x1024.jpg 780w, https:\/\/www.afitecol.com\/wp-content\/uploads\/2014\/12\/Navidad4-228x300.jpg 228w\" sizes=\"(max-width: 101px) 85vw, 101px\" \/><\/a> <a href=\"https:\/\/www.afitecol.com\/wp-content\/uploads\/2014\/12\/Navidad2-775x1024.jpg\" target=\"_blank\"><img loading=\"lazy\" decoding=\"async\" class=\"alignnone size-large wp-image-8670\" style=\"border: 0px; margin: 5px;\" title=\"Navidad2\" src=\"https:\/\/www.afitecol.com\/wp-content\/uploads\/2014\/12\/Navidad2-775x1024.jpg\" alt=\"Navidad2\" width=\"101\" height=\"133\" srcset=\"https:\/\/www.afitecol.com\/wp-content\/uploads\/2014\/12\/Navidad2-775x1024.jpg 775w, https:\/\/www.afitecol.com\/wp-content\/uploads\/2014\/12\/Navidad2-227x300.jpg 227w\" sizes=\"(max-width: 101px) 85vw, 101px\" \/><\/a><\/p>\n<p>Para conmemorar este suceso los <strong>Correos de Colombia<\/strong>, as\u00ed como lo hacen muchos de los Correos de los pa\u00edses del mundo y en cumplimiento de los acuerdos entre los Miembros de la Uni\u00f3n Postal Universal U.P.U., emiten en este tiempo de diciembre estampillas relacionadas con el tema: <strong>\u201cLa Navidad\u201d<\/strong>, una de las tem\u00e1ticas m\u00e1s populares alrededor del planeta y que cuenta con m\u00e1s asociados.<\/p>\n<p><strong>Concurso<\/strong>.  Para escoger el motivo para la emisi\u00f3n postal <strong>\u201cNavidad 2014\u201d<\/strong> en Colombia, se invit\u00f3 a los pintores de la <strong>Asociaci\u00f3n de Pintores con la Boca y el Pie<\/strong> (APBP), para que presentaran sus propuestas.  Los dibujos de los participantes aparecen en las car\u00e1tulas de la carpeta de la presente emisi\u00f3n.<\/p>\n<p>Se escogi\u00f3 la pintura que obtuvo el <strong>primer puesto<\/strong> como la imagen de la <strong>estampilla Navidad 2014<\/strong> y los que obtuvieron el <strong>segundo y tercer puesto<\/strong> como im\u00e1genes del <strong>Sobre de Primer D\u00eda.<\/strong><\/p>\n<p><strong><a href=\"https:\/\/www.afitecol.com\/wp-content\/uploads\/2014\/12\/Navidad14A.jpeg\" target=\"_blank\"><img loading=\"lazy\" decoding=\"async\" class=\"alignnone size-full wp-image-8689\" style=\"border: 0px; margin: 5px;\" title=\"Navidad14A\" src=\"https:\/\/www.afitecol.com\/wp-content\/uploads\/2014\/12\/Navidad14A.jpeg\" alt=\"Navidad14A\" width=\"56\" height=\"40\" srcset=\"https:\/\/www.afitecol.com\/wp-content\/uploads\/2014\/12\/Navidad14A.jpeg 155w, https:\/\/www.afitecol.com\/wp-content\/uploads\/2014\/12\/Navidad14A-150x110.jpg 150w\" sizes=\"(max-width: 56px) 85vw, 56px\" \/><\/a>Primer Puesto<\/strong>: Luis Alberto Mahecha<\/p>\n<p><strong><a href=\"https:\/\/www.afitecol.com\/wp-content\/uploads\/2014\/12\/Navidad14B.jpeg\" target=\"_blank\"><img loading=\"lazy\" decoding=\"async\" class=\"alignnone size-full wp-image-8690\" style=\"border: 0px; margin: 5px;\" title=\"Navidad14B\" src=\"https:\/\/www.afitecol.com\/wp-content\/uploads\/2014\/12\/Navidad14B.jpeg\" alt=\"Navidad14B\" width=\"56\" height=\"40\" srcset=\"https:\/\/www.afitecol.com\/wp-content\/uploads\/2014\/12\/Navidad14B.jpeg 155w, https:\/\/www.afitecol.com\/wp-content\/uploads\/2014\/12\/Navidad14B-150x110.jpg 150w\" sizes=\"(max-width: 56px) 85vw, 56px\" \/><\/a>Segundo Puesto<\/strong>: N\u00e9stor Ra\u00fal Ru\u00edz<\/p>\n<p><strong><a href=\"https:\/\/www.afitecol.com\/wp-content\/uploads\/2014\/12\/Navidad14C.jpeg\" target=\"_blank\"><img loading=\"lazy\" decoding=\"async\" class=\"alignnone size-full wp-image-8691\" style=\"border: 0px; margin: 5px;\" title=\"Navidad14C\" src=\"https:\/\/www.afitecol.com\/wp-content\/uploads\/2014\/12\/Navidad14C.jpeg\" alt=\"Navidad14C\" width=\"56\" height=\"40\" srcset=\"https:\/\/www.afitecol.com\/wp-content\/uploads\/2014\/12\/Navidad14C.jpeg 155w, https:\/\/www.afitecol.com\/wp-content\/uploads\/2014\/12\/Navidad14C-150x110.jpg 150w\" sizes=\"(max-width: 56px) 85vw, 56px\" \/><\/a>Tercer Puesto<\/strong>: H\u00e9ctor Jairo Tamayo<\/p>\n<p>Para celebrar este acontecimiento, <strong>Navidad 2014<\/strong>, Colombia, por intermedio del Ministerio de Tecnolog\u00edas de la Informaci\u00f3n y las Comunicaciones, autoriz\u00f3 la Emisi\u00f3n Postal <strong>\u201cNavidad 2014\u201d<\/strong>.<\/p>\n<p><strong>Acto protocolario<\/strong>. El acto protocolario de lanzamiento de la Emisi\u00f3n postal <strong>\u201cNavidad 2014\u201c<\/strong>, se llev\u00f3 a cabo en la ciudad de Bogot\u00e1, D. C., Colombia, el d\u00eda 10 de diciembre de 2014, en las instalaciones de Servicios Postales Nacionales, con la presencia de Directivos de 4-72 la Red Postal de Colombia, de filatelistas de la Asociaci\u00f3n para el Desarrollo de la Filatelia en Colombia -ASODEFILCO \u2013 y de invitados especiales. <strong>AFITECOL<\/strong> estuvo invitado a esta actividad filat\u00e9lica.<\/p>\n<p><strong>La emisi\u00f3n<\/strong>. La emisi\u00f3n postal <strong>\u201cNavidad 2014\u201c<\/strong> consta de 3.700 pliegos, para un total de 370.000 estampillas. La emisi\u00f3n contiene adem\u00e1s el bolet\u00edn informativo y el sobre de primer d\u00eda.<\/p>\n<p><strong><a href=\"https:\/\/www.afitecol.com\/wp-content\/uploads\/2014\/12\/Navidad14D.jpeg\" target=\"_blank\"><img loading=\"lazy\" decoding=\"async\" class=\"alignnone size-full wp-image-8692\" style=\"border: 0px; margin: 5px;\" title=\"Navidad14D\" src=\"https:\/\/www.afitecol.com\/wp-content\/uploads\/2014\/12\/Navidad14D.jpeg\" alt=\"Navidad14D\" width=\"114\" height=\"82\" srcset=\"https:\/\/www.afitecol.com\/wp-content\/uploads\/2014\/12\/Navidad14D.jpeg 876w, https:\/\/www.afitecol.com\/wp-content\/uploads\/2014\/12\/Navidad14D-300x218.jpg 300w\" sizes=\"(max-width: 114px) 85vw, 114px\" \/><\/a>El pliego<\/strong>. El pliego consta de 100 estampillas.<\/p>\n<p><strong><a href=\"https:\/\/www.afitecol.com\/wp-content\/uploads\/2014\/12\/Navidad14D-1.jpeg\" target=\"_blank\"><img loading=\"lazy\" decoding=\"async\" class=\"alignnone size-full wp-image-8694\" style=\"border: 1px solid black; margin: 5px;\" title=\"Navidad14D 1\" src=\"https:\/\/www.afitecol.com\/wp-content\/uploads\/2014\/12\/Navidad14D-1.jpeg\" alt=\"Navidad14D 1\" width=\"62\" height=\"60\" srcset=\"https:\/\/www.afitecol.com\/wp-content\/uploads\/2014\/12\/Navidad14D-1.jpeg 480w, https:\/\/www.afitecol.com\/wp-content\/uploads\/2014\/12\/Navidad14D-1-300x289.jpg 300w\" sizes=\"(max-width: 62px) 85vw, 62px\" \/><\/a>La estampilla<\/strong>. La estampilla con un motivo colombiano alusivo a la Navidad, el Pesebre, en tama\u00f1o de 30 x 19.5 mm, en policrom\u00eda, m\u00e1s una tinta especial fluorescente invisible, m\u00e1s una tinta iridiscente, en papel Truwhite y goma PVA,  tiene un valor facial de $ 100.<\/p>\n<p>El dise\u00f1o estuvo a cargo de Luis Alberto Mahecha, pintor con la boca, de la Asociaci\u00f3n de Pintores con la Boca y con el Pie APBP,<\/p>\n<p>La diagramaci\u00f3n fue realizada por Milena Mar\u00eda Mongu\u00ed.<\/p>\n<p><strong><a href=\"https:\/\/www.afitecol.com\/wp-content\/uploads\/2014\/12\/Navidad6-1024x526.jpg\" target=\"_blank\"><img loading=\"lazy\" decoding=\"async\" class=\"alignnone size-large wp-image-8695\" style=\"border: 1px solid black; margin: 5px;\" title=\"Navidad6\" src=\"https:\/\/www.afitecol.com\/wp-content\/uploads\/2014\/12\/Navidad6-1024x526.jpg\" alt=\"Navidad6\" width=\"133\" height=\"68\" srcset=\"https:\/\/www.afitecol.com\/wp-content\/uploads\/2014\/12\/Navidad6-1024x526.jpg 1024w, https:\/\/www.afitecol.com\/wp-content\/uploads\/2014\/12\/Navidad6-300x154.jpg 300w, https:\/\/www.afitecol.com\/wp-content\/uploads\/2014\/12\/Navidad6.jpeg 1956w\" sizes=\"(max-width: 133px) 85vw, 133px\" \/><\/a>El sobre de primer d\u00eda<\/strong>. Se imprimieron 800 sobres numerados de primer d\u00eda de servicio, siendo \u00e9ste el 10 de diciembre de 2014 y matasellado en la ciudad de Bogot\u00e1, D. C., Colombia.<\/p>\n","protected":false},"excerpt":{"rendered":"<p>El 25 de diciembre de cada a\u00f1o se celebra en Colombia la festividad conocida como \u00abLa Navidad\u00bb, fiesta que as\u00ed mismo acontece en muchos pa\u00edses del mundo. Para conmemorar este suceso los Correos de Colombia, as\u00ed como lo hacen muchos de los Correos de los pa\u00edses del mundo y en cumplimiento de los acuerdos entre &hellip; <a href=\"https:\/\/www.afitecol.com\/?p=8665\" class=\"more-link\">Continuar leyendo<span class=\"screen-reader-text\"> \u00abEmisi\u00f3n postal: \u201cNavidad 2014\u201d\u00bb<\/span><\/a><\/p>\n","protected":false},"author":2,"featured_media":0,"comment_status":"open","ping_status":"closed","sticky":false,"template":"","format":"standard","meta":{"footnotes":""},"categories":[5],"tags":[],"class_list":["post-8665","post","type-post","status-publish","format-standard","hentry","category-emisiones"],"_links":{"self":[{"href":"https:\/\/www.afitecol.com\/index.php?rest_route=\/wp\/v2\/posts\/8665"}],"collection":[{"href":"https:\/\/www.afitecol.com\/index.php?rest_route=\/wp\/v2\/posts"}],"about":[{"href":"https:\/\/www.afitecol.com\/index.php?rest_route=\/wp\/v2\/types\/post"}],"author":[{"embeddable":true,"href":"https:\/\/www.afitecol.com\/index.php?rest_route=\/wp\/v2\/users\/2"}],"replies":[{"embeddable":true,"href":"https:\/\/www.afitecol.com\/index.php?rest_route=%2Fwp%2Fv2%2Fcomments&post=8665"}],"version-history":[{"count":9,"href":"https:\/\/www.afitecol.com\/index.php?rest_route=\/wp\/v2\/posts\/8665\/revisions"}],"predecessor-version":[{"id":11877,"href":"https:\/\/www.afitecol.com\/index.php?rest_route=\/wp\/v2\/posts\/8665\/revisions\/11877"}],"wp:attachment":[{"href":"https:\/\/www.afitecol.com\/index.php?rest_route=%2Fwp%2Fv2%2Fmedia&parent=8665"}],"wp:term":[{"taxonomy":"category","embeddable":true,"href":"https:\/\/www.afitecol.com\/index.php?rest_route=%2Fwp%2Fv2%2Fcategories&post=8665"},{"taxonomy":"post_tag","embeddable":true,"href":"https:\/\/www.afitecol.com\/index.php?rest_route=%2Fwp%2Fv2%2Ftags&post=8665"}],"curies":[{"name":"wp","href":"https:\/\/api.w.org\/{rel}","templated":true}]}}