{"id":8625,"date":"2014-11-11T13:44:11","date_gmt":"2014-11-11T13:44:11","guid":{"rendered":"http:\/\/www.afitecol.com\/?p=8625"},"modified":"2018-05-04T23:50:13","modified_gmt":"2018-05-04T23:50:13","slug":"emision-%e2%80%9cdiario-oficial-150-anos-1864-%e2%80%93-2014%e2%80%9d","status":"publish","type":"post","link":"https:\/\/www.afitecol.com\/?p=8625","title":{"rendered":"Emisi\u00f3n postal: \u201cDiario Oficial 150 a\u00f1os 1864 \u2013 2014\u201d"},"content":{"rendered":"<p><a href=\"https:\/\/www.afitecol.com\/wp-content\/uploads\/2014\/11\/DiarioOficial1.jpeg\" target=\"_blank\"><img loading=\"lazy\" decoding=\"async\" class=\"alignnone size-full wp-image-8627\" style=\"margin: 5px; border: 1px solid black;\" title=\"DiarioOficial1\" src=\"https:\/\/www.afitecol.com\/wp-content\/uploads\/2014\/11\/DiarioOficial1.jpeg\" alt=\"DiarioOficial1\" width=\"118\" height=\"156\" srcset=\"https:\/\/www.afitecol.com\/wp-content\/uploads\/2014\/11\/DiarioOficial1.jpeg 2514w, https:\/\/www.afitecol.com\/wp-content\/uploads\/2014\/11\/DiarioOficial1-225x300.jpg 225w, https:\/\/www.afitecol.com\/wp-content\/uploads\/2014\/11\/DiarioOficial1-768x1024.jpg 768w\" sizes=\"(max-width: 118px) 85vw, 118px\" \/><\/a> <a href=\"https:\/\/www.afitecol.com\/wp-content\/uploads\/2014\/11\/DiarioOficial21-770x1024.jpg\" target=\"_blank\"><img loading=\"lazy\" decoding=\"async\" class=\"alignnone size-large wp-image-12020\" style=\"border: 0px; margin: 5px;\" title=\"DiarioOficial2\" src=\"https:\/\/www.afitecol.com\/wp-content\/uploads\/2014\/11\/DiarioOficial21-770x1024.jpg\" alt=\"DiarioOficial2\" width=\"118\" height=\"156\" srcset=\"https:\/\/www.afitecol.com\/wp-content\/uploads\/2014\/11\/DiarioOficial21-770x1024.jpg 770w, https:\/\/www.afitecol.com\/wp-content\/uploads\/2014\/11\/DiarioOficial21-225x300.jpg 225w\" sizes=\"(max-width: 118px) 85vw, 118px\" \/><\/a> El <strong>Diario Oficial<\/strong> es la publicaci\u00f3n institucional de la <strong>Imprenta Nacional de Colombia<\/strong>. Como documento hist\u00f3rico recoge las Leyes, los Actos administrativos y los Decretos del Gobierno Nacional, esto es el fondo legal de la naci\u00f3n d\u00eda a d\u00eda y que deben ser de conocimiento p\u00fablico. \u00a0Fue fundado por <strong>Manuel Murillo Toro<\/strong>.<\/p>\n<p>La aparici\u00f3n del primer n\u00famero del <strong>Diario Oficial <\/strong>fue el <strong>30 de abril de 1864<\/strong>, dando con esta publicaci\u00f3n comienzo al periodismo diario en Colombia.  Han sido muchos los aportes que el <strong>Diario Oficial<\/strong> le ha hecho al pa\u00eds, puesto que en \u00e9l ha quedado registrada la suma jur\u00eddica de la Naci\u00f3n.<\/p>\n<p>El <strong>Diario Oficial<\/strong> es uno de los Diarios m\u00e1s antiguos en Latinoam\u00e9rica y durante estos 150 a\u00f1os de vida ha plasmado la historia de Colombia.<\/p>\n<p>El <strong>Diario Oficial<\/strong>, desde sus inicios ha tenido como su sede la <strong>Imprenta Nacional de Colombia<\/strong> y fue en esta Imprenta donde apareci\u00f3 el primer n\u00famero.<\/p>\n<p>Por su parte La <strong>Imprenta Nacional de Colombia<\/strong> ha mostrado una evoluci\u00f3n acorde con el paso de los a\u00f1os para mantenerse a la vanguardia del mercado de las artes gr\u00e1ficas.<\/p>\n<p><strong>Concurso Nacional de Dise\u00f1o de la Estampilla<\/strong>.<\/p>\n<p>La Imprenta Nacional de Colombia organiz\u00f3 un Concurso para el <strong>Dise\u00f1o de la Estampilla Conmemorativa<\/strong> de los 150 a\u00f1os del Diario Oficial de Colombia.<\/p>\n<p>En el Concurso participaron m\u00e1s de 250 propuestas enviadas por estudiantes, docentes universitarios, expertos y aficionados a las artes gr\u00e1ficas y los resultados para los tres primeros puestos fueron los siguientes:<\/p>\n<p><strong><a href=\"https:\/\/www.afitecol.com\/wp-content\/uploads\/2014\/11\/DiarioOficialPremio1.jpeg\" target=\"_blank\"><img loading=\"lazy\" decoding=\"async\" class=\"alignnone size-full wp-image-8628\" style=\"border: 0px; margin: 5px;\" title=\"DiarioOficialPremio1\" src=\"https:\/\/www.afitecol.com\/wp-content\/uploads\/2014\/11\/DiarioOficialPremio1.jpeg\" alt=\"DiarioOficialPremio1\" width=\"103\" height=\"66\" srcset=\"https:\/\/www.afitecol.com\/wp-content\/uploads\/2014\/11\/DiarioOficialPremio1.jpeg 999w, https:\/\/www.afitecol.com\/wp-content\/uploads\/2014\/11\/DiarioOficialPremio1-300x193.jpg 300w\" sizes=\"(max-width: 103px) 85vw, 103px\" \/><\/a>Primer Puesto<\/strong>: Pedro Antonio Vidal Gonz\u00e1lez con el seud\u00f3nimo de Guro.<\/p>\n<p><strong><a href=\"https:\/\/www.afitecol.com\/wp-content\/uploads\/2014\/11\/DiarioOficialPremio2.jpeg\" target=\"_blank\"><img loading=\"lazy\" decoding=\"async\" class=\"alignnone size-full wp-image-8629\" title=\"DiarioOficialPremio2\" src=\"https:\/\/www.afitecol.com\/wp-content\/uploads\/2014\/11\/DiarioOficialPremio2.jpeg\" alt=\"DiarioOficialPremio2\" width=\"103\" height=\"66\" \/><\/a> Segundo Puesto<\/strong>: Carolina Vargas Caballero con el seud\u00f3nimo de Sixta.<\/p>\n<p><strong><a href=\"https:\/\/www.afitecol.com\/wp-content\/uploads\/2014\/11\/DiarioOficialPremio3.jpeg\" target=\"_blank\"><img loading=\"lazy\" decoding=\"async\" class=\"alignnone size-full wp-image-8630\" style=\"border: 0px; margin: 5px;\" title=\"DiarioOficialPremio3\" src=\"https:\/\/www.afitecol.com\/wp-content\/uploads\/2014\/11\/DiarioOficialPremio3.jpeg\" alt=\"DiarioOficialPremio3\" width=\"103\" height=\"66\" srcset=\"https:\/\/www.afitecol.com\/wp-content\/uploads\/2014\/11\/DiarioOficialPremio3.jpeg 987w, https:\/\/www.afitecol.com\/wp-content\/uploads\/2014\/11\/DiarioOficialPremio3-300x190.jpg 300w\" sizes=\"(max-width: 103px) 85vw, 103px\" \/><\/a>Tercer Puesto<\/strong>: Natalia Tinjac\u00e1 Gamba con el seud\u00f3nimo de Natiga.<\/p>\n<p>Para unirse a la celebraci\u00f3n de los 150 del Diario Oficial el Gobierno de Colombia, por intermedio del Ministerio de Tecnolog\u00edas de la Informaci\u00f3n y las Comunicaciones, autoriz\u00f3 la emisi\u00f3n postal <strong>\u201cDiario Oficial 150 a\u00f1os 1864 \u2013 2014\u201d<\/strong>, mediante la Resoluci\u00f3n N\u00ba 188 del 29 de enero de 2014, siendo la propuesta ganadora del concurso la base de la emisi\u00f3n.<\/p>\n<p><strong>Acto protocolario<\/strong>. No se ha realizado ning\u00fan acto protocolario de lanzamiento de la emisi\u00f3n postal <strong>\u201cDiario Oficial 150 a\u00f1os 1864 \u2013 2014\u201d<\/strong>, pero se encuentra en servicio postal desde el 9 de octubre de 2014.<\/p>\n<p><strong>La emisi\u00f3n<\/strong>. La emisi\u00f3n postal <strong>\u201cDiario Oficial 150 a\u00f1os 1864 \u2013 2014\u201d<\/strong>, consta de 2.500 hojas bloque de 12 estampillas, para un total de 30.000 estampillas; adem\u00e1s, la emisi\u00f3n consta de una carpeta y un bolet\u00edn informativo.<\/p>\n<p><strong><a href=\"https:\/\/www.afitecol.com\/wp-content\/uploads\/2014\/11\/DiarioOficial3.jpeg\" target=\"_blank\"><img loading=\"lazy\" decoding=\"async\" class=\"alignnone size-full wp-image-8631\" style=\"border: 0px; margin: 5px;\" title=\"DiarioOficial3\" src=\"https:\/\/www.afitecol.com\/wp-content\/uploads\/2014\/11\/DiarioOficial3.jpeg\" alt=\"DiarioOficial3\" width=\"125\" height=\"92\" srcset=\"https:\/\/www.afitecol.com\/wp-content\/uploads\/2014\/11\/DiarioOficial3.jpeg 960w, https:\/\/www.afitecol.com\/wp-content\/uploads\/2014\/11\/DiarioOficial3-300x223.jpg 300w\" sizes=\"(max-width: 125px) 85vw, 125px\" \/><\/a>Las Estampillas<\/strong>. Las estampillas en policrom\u00eda m\u00e1s una tinta especial fluorescente invisible, en papel Truwhite y goma PVA y en tama\u00f1o de 40 x 30 mm, tienen un valor facial de $ 1.300.<\/p>\n<p>La estampilla tiene como imagen el n\u00famero 150, representando los a\u00f1os del Diario Oficial y semejando una m\u00e1quina rotativa utilizada para la impresi\u00f3n del peri\u00f3dico.<\/p>\n<p>El dise\u00f1o fue realizado por Pedro A. Vidal y la diagramaci\u00f3n estuvo a cargo de Milena Mar\u00eda Mongu\u00ed.<\/p>\n<p><strong><a href=\"https:\/\/www.afitecol.com\/wp-content\/uploads\/2014\/11\/DiarioOficial3-1.jpeg\" target=\"_blank\"><img loading=\"lazy\" decoding=\"async\" class=\"alignnone size-full wp-image-8632\" style=\"margin: 5px; border: 1px solid black;\" title=\"DiarioOficial3 1\" src=\"https:\/\/www.afitecol.com\/wp-content\/uploads\/2014\/11\/DiarioOficial3-1.jpeg\" alt=\"DiarioOficial3 1\" width=\"152\" height=\"82\" srcset=\"https:\/\/www.afitecol.com\/wp-content\/uploads\/2014\/11\/DiarioOficial3-1.jpeg 1962w, https:\/\/www.afitecol.com\/wp-content\/uploads\/2014\/11\/DiarioOficial3-1-300x160.jpg 300w, https:\/\/www.afitecol.com\/wp-content\/uploads\/2014\/11\/DiarioOficial3-1-1024x546.jpg 1024w\" sizes=\"(max-width: 152px) 85vw, 152px\" \/><\/a>El sobre de Primer D\u00eda<\/strong>. Se imprimieron 600 sobres numerados de Primer D\u00eda, siendo este el d\u00eda 9 de octubre de 2014 y matasellado en la ciudad de Bogot\u00e1, D. C., Colombia.<\/p>\n","protected":false},"excerpt":{"rendered":"<p>El Diario Oficial es la publicaci\u00f3n institucional de la Imprenta Nacional de Colombia. Como documento hist\u00f3rico recoge las Leyes, los Actos administrativos y los Decretos del Gobierno Nacional, esto es el fondo legal de la naci\u00f3n d\u00eda a d\u00eda y que deben ser de conocimiento p\u00fablico. \u00a0Fue fundado por Manuel Murillo Toro. La aparici\u00f3n del &hellip; <a href=\"https:\/\/www.afitecol.com\/?p=8625\" class=\"more-link\">Continuar leyendo<span class=\"screen-reader-text\"> \u00abEmisi\u00f3n postal: \u201cDiario Oficial 150 a\u00f1os 1864 \u2013 2014\u201d\u00bb<\/span><\/a><\/p>\n","protected":false},"author":2,"featured_media":0,"comment_status":"open","ping_status":"closed","sticky":false,"template":"","format":"standard","meta":{"footnotes":""},"categories":[5],"tags":[],"class_list":["post-8625","post","type-post","status-publish","format-standard","hentry","category-emisiones"],"_links":{"self":[{"href":"https:\/\/www.afitecol.com\/index.php?rest_route=\/wp\/v2\/posts\/8625"}],"collection":[{"href":"https:\/\/www.afitecol.com\/index.php?rest_route=\/wp\/v2\/posts"}],"about":[{"href":"https:\/\/www.afitecol.com\/index.php?rest_route=\/wp\/v2\/types\/post"}],"author":[{"embeddable":true,"href":"https:\/\/www.afitecol.com\/index.php?rest_route=\/wp\/v2\/users\/2"}],"replies":[{"embeddable":true,"href":"https:\/\/www.afitecol.com\/index.php?rest_route=%2Fwp%2Fv2%2Fcomments&post=8625"}],"version-history":[{"count":11,"href":"https:\/\/www.afitecol.com\/index.php?rest_route=\/wp\/v2\/posts\/8625\/revisions"}],"predecessor-version":[{"id":12023,"href":"https:\/\/www.afitecol.com\/index.php?rest_route=\/wp\/v2\/posts\/8625\/revisions\/12023"}],"wp:attachment":[{"href":"https:\/\/www.afitecol.com\/index.php?rest_route=%2Fwp%2Fv2%2Fmedia&parent=8625"}],"wp:term":[{"taxonomy":"category","embeddable":true,"href":"https:\/\/www.afitecol.com\/index.php?rest_route=%2Fwp%2Fv2%2Fcategories&post=8625"},{"taxonomy":"post_tag","embeddable":true,"href":"https:\/\/www.afitecol.com\/index.php?rest_route=%2Fwp%2Fv2%2Ftags&post=8625"}],"curies":[{"name":"wp","href":"https:\/\/api.w.org\/{rel}","templated":true}]}}