{"id":8570,"date":"2014-11-05T21:25:20","date_gmt":"2014-11-05T21:25:20","guid":{"rendered":"http:\/\/www.afitecol.com\/?p=8570"},"modified":"2014-11-05T21:56:26","modified_gmt":"2014-11-05T21:56:26","slug":"entrega-premios-a-la-mejor-estampilla-y-a-la-mejor-moneda-del-mundo","status":"publish","type":"post","link":"https:\/\/www.afitecol.com\/?p=8570","title":{"rendered":"Entrega Premios a la Mejor Estampilla y a la Mejor Moneda del Mundo"},"content":{"rendered":"<p>El 31 de Octubre de 2014 se llev\u00f3 a cabo, como <a href=\"https:\/\/www.afitecol.com\/?p=8527\" target=\"_blank\">estaba programada<\/a>, la <strong>Solemne Gala de Premios Nexofil<\/strong> a las <strong>Mejores Estampillas<\/strong> en el mundo emitidas durante el a\u00f1o 2013 y los Premios <strong>Nexonum<\/strong> a las <strong>Mejores Monedas<\/strong> acu\u00f1adas en el mundo en el a\u00f1o 2013.<\/p>\n<p><strong>El Acto de Gala <\/strong><\/p>\n<p>El <strong>Acto de Gala<\/strong> de entrega de Premios fue organizada por el Grupo NEXO y EL ECO.  La ceremonia, que tuvo como sede La Real Casa de la Moneda de Espa\u00f1a, en Madrid, fue dirigida por el Presidente del Comit\u00e9 Organizador Eugenio de Quesada y conducida por el Director del Consejo Asesor del Grupo NEXO.<\/p>\n<p>El Acto de Gala cont\u00f3 con la presencia de representantes de las Administraciones Postales y las Casas de Moneda Premiados y de los Finalistas de: Austria, Bolivia, Croacia, Ecuador, Eslovaquia, Finlandia, Liechtenstein, M\u00e9xico, Rep\u00fablica Checa, Polonia, Sud\u00e1frica y Suecia.<\/p>\n<p><strong>Premios a la Mejores Estampillas del Mundo<\/strong><\/p>\n<p><strong>Primer Premio: Reino Unido<\/strong><\/p>\n<p><a href=\"https:\/\/www.afitecol.com\/wp-content\/uploads\/2014\/11\/ReinoUnido1.png\" target=\"_blank\"><img loading=\"lazy\" decoding=\"async\" class=\"alignnone size-full wp-image-8576\" style=\"border: 0px; margin: 5px;\" title=\"ReinoUnido1\" src=\"https:\/\/www.afitecol.com\/wp-content\/uploads\/2014\/11\/ReinoUnido1.png\" alt=\"ReinoUnido1\" width=\"32\" height=\"42\" \/><\/a>El\u00a0Premio NexoFil\u00a0a la Mejor Estampilla del Mundo en 2013 correspondi\u00f3 al\u00a0Reino Unido, con la Estampilla <strong>\u201cSentido y Responsabilidad\u201d<\/strong>.<\/p>\n<p><a href=\"https:\/\/www.afitecol.com\/wp-content\/uploads\/2014\/11\/ReinoUnido2.png\" target=\"_blank\"><img loading=\"lazy\" decoding=\"async\" class=\"alignnone size-full wp-image-8577\" style=\"margin: 5px; border: 0px;\" title=\"ReinoUnido2\" src=\"https:\/\/www.afitecol.com\/wp-content\/uploads\/2014\/11\/ReinoUnido2.png\" alt=\"ReinoUnido2\" width=\"166\" height=\"84\" srcset=\"https:\/\/www.afitecol.com\/wp-content\/uploads\/2014\/11\/ReinoUnido2.png 770w, https:\/\/www.afitecol.com\/wp-content\/uploads\/2014\/11\/ReinoUnido2-300x151.png 300w\" sizes=\"(max-width: 166px) 85vw, 166px\" \/><\/a>La Estampilla <strong>\u201cSentido y Responsabilidad\u201d<\/strong>, que obtuvo el respaldo mayoritario del Jurado Calificador, hace parte de la serie postal dedicada a la obra de la destacada novelista brit\u00e1nica Jane Austen.<\/p>\n<p>La serie fue emitida el 21 de febrero de 2013 y el dise\u00f1o fue realizado por Webb &amp; Webb Design Ltd.<\/p>\n<p><strong>Segundo Premio: Chile<\/strong><\/p>\n<p><a href=\"https:\/\/www.afitecol.com\/wp-content\/uploads\/2014\/11\/Chile20131.png\" target=\"_blank\"><img loading=\"lazy\" decoding=\"async\" class=\"alignnone size-full wp-image-8580\" style=\"border: 0px; margin: 5px;\" title=\"Chile2013\" src=\"https:\/\/www.afitecol.com\/wp-content\/uploads\/2014\/11\/Chile20131.png\" alt=\"Chile2013\" width=\"31\" height=\"31\" srcset=\"https:\/\/www.afitecol.com\/wp-content\/uploads\/2014\/11\/Chile20131.png 236w, https:\/\/www.afitecol.com\/wp-content\/uploads\/2014\/11\/Chile20131-150x150.png 150w\" sizes=\"(max-width: 31px) 85vw, 31px\" \/><\/a>El Segundo premio lo obtuvo Chile, con una estampilla emitida para conmemorar el <strong>\u00ab125 Aniversario de la incorporaci\u00f3n de la Isla de Pascua a su territorio<\/strong>\u00ab.<\/p>\n<p>El dise\u00f1o estuvo a cargo de Mauricio Navarro, la impresi\u00f3n fue en Offset y la emisi\u00f3n se efectu\u00f3 el 27 de septiembre de 2013.<\/p>\n<p><strong>Tercer Premio: Polonia<\/strong><\/p>\n<p><a href=\"https:\/\/www.afitecol.com\/wp-content\/uploads\/2014\/11\/Polonia20131.png\" target=\"_blank\"><img loading=\"lazy\" decoding=\"async\" class=\"alignnone size-full wp-image-8621\" style=\"border: 0px; margin: 5px;\" title=\"Polonia2013\" src=\"https:\/\/www.afitecol.com\/wp-content\/uploads\/2014\/11\/Polonia20131.png\" alt=\"Polonia2013\" width=\"44\" height=\"36\" \/><\/a>El Tercer Premio fue concedido a\u00a0Polonia\u00a0con un dise\u00f1o dedicado a conmemorar el \u00ab450 Aniversario del Servicio Postal Polaco\u00bb.  La emisi\u00f3n se realiz\u00f3 el 18 de octubre de 2013 y el dise\u00f1o estuvo a cargo de Agniszka Sancewicz.<\/p>\n<p><strong>Premios a las otras Categor\u00edas<\/strong><\/p>\n<p>Adem\u00e1s de Premio Absoluto a la Mejor Estampilla del Mundo, y a las estampillas que ocuparon el segundo y el tercer puesto,  se reconocieron otras Categor\u00edas.<\/p>\n<p><strong>Mejor Dise\u00f1o:\u00a0Liechtenstein<\/strong><\/p>\n<p><a href=\"https:\/\/www.afitecol.com\/wp-content\/uploads\/2014\/11\/Liechesstein1.png\" target=\"_blank\"><img loading=\"lazy\" decoding=\"async\" class=\"alignnone size-full wp-image-8582\" style=\"border: 0px; margin: 5px;\" title=\"Liechesstein1\" src=\"https:\/\/www.afitecol.com\/wp-content\/uploads\/2014\/11\/Liechesstein1.png\" alt=\"Liechesstein1\" width=\"53\" height=\"35\" \/><\/a>El premio al Mejor Dise\u00f1o fue concedido a Liechtenstein con la estampilla <strong>\u00abLa Ciencia Matem\u00e1tica\u00bb<\/strong>.<\/p>\n<p><a href=\"https:\/\/www.afitecol.com\/wp-content\/uploads\/2014\/11\/Liechestein2913.png\" target=\"_blank\"><img loading=\"lazy\" decoding=\"async\" class=\"alignnone size-full wp-image-8583\" style=\"border: 0px; margin: 5px;\" title=\"Liechestein2913\" src=\"https:\/\/www.afitecol.com\/wp-content\/uploads\/2014\/11\/Liechestein2913.png\" alt=\"Liechestein2913\" width=\"158\" height=\"34\" srcset=\"https:\/\/www.afitecol.com\/wp-content\/uploads\/2014\/11\/Liechestein2913.png 734w, https:\/\/www.afitecol.com\/wp-content\/uploads\/2014\/11\/Liechestein2913-300x64.png 300w\" sizes=\"(max-width: 158px) 85vw, 158px\" \/><\/a>La estampilla premiada hace parte de una serie de tres estampillas, emitidas el 4 de marzo de 2013.  El dise\u00f1o estuvo a cargo de Hans Peter Gassner.<\/p>\n<p><strong>Formato m\u00e1s original: Sud\u00e1frica<\/strong><\/p>\n<p><a href=\"https:\/\/www.afitecol.com\/wp-content\/uploads\/2014\/11\/Surafrica1.png\" target=\"_self\"><img loading=\"lazy\" decoding=\"async\" class=\"alignnone size-full wp-image-8585\" style=\"border: 0px; margin: 5px;\" title=\"Surafrica1\" src=\"https:\/\/www.afitecol.com\/wp-content\/uploads\/2014\/11\/Surafrica1.png\" alt=\"Surafrica1\" width=\"28\" height=\"43\" srcset=\"https:\/\/www.afitecol.com\/wp-content\/uploads\/2014\/11\/Surafrica1.png 218w, https:\/\/www.afitecol.com\/wp-content\/uploads\/2014\/11\/Surafrica1-196x300.png 196w\" sizes=\"(max-width: 28px) 85vw, 28px\" \/><\/a>El premio al formato m\u00e1s original correspondi\u00f3 a Sud\u00e1frica con la estampilla <strong>\u00abA\u00f1o Internacional de la Cooperaci\u00f3n del Agua\u00bb<\/strong>. La estampilla premiada hace parte de una hoja filat\u00e9lica, con cinco estampillas. <a href=\"https:\/\/www.afitecol.com\/wp-content\/uploads\/2014\/11\/Surfrica2013.png\" target=\"_blank\"><img loading=\"lazy\" decoding=\"async\" class=\"alignnone size-full wp-image-8586\" style=\"margin: 5px; border: 1px solid black;\" title=\"Surfrica2013\" src=\"https:\/\/www.afitecol.com\/wp-content\/uploads\/2014\/11\/Surfrica2013.png\" alt=\"Surfrica2013\" width=\"62\" height=\"64\" srcset=\"https:\/\/www.afitecol.com\/wp-content\/uploads\/2014\/11\/Surfrica2013.png 481w, https:\/\/www.afitecol.com\/wp-content\/uploads\/2014\/11\/Surfrica2013-295x300.png 295w\" sizes=\"(max-width: 62px) 85vw, 62px\" \/><\/a><\/p>\n<p><strong>Emisi\u00f3n m\u00e1s Innovadora: B\u00e9lgica<\/strong><\/p>\n<p><a href=\"https:\/\/www.afitecol.com\/wp-content\/uploads\/2014\/11\/Belgica2013.png\" target=\"_blank\"><img loading=\"lazy\" decoding=\"async\" class=\"alignnone size-full wp-image-8588\" style=\"border: 0px; margin: 5px;\" title=\"Belgica2013\" src=\"https:\/\/www.afitecol.com\/wp-content\/uploads\/2014\/11\/Belgica2013.png\" alt=\"Belgica2013\" width=\"31\" height=\"38\" srcset=\"https:\/\/www.afitecol.com\/wp-content\/uploads\/2014\/11\/Belgica2013.png 401w, https:\/\/www.afitecol.com\/wp-content\/uploads\/2014\/11\/Belgica2013-244x300.png 244w\" sizes=\"(max-width: 31px) 85vw, 31px\" \/><\/a>El premio a la emisi\u00f3n m\u00e1s innovadora fue asignada a B\u00e9lgica con la estampilla <strong>\u201cChocolate belga\u201d<\/strong>, una hoja filat\u00e9lica con cinco estampillas y dise\u00f1ada por Katleen Miller y la emisi\u00f3n se realiz\u00f3 el 20 de marzo de 2013.<\/p>\n<p><strong>Tipos de Impresi\u00f3n <\/strong><\/p>\n<p><strong>Calcogr\u00e1fico: Italia<\/strong><\/p>\n<p><a href=\"https:\/\/www.afitecol.com\/wp-content\/uploads\/2014\/11\/Italia13.png\" target=\"_blank\"><img loading=\"lazy\" decoding=\"async\" class=\"alignnone size-full wp-image-8589\" style=\"border: 0px; margin: 5px;\" title=\"Italia13\" src=\"https:\/\/www.afitecol.com\/wp-content\/uploads\/2014\/11\/Italia13.png\" alt=\"Italia13\" width=\"42\" height=\"36\" srcset=\"https:\/\/www.afitecol.com\/wp-content\/uploads\/2014\/11\/Italia13.png 322w, https:\/\/www.afitecol.com\/wp-content\/uploads\/2014\/11\/Italia13-300x259.png 300w\" sizes=\"(max-width: 42px) 85vw, 42px\" \/><\/a>El premio al tipo de impresi\u00f3n calcogr\u00e1fico fue concedido a Italia con la estampilla \u00abTeatro de Bolonia\u00bb dentro de la tem\u00e1tica Arquitectura.  El dise\u00f1o fue responsabilidad de Antonio Ciaburzo y la emisi\u00f3n se realiz\u00f3 el 14 de mayo de 2013.<\/p>\n<p><strong>Offset: Estados Unidos, Virginia<\/strong><\/p>\n<p><a href=\"https:\/\/www.afitecol.com\/wp-content\/uploads\/2014\/11\/USA.png\" target=\"_blank\"><img loading=\"lazy\" decoding=\"async\" class=\"alignnone size-full wp-image-8593\" style=\"margin: 5px; border: 0px;\" title=\"USA\" src=\"https:\/\/www.afitecol.com\/wp-content\/uploads\/2014\/11\/USA.png\" alt=\"USA\" width=\"29\" height=\"46\" \/><\/a>El premio al tipo de impresi\u00f3n Offset fue concedido a Estados Unidos, West Virginia, por la estampilla emitida con motivo del <strong>\u00ab150 Aniversario de la incorporaci\u00f3n a la Uni\u00f3n del Estado de Virginia Occidental\u00bb<\/strong>, en 1863.  La emisi\u00f3n postal fue realizada el 20 de junio de 2013, con el dise\u00f1o de Roger Sprencer.<\/p>\n<p><strong>Impresi\u00f3n mixta: Portugal<\/strong><\/p>\n<p><a href=\"https:\/\/www.afitecol.com\/wp-content\/uploads\/2014\/11\/Portugal2013.png\" target=\"_blank\"><img loading=\"lazy\" decoding=\"async\" class=\"alignnone size-full wp-image-8595\" style=\"border: 0px; margin: 5px;\" title=\"Portugal2013\" src=\"https:\/\/www.afitecol.com\/wp-content\/uploads\/2014\/11\/Portugal2013.png\" alt=\"Portugal2013\" width=\"53\" height=\"22\" srcset=\"https:\/\/www.afitecol.com\/wp-content\/uploads\/2014\/11\/Portugal2013.png 411w, https:\/\/www.afitecol.com\/wp-content\/uploads\/2014\/11\/Portugal2013-300x122.png 300w\" sizes=\"(max-width: 53px) 85vw, 53px\" \/><\/a>El Premio a la impresi\u00f3n mixta fue otorgado a Portugal por su emisi\u00f3n <strong>\u00abApicultura\u00bb<\/strong>, con la estampilla dentro de una hoja filat\u00e9lica. <a href=\"https:\/\/www.afitecol.com\/wp-content\/uploads\/2014\/11\/Portugal2013a.png\" target=\"_blank\"><img loading=\"lazy\" decoding=\"async\" class=\"alignnone size-full wp-image-8597\" style=\"border: 0px; margin: 5px;\" title=\"Portugal2013a\" src=\"https:\/\/www.afitecol.com\/wp-content\/uploads\/2014\/11\/Portugal2013a.png\" alt=\"Portugal2013a\" width=\"75\" height=\"58\" srcset=\"https:\/\/www.afitecol.com\/wp-content\/uploads\/2014\/11\/Portugal2013a.png 579w, https:\/\/www.afitecol.com\/wp-content\/uploads\/2014\/11\/Portugal2013a-300x231.png 300w\" sizes=\"(max-width: 75px) 85vw, 75px\" \/><\/a><\/p>\n<p><a href=\"https:\/\/www.afitecol.com\/wp-content\/uploads\/2014\/11\/Portugal2.png\" target=\"_blank\"><img loading=\"lazy\" decoding=\"async\" class=\"alignnone size-full wp-image-8599\" style=\"margin: 5px; border: 0px;\" title=\"Portugal2\" src=\"https:\/\/www.afitecol.com\/wp-content\/uploads\/2014\/11\/Portugal2.png\" alt=\"Portugal2\" width=\"108\" height=\"43\" srcset=\"https:\/\/www.afitecol.com\/wp-content\/uploads\/2014\/11\/Portugal2.png 834w, https:\/\/www.afitecol.com\/wp-content\/uploads\/2014\/11\/Portugal2-300x120.png 300w\" sizes=\"(max-width: 108px) 85vw, 108px\" \/><\/a> <a href=\"https:\/\/www.afitecol.com\/wp-content\/uploads\/2014\/11\/Portugal3.png\" target=\"_blank\"><img loading=\"lazy\" decoding=\"async\" class=\"alignnone size-full wp-image-8600\" style=\"border: 0px; margin: 5px;\" title=\"Portugal3\" src=\"https:\/\/www.afitecol.com\/wp-content\/uploads\/2014\/11\/Portugal3.png\" alt=\"Portugal3\" width=\"74\" height=\"56\" srcset=\"https:\/\/www.afitecol.com\/wp-content\/uploads\/2014\/11\/Portugal3.png 575w, https:\/\/www.afitecol.com\/wp-content\/uploads\/2014\/11\/Portugal3-300x227.png 300w\" sizes=\"(max-width: 74px) 85vw, 74px\" \/><\/a>La estampilla premiada hace parte de una serie de cuatro estampillas individuales y dos hojas filat\u00e9licas emitidas el 23 de septiembre de 2013, con el dise\u00f1o de Paulo Ferrerira, Manuel Moniz da Ponte y Paulo Enrique Silva.<\/p>\n<p><strong>Mejor T\u00e9cnica de Impresi\u00f3n: Finlandia<\/strong><\/p>\n<p><a href=\"https:\/\/www.afitecol.com\/wp-content\/uploads\/2014\/11\/Finlandia.png\" target=\"_blank\"><img loading=\"lazy\" decoding=\"async\" class=\"alignnone size-full wp-image-8602\" style=\"border: 0px; margin: 5px;\" title=\"Finlandia\" src=\"https:\/\/www.afitecol.com\/wp-content\/uploads\/2014\/11\/Finlandia.png\" alt=\"Finlandia\" width=\"46\" height=\"34\" \/><\/a>El premio a la mejor t\u00e9cnica de impresi\u00f3n fue concedida a Finlandia a la estampilla \u00abOrqu\u00eddea\u00bb, \u00a0de la especie <em>Cariostylis parkinsoniaea,<\/em> emitida el 21 de enero de 2013 y que estuvo dise\u00f1ada por Ari Lakaniemi y Susanne Rumpu.<\/p>\n<p><strong>Mejor Serie B\u00e1sica: Reino Unido<\/strong><\/p>\n<p><a href=\"https:\/\/www.afitecol.com\/wp-content\/uploads\/2014\/11\/GB2013.png\" target=\"_blank\"><img loading=\"lazy\" decoding=\"async\" class=\"alignnone size-full wp-image-8604\" style=\"border: 0px; margin: 5px;\" title=\"GB2013\" src=\"https:\/\/www.afitecol.com\/wp-content\/uploads\/2014\/11\/GB2013.png\" alt=\"GB2013\" width=\"44\" height=\"52\" \/><\/a>El premio a la mejor Serie B\u00e1sica fue dada a la estampilla que muestra la imagen de la Soberana Isabel II y que tiene un valor facial de 1 libra.  El dise\u00f1o estuvo a cargo de Jeffrey Matheus, fue emitida el 3 de enero de 2013 y hace parte de una serie de 9 estampillas. \u00a0<a href=\"https:\/\/www.afitecol.com\/wp-content\/uploads\/2014\/11\/GB2013a.png\" target=\"_blank\"><img loading=\"lazy\" decoding=\"async\" class=\"alignnone size-full wp-image-8605\" style=\"margin: 5px; border: 0px;\" title=\"GB2013a\" src=\"https:\/\/www.afitecol.com\/wp-content\/uploads\/2014\/11\/GB2013a.png\" alt=\"GB2013a\" width=\"177\" height=\"65\" srcset=\"https:\/\/www.afitecol.com\/wp-content\/uploads\/2014\/11\/GB2013a.png 818w, https:\/\/www.afitecol.com\/wp-content\/uploads\/2014\/11\/GB2013a-300x111.png 300w\" sizes=\"(max-width: 177px) 85vw, 177px\" \/><\/a><\/p>\n<p><strong>Mejor Hoja filat\u00e9lica: Eslovaquia<\/strong><\/p>\n<p><a href=\"https:\/\/www.afitecol.com\/wp-content\/uploads\/2014\/11\/Eslovaquia2013.png\" target=\"_blank\"><img loading=\"lazy\" decoding=\"async\" class=\"alignnone size-full wp-image-8606\" style=\"border: 1px solid black; margin: 5px;\" title=\"Eslovaquia2013\" src=\"https:\/\/www.afitecol.com\/wp-content\/uploads\/2014\/11\/Eslovaquia2013.png\" alt=\"Eslovaquia2013\" width=\"62\" height=\"78\" srcset=\"https:\/\/www.afitecol.com\/wp-content\/uploads\/2014\/11\/Eslovaquia2013.png 476w, https:\/\/www.afitecol.com\/wp-content\/uploads\/2014\/11\/Eslovaquia2013-237x300.png 237w\" sizes=\"(max-width: 62px) 85vw, 62px\" \/><\/a>El premio a la mejor hoja filat\u00e9lica se concedi\u00f3 a la emisi\u00f3n conjunta entre Eslovaquia, Rep\u00fablica Checa, El Vaticano y Bulgaria, realizada el 12 de junio de 2013 para conmemorar el <strong>\u00ab1.150 aniversario de la llegada de San Cirilo y Metodius\u00bb<\/strong>.  El dise\u00f1o estuvo a cargo de Dusan K\u00e1lling.<\/p>\n<p><strong>Mejor Prueba de Lujo: Espa\u00f1a<\/strong><\/p>\n<p><a href=\"https:\/\/www.afitecol.com\/wp-content\/uploads\/2014\/11\/Espan\u0303a2013a.png\" target=\"_blank\"><img loading=\"lazy\" decoding=\"async\" class=\"alignnone size-full wp-image-8607\" style=\"border: 0px; margin: 5px;\" title=\"Espan\u0303a2013a\" src=\"https:\/\/www.afitecol.com\/wp-content\/uploads\/2014\/11\/Espan\u0303a2013a.png\" alt=\"Espan\u0303a2013a\" width=\"98\" height=\"78\" srcset=\"https:\/\/www.afitecol.com\/wp-content\/uploads\/2014\/11\/Espan\u0303a2013a.png 455w, https:\/\/www.afitecol.com\/wp-content\/uploads\/2014\/11\/Espan\u0303a2013a-300x238.png 300w\" sizes=\"(max-width: 98px) 85vw, 98px\" \/><\/a> <a href=\"https:\/\/www.afitecol.com\/wp-content\/uploads\/2014\/11\/Espan\u0303a2013.png\" target=\"_blank\"><img loading=\"lazy\" decoding=\"async\" class=\"alignnone size-full wp-image-8608\" style=\"border: 0px; margin: 5px;\" title=\"Espan\u0303a2013\" src=\"https:\/\/www.afitecol.com\/wp-content\/uploads\/2014\/11\/Espan\u0303a2013.png\" alt=\"Espan\u0303a2013\" width=\"75\" height=\"52\" srcset=\"https:\/\/www.afitecol.com\/wp-content\/uploads\/2014\/11\/Espan\u0303a2013.png 347w, https:\/\/www.afitecol.com\/wp-content\/uploads\/2014\/11\/Espan\u0303a2013-300x209.png 300w\" sizes=\"(max-width: 75px) 85vw, 75px\" \/><\/a> El premio a la mejor prueba de lujo lo obtuvo Espa\u00f1a con la emisi\u00f3n <strong>\u00abTapices: Patrimonio Nacional<\/strong>\u00ab, emitida el 23 de abril de 2013, y que representa la Boda de Odotano, Rey de Palmira y Zenobia, su segunda esposa.<\/p>\n<p><strong>Premio a la Mejor Moneda del Mundo: Bielorrusia<\/strong><\/p>\n<p>El premio a la mejor moneda del mundo fue concedido a Bielorrusia<\/p>\n<p>Tambi\u00e9n se concedieron premios a las siguientes <strong><a href=\"https:\/\/www.afitecol.com\/?p=8527\" target=\"_blank\">Categor\u00edas Numism\u00e1ticas<\/a><\/strong>:\u00a0Moneda con el Mejor Dise\u00f1o del Mundo, la de Formato m\u00e1s Original, la m\u00e1s Innovadora, la Mejor Moneda de Curso Legal y Conmemorativa, la Mejor Moneda por Metal (Oro, Plata y Otros Metales), el Mejor Billete y la Mejor Medalla Conmemorativa del Mundo.<\/p>\n<p><strong>AFITECOL<\/strong> felicita a todos los pa\u00edses participantes, en especial a los ganadores ganadores, representados por las Administraciones Postales y las Casas de Moneda<\/p>\n<p><strong>AFITECOL<\/strong> espera que los Correos de Colombia, en manos de 4-72 la Red Postal de Colombia, tenga la posibilidad de competir por estos Premios en el a\u00f1os 2016, puesto que en el a\u00f1o 2015 creemos ser\u00e1 imposible dada las muy escasas emisiones en este a\u00f1o de 2014, puesto que hasta el momento solo se han realizado oficialmente cinco emisiones:<\/p>\n<p><strong><a href=\"https:\/\/www.afitecol.com\/?p=7767\" target=\"_blank\">\u201cPereira 150 a\u00f1os 1863 \u2013 2013\u201d<\/a><\/strong>, emisi\u00f3n realizada el 13 de marzo de 2014;<\/p>\n<p><strong><a href=\"https:\/\/www.afitecol.com\/?p=7755\" target=\"_blank\">\u201cPrimer Centenario del Gimnasio Moderno 1914 \u2013 2014\u201d<\/a><\/strong> , emisi\u00f3n efectuada el 18 de marzo de 2014;<\/p>\n<p><strong><a href=\"https:\/\/www.afitecol.com\/?p=7915\" target=\"_blank\">\u201cArtesan\u00edas de Colombia 50 a\u00f1os (1964 \u2013 2014)\u201d<\/a><\/strong>,  emisi\u00f3n formalizada el 13 de mayo de 2014;<\/p>\n<p><strong><a href=\"https:\/\/www.afitecol.com\/?p=7993\" target=\"_blank\">\u201cColombia rumbo a Brasil Emisi\u00f3n\u201d<\/a><\/strong>, emisi\u00f3n llevada a cabo el 23 de mayo de 2014 e<\/p>\n<p><strong><a href=\"https:\/\/www.afitecol.com\/?p=8174\" target=\"_blank\">\u00abHistoria de una pasi\u00f3n: Colombia en los mundiales de F\u00fatbol\u00bb<\/a><\/strong>,  Emisi\u00f3n junio 8 de 2014<\/p>\n","protected":false},"excerpt":{"rendered":"<p>El 31 de Octubre de 2014 se llev\u00f3 a cabo, como estaba programada, la Solemne Gala de Premios Nexofil a las Mejores Estampillas en el mundo emitidas durante el a\u00f1o 2013 y los Premios Nexonum a las Mejores Monedas acu\u00f1adas en el mundo en el a\u00f1o 2013. El Acto de Gala El Acto de Gala &hellip; <a href=\"https:\/\/www.afitecol.com\/?p=8570\" class=\"more-link\">Continuar leyendo<span class=\"screen-reader-text\"> \u00abEntrega Premios a la Mejor Estampilla y a la Mejor Moneda del Mundo\u00bb<\/span><\/a><\/p>\n","protected":false},"author":2,"featured_media":0,"comment_status":"open","ping_status":"closed","sticky":false,"template":"","format":"standard","meta":{"footnotes":""},"categories":[9],"tags":[],"class_list":["post-8570","post","type-post","status-publish","format-standard","hentry","category-noticias-filatelicas"],"_links":{"self":[{"href":"https:\/\/www.afitecol.com\/index.php?rest_route=\/wp\/v2\/posts\/8570"}],"collection":[{"href":"https:\/\/www.afitecol.com\/index.php?rest_route=\/wp\/v2\/posts"}],"about":[{"href":"https:\/\/www.afitecol.com\/index.php?rest_route=\/wp\/v2\/types\/post"}],"author":[{"embeddable":true,"href":"https:\/\/www.afitecol.com\/index.php?rest_route=\/wp\/v2\/users\/2"}],"replies":[{"embeddable":true,"href":"https:\/\/www.afitecol.com\/index.php?rest_route=%2Fwp%2Fv2%2Fcomments&post=8570"}],"version-history":[{"count":30,"href":"https:\/\/www.afitecol.com\/index.php?rest_route=\/wp\/v2\/posts\/8570\/revisions"}],"predecessor-version":[{"id":8624,"href":"https:\/\/www.afitecol.com\/index.php?rest_route=\/wp\/v2\/posts\/8570\/revisions\/8624"}],"wp:attachment":[{"href":"https:\/\/www.afitecol.com\/index.php?rest_route=%2Fwp%2Fv2%2Fmedia&parent=8570"}],"wp:term":[{"taxonomy":"category","embeddable":true,"href":"https:\/\/www.afitecol.com\/index.php?rest_route=%2Fwp%2Fv2%2Fcategories&post=8570"},{"taxonomy":"post_tag","embeddable":true,"href":"https:\/\/www.afitecol.com\/index.php?rest_route=%2Fwp%2Fv2%2Ftags&post=8570"}],"curies":[{"name":"wp","href":"https:\/\/api.w.org\/{rel}","templated":true}]}}