{"id":8174,"date":"2014-07-11T12:56:53","date_gmt":"2014-07-11T12:56:53","guid":{"rendered":"http:\/\/www.afitecol.com\/?p=8174"},"modified":"2018-04-13T23:09:50","modified_gmt":"2018-04-13T23:09:50","slug":"emision-%e2%80%9chistoria-de-una-pasion-colombia-en-los-mundiales-de-futbol%e2%80%9d","status":"publish","type":"post","link":"https:\/\/www.afitecol.com\/?p=8174","title":{"rendered":"Emisi\u00f3n postal: \u201cHistoria de una pasi\u00f3n: Colombia en los Mundiales de F\u00fatbol\u201d"},"content":{"rendered":"<p><strong>La Selecci\u00f3n de F\u00fatbol de Colombia<\/strong><\/p>\n<p><a href=\"https:\/\/www.afitecol.com\/wp-content\/uploads\/2014\/07\/Brasil1-1024x525.jpg\" target=\"_blank\"><img loading=\"lazy\" decoding=\"async\" class=\"alignnone size-large wp-image-8176\" style=\"border: 0px; margin: 5px;\" title=\"Brasil1\" src=\"https:\/\/www.afitecol.com\/wp-content\/uploads\/2014\/07\/Brasil1-1024x525.jpg\" alt=\"Brasil1\" width=\"133\" height=\"68\" srcset=\"https:\/\/www.afitecol.com\/wp-content\/uploads\/2014\/07\/Brasil1-1024x525.jpg 1024w, https:\/\/www.afitecol.com\/wp-content\/uploads\/2014\/07\/Brasil1-300x153.jpg 300w, https:\/\/www.afitecol.com\/wp-content\/uploads\/2014\/07\/Brasil1.jpeg 1620w\" sizes=\"(max-width: 133px) 85vw, 133px\" \/><\/a> <a href=\"https:\/\/www.afitecol.com\/wp-content\/uploads\/2014\/07\/Brasil2-1024x508.jpg\" target=\"_blank\"><img loading=\"lazy\" decoding=\"async\" class=\"alignnone size-large wp-image-8177\" style=\"border: 1px solid black; margin: 5px;\" title=\"Brasil2\" src=\"https:\/\/www.afitecol.com\/wp-content\/uploads\/2014\/07\/Brasil2-1024x508.jpg\" alt=\"Brasil2\" width=\"133\" height=\"66\" srcset=\"https:\/\/www.afitecol.com\/wp-content\/uploads\/2014\/07\/Brasil2-1024x508.jpg 1024w, https:\/\/www.afitecol.com\/wp-content\/uploads\/2014\/07\/Brasil2-300x148.jpg 300w, https:\/\/www.afitecol.com\/wp-content\/uploads\/2014\/07\/Brasil2.jpeg 1656w\" sizes=\"(max-width: 133px) 85vw, 133px\" \/><\/a>La <strong>Selecci\u00f3n de F\u00fatbol de Colombia<\/strong> est\u00e1 administrada por la Federaci\u00f3n Colombiana de F\u00fatbol (FCF), la cual est\u00e1 afiliada a la Confederaci\u00f3n Sudamericana de F\u00fatbol (CONMEBOL) y a la Federaci\u00f3n Internacional de F\u00fatbol Asociaci\u00f3n (FIFA).<\/p>\n<p><strong>Clasificaci\u00f3n de Colombia a la Copa Mundial de la FIFA Brasil 2014<\/strong><\/p>\n<p>Para la <strong>Copa Mundial de F\u00fatbol de la FIFA Brasil 2014<\/strong> participaron 9 de los 10 pa\u00edses de la CONMEBOL, ya que Brasil como pa\u00eds sede, tuvo el pase directo.<\/p>\n<p>Por la <strong>CONMEBOL<\/strong> clasificaron <strong>Argentina<\/strong> (32 puntos), <strong>Colombia<\/strong> (30 puntos), <strong>Chile<\/strong> (28 puntos), <strong>Ecuador<\/strong> (24 puntos) y <strong>Uruguay<\/strong> (25 puntos).<\/p>\n<p><strong>Grupos en Brasil 2014<\/strong><\/p>\n<p>En la <strong>Copa Mundial de F\u00fatbol de la FIFA Brasil 2014<\/strong> participaron 32 equipos, repartidos en 8 grupos.<\/p>\n<p>El <strong>Equipo de Colombia<\/strong> encabez\u00f3 el <strong>Grupo C<\/strong> y tuvo como contendores deportivos a <strong>Grecia<\/strong>, <strong>Costa de Marfil<\/strong> y <strong>Jap\u00f3n<\/strong>.  Colombia clasific\u00f3 de primero del Grupo C para los Octavos de final y fue eliminado en Cuartos de final.<\/p>\n<p><strong>Posici\u00f3n en Colombia en el Ranking de la FIFA<\/strong><\/p>\n<p>La m\u00e1xima posici\u00f3n de Colombia en el ranking de la FIFA la consigui\u00f3 en el a\u00f1o 2013, cuando se ubic\u00f3 como la cuarta mejor selecci\u00f3n en el escalaf\u00f3n mundial.<\/p>\n<p>En junio de 2014 <strong>Colombia<\/strong> ocupaba el puesto N\u00ba 8 , con 1137 puntos, siendo el N\u00ba 1 Espa\u00f1a con 1485 puntos, el N\u00ba 2 Alemania con 1300, el N\u00ba 3 Brasil con 1242, el N\u00ba 4 Portugal con 1189, el N\u00ba 5 Argentina con 1175 puntos, el N\u00ba 6 Suiza con 1149 y N\u00ba 7 Uruguay con 1147.  El pr\u00f3ximo 14 de julio de 2014 se conocer\u00e1 el Nuevo Ranking de la FIFA, en donde Colombia aparecer\u00e1 posiblemente con 1492 puntos.<\/p>\n<p><strong>Participaci\u00f3n de Colombia en Mundiales de la FIFA<\/strong><\/p>\n<p>La Selecci\u00f3n de F\u00fatbol de Colombia ha participado en cinco Copas Mundiales:\u00a0<strong>Chile<\/strong> (1962), <strong>Italia<\/strong> (1990), <strong>Estados Unidos<\/strong> (1994), <strong>Francia<\/strong> (1998) y <strong>Brasil<\/strong> (2014), que se juega todav\u00eda en Brasil.<\/p>\n<p><strong>Emisiones postales de la participaci\u00f3n de Colombia en la Copa Mundial de F\u00fatbol de la FIFA Brasil 2014<\/strong>.<\/p>\n<p>Para conmemorar la participaci\u00f3n de Colombia en la Copa Mundial de F\u00fatbol de la FIFA Brasil 2014 el Gobierno de Colombia, autoriz\u00f3 la Emisi\u00f3n postal <strong><a href=\"https:\/\/www.afitecol.com\/?p=7993\" target=\"_blank\">\u201cColombia rumbo a Brasil 2014\u201d<\/a>, <\/strong>y la Emisi\u00f3n postal: <strong>\u201cHistoria de una pasi\u00f3n: Colombia en los mundiales de F\u00fatbol\u201d.<\/strong><\/p>\n<p><strong>La emisi\u00f3n<\/strong>. La emisi\u00f3n postal <strong>\u201cHistoria de una pasi\u00f3n: Colombia en los mundiales de F\u00fatbol\u201d<\/strong> consta de 5.000 carn\u00e9s, para un total de 50.000 estampillas,<\/p>\n<p><strong>El carn\u00e9.<\/strong> El carn\u00e9 de 140 x 70 mm, consta de 5 hojas filat\u00e9licas, con diez estampillas.<\/p>\n<p><strong>La hoja filat\u00e9lica<\/strong>. La hoja filat\u00e9lica lleva el nombre y la bandera del pa\u00eds sede del campeonato y el a\u00f1o de realizaci\u00f3n y contiene dos estampillas. La hoja filat\u00e9lica est\u00e1 adornada con el equipo de f\u00fatbol participante.<\/p>\n<p><strong>Chile (1962)\u00a0<a href=\"https:\/\/www.afitecol.com\/wp-content\/uploads\/2014\/07\/Brasil3-1024x538.jpg\" target=\"_blank\"><img loading=\"lazy\" decoding=\"async\" class=\"alignnone size-large wp-image-8179\" style=\"border: 0px; margin: 5px;\" title=\"Brasil3\" src=\"https:\/\/www.afitecol.com\/wp-content\/uploads\/2014\/07\/Brasil3-1024x538.jpg\" alt=\"Brasil3\" width=\"133\" height=\"70\" srcset=\"https:\/\/www.afitecol.com\/wp-content\/uploads\/2014\/07\/Brasil3-1024x538.jpg 1024w, https:\/\/www.afitecol.com\/wp-content\/uploads\/2014\/07\/Brasil3-300x157.jpg 300w, https:\/\/www.afitecol.com\/wp-content\/uploads\/2014\/07\/Brasil3.jpeg 1551w\" sizes=\"(max-width: 133px) 85vw, 133px\" \/><\/a><\/strong><\/p>\n<p><strong>Italia (1990) \u00a0<a href=\"https:\/\/www.afitecol.com\/wp-content\/uploads\/2014\/07\/Brasil4-1024x545.jpg\" target=\"_blank\"><img loading=\"lazy\" decoding=\"async\" class=\"alignnone size-large wp-image-8180\" style=\"border: 0px; margin: 5px;\" title=\"Brasil4\" src=\"https:\/\/www.afitecol.com\/wp-content\/uploads\/2014\/07\/Brasil4-1024x545.jpg\" alt=\"Brasil4\" width=\"133\" height=\"71\" srcset=\"https:\/\/www.afitecol.com\/wp-content\/uploads\/2014\/07\/Brasil4-1024x545.jpg 1024w, https:\/\/www.afitecol.com\/wp-content\/uploads\/2014\/07\/Brasil4-300x159.jpg 300w, https:\/\/www.afitecol.com\/wp-content\/uploads\/2014\/07\/Brasil4.jpeg 1560w\" sizes=\"(max-width: 133px) 85vw, 133px\" \/><\/a><\/strong><\/p>\n<p><strong>Estados Unidos (1994)\u00a0<a href=\"https:\/\/www.afitecol.com\/wp-content\/uploads\/2014\/07\/Brasil5-1024x553.jpg\" target=\"_blank\"><img loading=\"lazy\" decoding=\"async\" class=\"alignnone size-large wp-image-8181\" style=\"border: 0px; margin: 5px;\" title=\"Brasil5\" src=\"https:\/\/www.afitecol.com\/wp-content\/uploads\/2014\/07\/Brasil5-1024x553.jpg\" alt=\"Brasil5\" width=\"133\" height=\"71\" srcset=\"https:\/\/www.afitecol.com\/wp-content\/uploads\/2014\/07\/Brasil5-1024x553.jpg 1024w, https:\/\/www.afitecol.com\/wp-content\/uploads\/2014\/07\/Brasil5-300x162.jpg 300w, https:\/\/www.afitecol.com\/wp-content\/uploads\/2014\/07\/Brasil5.jpeg 1542w\" sizes=\"(max-width: 133px) 85vw, 133px\" \/><\/a><\/strong><\/p>\n<p><strong>Francia (1998)\u00a0<a href=\"https:\/\/www.afitecol.com\/wp-content\/uploads\/2014\/07\/Brasil6-1024x542.jpg\" target=\"_blank\"><img loading=\"lazy\" decoding=\"async\" class=\"alignnone size-large wp-image-8182\" style=\"border: 0px; margin: 5px;\" title=\"Brasil6\" src=\"https:\/\/www.afitecol.com\/wp-content\/uploads\/2014\/07\/Brasil6-1024x542.jpg\" alt=\"Brasil6\" width=\"133\" height=\"70\" srcset=\"https:\/\/www.afitecol.com\/wp-content\/uploads\/2014\/07\/Brasil6-1024x542.jpg 1024w, https:\/\/www.afitecol.com\/wp-content\/uploads\/2014\/07\/Brasil6-300x158.jpg 300w, https:\/\/www.afitecol.com\/wp-content\/uploads\/2014\/07\/Brasil6.jpeg 1551w\" sizes=\"(max-width: 133px) 85vw, 133px\" \/><\/a><\/strong><\/p>\n<p><strong>Brasil (2014)\u00a0<a href=\"https:\/\/www.afitecol.com\/wp-content\/uploads\/2014\/07\/Brasil7-1023x545.jpg\" target=\"_blank\"><img loading=\"lazy\" decoding=\"async\" class=\"alignnone size-large wp-image-8183\" style=\"border: 0px; margin: 5px;\" title=\"Brasil7\" src=\"https:\/\/www.afitecol.com\/wp-content\/uploads\/2014\/07\/Brasil7-1023x545.jpg\" alt=\"Brasil7\" width=\"133\" height=\"71\" srcset=\"https:\/\/www.afitecol.com\/wp-content\/uploads\/2014\/07\/Brasil7-1023x545.jpg 1023w, https:\/\/www.afitecol.com\/wp-content\/uploads\/2014\/07\/Brasil7-300x159.jpg 300w, https:\/\/www.afitecol.com\/wp-content\/uploads\/2014\/07\/Brasil7.jpeg 1578w\" sizes=\"(max-width: 133px) 85vw, 133px\" \/><\/a><\/strong><\/p>\n<p><strong>Las estampillas<\/strong>. Las estampillas en policrom\u00eda m\u00e1s una tinta especial fluorescente invisible, m\u00e1s una tinta dorada, barniz brillante y barniz mate, en papel Truwhite y goma PVA y en dos tama\u00f1os 40 x 30 mm y 30 x 40 mm, tienen un valor facial de $ 2.600.<\/p>\n<p>La estampilla de 40 x 30 mm tiene como dibujo el Logo de Coldeportes y la leyenda \u201cColombia rumbo a Brasil 2014\u201d.<\/p>\n<p>La estampilla de 30 x 40 mm tiene el Logo de la Federaci\u00f3n Colombiana de F\u00fatbol y la leyenda \u201cSelecci\u00f3n Colombia de F\u00fatbol 2014.<\/p>\n<p>Las estampillas son las mismas de la emisi\u00f3n: <strong><a href=\"https:\/\/www.afitecol.com\/?p=7993\" target=\"_blank\">\u201cColombia rumbo a Brasil 2014\u201d<\/a><\/strong><br \/>\nEl dise\u00f1o fue realizado por Mauricio Garc\u00eda y M\u00f3nica Marcela Vargas.<\/p>\n<p>La emisi\u00f3n postal <strong>\u201cHistoria de una pasi\u00f3n: Colombia en los mundiales de F\u00fatbol\u201d<\/strong> se encuentra en circulaci\u00f3n desde el 8 de julio de 2014.<\/p>\n<p><strong>AFITECOL<\/strong> felicita a todos los integrantes del equipo de F\u00fatbol de Colombia que dejaron tan en alto el nombre de nuestro pa\u00eds, y a los filatelistas que desarrollan esta tem\u00e1tica alrededor del mundo.<\/p>\n","protected":false},"excerpt":{"rendered":"<p>La Selecci\u00f3n de F\u00fatbol de Colombia La Selecci\u00f3n de F\u00fatbol de Colombia est\u00e1 administrada por la Federaci\u00f3n Colombiana de F\u00fatbol (FCF), la cual est\u00e1 afiliada a la Confederaci\u00f3n Sudamericana de F\u00fatbol (CONMEBOL) y a la Federaci\u00f3n Internacional de F\u00fatbol Asociaci\u00f3n (FIFA). Clasificaci\u00f3n de Colombia a la Copa Mundial de la FIFA Brasil 2014 Para la &hellip; <a href=\"https:\/\/www.afitecol.com\/?p=8174\" class=\"more-link\">Continuar leyendo<span class=\"screen-reader-text\"> \u00abEmisi\u00f3n postal: \u201cHistoria de una pasi\u00f3n: Colombia en los Mundiales de F\u00fatbol\u201d\u00bb<\/span><\/a><\/p>\n","protected":false},"author":2,"featured_media":0,"comment_status":"open","ping_status":"closed","sticky":false,"template":"","format":"standard","meta":{"footnotes":""},"categories":[5],"tags":[],"class_list":["post-8174","post","type-post","status-publish","format-standard","hentry","category-emisiones"],"_links":{"self":[{"href":"https:\/\/www.afitecol.com\/index.php?rest_route=\/wp\/v2\/posts\/8174"}],"collection":[{"href":"https:\/\/www.afitecol.com\/index.php?rest_route=\/wp\/v2\/posts"}],"about":[{"href":"https:\/\/www.afitecol.com\/index.php?rest_route=\/wp\/v2\/types\/post"}],"author":[{"embeddable":true,"href":"https:\/\/www.afitecol.com\/index.php?rest_route=\/wp\/v2\/users\/2"}],"replies":[{"embeddable":true,"href":"https:\/\/www.afitecol.com\/index.php?rest_route=%2Fwp%2Fv2%2Fcomments&post=8174"}],"version-history":[{"count":17,"href":"https:\/\/www.afitecol.com\/index.php?rest_route=\/wp\/v2\/posts\/8174\/revisions"}],"predecessor-version":[{"id":8198,"href":"https:\/\/www.afitecol.com\/index.php?rest_route=\/wp\/v2\/posts\/8174\/revisions\/8198"}],"wp:attachment":[{"href":"https:\/\/www.afitecol.com\/index.php?rest_route=%2Fwp%2Fv2%2Fmedia&parent=8174"}],"wp:term":[{"taxonomy":"category","embeddable":true,"href":"https:\/\/www.afitecol.com\/index.php?rest_route=%2Fwp%2Fv2%2Fcategories&post=8174"},{"taxonomy":"post_tag","embeddable":true,"href":"https:\/\/www.afitecol.com\/index.php?rest_route=%2Fwp%2Fv2%2Ftags&post=8174"}],"curies":[{"name":"wp","href":"https:\/\/api.w.org\/{rel}","templated":true}]}}