{"id":7993,"date":"2014-05-25T14:31:50","date_gmt":"2014-05-25T14:31:50","guid":{"rendered":"http:\/\/www.afitecol.com\/?p=7993"},"modified":"2018-04-13T23:10:22","modified_gmt":"2018-04-13T23:10:22","slug":"emision-%e2%80%9ccolombia-rumbo-a-brasil-2014%e2%80%9d","status":"publish","type":"post","link":"https:\/\/www.afitecol.com\/?p=7993","title":{"rendered":"Emisi\u00f3n postal: \u201cColombia rumbo a Brasil 2014\u201d"},"content":{"rendered":"<p><a href=\"https:\/\/www.afitecol.com\/wp-content\/uploads\/2014\/05\/ColombiaBrasil14a-756x1023.jpg\" target=\"_blank\"><img loading=\"lazy\" decoding=\"async\" class=\"alignnone size-large wp-image-7996\" style=\"border: 0px; margin: 5px;\" title=\"ColombiaBrasil14a\" src=\"https:\/\/www.afitecol.com\/wp-content\/uploads\/2014\/05\/ColombiaBrasil14a-756x1023.jpg\" alt=\"ColombiaBrasil14a\" width=\"98\" height=\"133\" srcset=\"https:\/\/www.afitecol.com\/wp-content\/uploads\/2014\/05\/ColombiaBrasil14a-756x1023.jpg 756w, https:\/\/www.afitecol.com\/wp-content\/uploads\/2014\/05\/ColombiaBrasil14a-221x300.jpg 221w\" sizes=\"(max-width: 98px) 85vw, 98px\" \/><\/a> <a href=\"https:\/\/www.afitecol.com\/wp-content\/uploads\/2014\/05\/ColombiaBrasil14b-758x1024.jpg\" target=\"_blank\"><img loading=\"lazy\" decoding=\"async\" class=\"alignnone size-large wp-image-7997\" style=\"border: 0px; margin: 5px;\" title=\"ColombiaBrasil14b\" src=\"https:\/\/www.afitecol.com\/wp-content\/uploads\/2014\/05\/ColombiaBrasil14b-758x1024.jpg\" alt=\"ColombiaBrasil14b\" width=\"98\" height=\"133\" srcset=\"https:\/\/www.afitecol.com\/wp-content\/uploads\/2014\/05\/ColombiaBrasil14b-758x1024.jpg 758w, https:\/\/www.afitecol.com\/wp-content\/uploads\/2014\/05\/ColombiaBrasil14b-222x300.jpg 222w\" sizes=\"(max-width: 98px) 85vw, 98px\" \/><\/a>La <strong>XX edici\u00f3n de la Copa Mundial de F\u00fatbol de la FIFA<\/strong> se realizar\u00e1 en <strong>Brasil<\/strong> entre el 7 de junio y el 13 de julio de 2014, fecha que se desarrollar\u00e1 el partido final en el Estadio Maracan\u00e1, de R\u00edo de Janeiro.<\/p>\n<p>Esta es la segunda vez que Brasil es la sede de una Copa Mundial de F\u00fatbol; la primera fue en el a\u00f1o de 1950, a\u00f1o en el cual siendo sede perdi\u00f3 el Campeonato Mundial frente a Uruguay, y lo que se conoce con nombre de \u201cMaracanazo\u201d.  El campe\u00f3n fue Uruguay.<\/p>\n<p>En 2004, la FIFA eligi\u00f3 a Sudam\u00e9rica como sede de la <strong>Copa Mundial de 2014<\/strong>. Para este evento presentaron sus candidaturas oficiales \u00fanicamente Brasil y Colombia, antes del cierre del plazo, el 18 de diciembre de 2006.<\/p>\n<p>Colombia retir\u00f3 su candidatura unos meses despu\u00e9s quedando como \u00fanico postulante Brasil. La FIFA design\u00f3 el 30 de octubre de 2007, de manera oficial, a Brasil como el pa\u00eds para desarrollar la <strong>Copa del Mundo de F\u00fatbol de 2014<\/strong>. La pr\u00f3xima Copa Mundial de F\u00fatbol se desarrollar\u00e1 en <strong>Mosc\u00fa, en 2018<\/strong>.<\/p>\n<p><strong>Participaci\u00f3n de Colombia en Copas Mundiales de F\u00fatbol<\/strong><\/p>\n<p>Colombia ha participado en cuatro versiones anteriores de la Copa Mundial de F\u00fatbol: <strong>Chile, 1962<\/strong>; <strong>Italia, 1990<\/strong>; <strong>Estados Unidos, 1994<\/strong> y <strong>Francia, 1998<\/strong> y ahora en <strong>Brasil, 2014<\/strong>. Colombia est\u00e1 en el Grupo C, del cual hacen parte Grecia, Costa de Marfil y Jap\u00f3n.<\/p>\n<p>Para conmemorar el regreso de Colombia, despu\u00e9s de 16 a\u00f1os, a un Campeonato de F\u00fatbol de la FIFA, el Gobierno de Colombia, por intermedio del Ministerio de Tecnolog\u00edas de la Informaci\u00f3n y las Comunicaciones, autoriz\u00f3 la emisi\u00f3n postal \u201cColombia rumbo a Brasil 2014\u201d, mediante Resoluci\u00f3n 0777 de abril 11 de 2014.<\/p>\n<p><strong>El acto protocolario.<\/strong> El acto protocolario de lanzamiento de la emisi\u00f3n postal   <strong>\u201cColombia rumbo a Brasil 2014\u201d<\/strong>, se llev\u00f3 a cabo en la Plaza de Armas de la Casa de Nari\u00f1o, sede del Gobierno de Colombia, con la presencia del Presidente de la Rep\u00fablica, el Vicepresidente de la Rep\u00fablica, Ministros del gabinete, directivos de la Federaci\u00f3n Colombiana de F\u00fatbol, Directivos de Coldeportes, Directivos de 4-72 La Red Postal de Colombia y teniendo como invitados especiales a los jugadores del Equipo de Colombia que participar\u00e1 en el <strong>Campeonato Mundial de F\u00fatbol Brasil 2014<\/strong>, adem\u00e1s de otros invitados especiales y filatelistas.<strong> AFITECOL<\/strong> estuvo presente en este evento filat\u00e9lico y deportivo.<\/p>\n<p><a href=\"https:\/\/www.afitecol.com\/wp-content\/uploads\/2014\/05\/ColombiaBrasilBandera.png\" target=\"_blank\"><img loading=\"lazy\" decoding=\"async\" class=\"alignnone size-full wp-image-7998\" style=\"border: 0px; margin: 5px;\" title=\"ColombiaBrasilBandera\" src=\"https:\/\/www.afitecol.com\/wp-content\/uploads\/2014\/05\/ColombiaBrasilBandera.png\" alt=\"ColombiaBrasilBandera\" width=\"91\" height=\"71\" srcset=\"https:\/\/www.afitecol.com\/wp-content\/uploads\/2014\/05\/ColombiaBrasilBandera.png 419w, https:\/\/www.afitecol.com\/wp-content\/uploads\/2014\/05\/ColombiaBrasilBandera-300x235.png 300w\" sizes=\"(max-width: 91px) 85vw, 91px\" \/><\/a>Dentro del acto protocolario del lanzamiento de la emisi\u00f3n postal <strong>\u201cColombia rumbo a Brasil 2014\u201d<\/strong>, el Presidente de la Rep\u00fablica hizo entrega de la Bandera de Colombia al capit\u00e1n de la Selecci\u00f3n colombiana de f\u00fatbol Mario Alberto Y\u00e9pez.<\/p>\n<p><strong>La emisi\u00f3n<\/strong>. La emisi\u00f3n postal <strong>\u201cColombia rumbo a Brasil 2014\u201d <\/strong>consta de 25.000 hojas filat\u00e9licas, para un total de 50.000 estampillas; adem\u00e1s, la emisi\u00f3n consta de una carpeta y un bolet\u00edn informativo.<\/p>\n<p><strong><a href=\"https:\/\/www.afitecol.com\/wp-content\/uploads\/2014\/05\/ColombiaBrasil14c-1024x717.jpg\" target=\"_blank\"><img loading=\"lazy\" decoding=\"async\" class=\"alignnone size-large wp-image-7999\" style=\"border: 0px; margin: 5px;\" title=\"ColombiaBrasil14c\" src=\"https:\/\/www.afitecol.com\/wp-content\/uploads\/2014\/05\/ColombiaBrasil14c-1024x717.jpg\" alt=\"ColombiaBrasil14c\" width=\"80\" height=\"56\" srcset=\"https:\/\/www.afitecol.com\/wp-content\/uploads\/2014\/05\/ColombiaBrasil14c-1024x717.jpg 1024w, https:\/\/www.afitecol.com\/wp-content\/uploads\/2014\/05\/ColombiaBrasil14c-300x210.jpg 300w, https:\/\/www.afitecol.com\/wp-content\/uploads\/2014\/05\/ColombiaBrasil14c.jpeg 1956w\" sizes=\"(max-width: 80px) 85vw, 80px\" \/><\/a>La hoja filat\u00e9lica<\/strong>. La hoja filat\u00e9lica numerada, est\u00e1 compuesta de 2 estampillas con la leyenda \u201cCompartamos la alegr\u00eda del mundial\u201d.<\/p>\n<p><strong>Las estampillas<\/strong>. Las estampillas en policrom\u00eda m\u00e1s una tinta especial fluorescente invisible, m\u00e1s una tinta dorada, barniz brillante y barniz mate, en papel Truwhite y goma PVA y en dos tama\u00f1os 40 x 30 mm y 30 x 40 mm, tienen un valor facial de $ 2.600.<\/p>\n<p><strong>La estampilla de 40 x 30 mm<\/strong> tiene como dibujo el Logo de Coldeportes y la leyenda \u201cColombia rumbo a Brasil 2014\u201d.<\/p>\n<p><strong>La estampilla de 30 x 40 mm<\/strong> tiene el Logo de la Federaci\u00f3n Colombiana de F\u00fatbol y la leyenda \u201cSelecci\u00f3n Colombia de F\u00fatbol 2014.<\/p>\n<p>El dise\u00f1o fue realizado por Mauricio Garc\u00eda  y M\u00f3nica Marcela Vargas.<\/p>\n<p><strong><a href=\"https:\/\/www.afitecol.com\/wp-content\/uploads\/2014\/05\/ColombiaBrasil14d-1024x548.jpg\" target=\"_blank\"><img loading=\"lazy\" decoding=\"async\" class=\"alignnone size-large wp-image-8000\" style=\"margin: 5px; border: 0px;\" title=\"ColombiaBrasil14d\" src=\"https:\/\/www.afitecol.com\/wp-content\/uploads\/2014\/05\/ColombiaBrasil14d-1024x548.jpg\" alt=\"ColombiaBrasil14d\" width=\"133\" height=\"71\" srcset=\"https:\/\/www.afitecol.com\/wp-content\/uploads\/2014\/05\/ColombiaBrasil14d-1024x548.jpg 1024w, https:\/\/www.afitecol.com\/wp-content\/uploads\/2014\/05\/ColombiaBrasil14d-300x160.jpg 300w, https:\/\/www.afitecol.com\/wp-content\/uploads\/2014\/05\/ColombiaBrasil14d.jpeg 1956w\" sizes=\"(max-width: 133px) 85vw, 133px\" \/><\/a>El sobre de Primer D\u00eda<\/strong>. Se imprimieron 700 sobres numerados de Primer D\u00eda, siendo este el d\u00eda 23 de mayo de 2014 y matasellado en la ciudad de Bogot\u00e1, D. C., Colombia.<\/p>\n<p><strong>Otras emisiones postales, de la participaci\u00f3n de Colombia en Copas Mundiales de F\u00fatbol<\/strong><\/p>\n<p><strong><a href=\"https:\/\/www.afitecol.com\/wp-content\/uploads\/2014\/05\/ColombiaItalia90-1.jpeg\"><img loading=\"lazy\" decoding=\"async\" class=\"alignnone size-large wp-image-8001\" style=\"border: 0px; margin: 5px;\" title=\"ColombiaItalia90 1\" src=\"https:\/\/www.afitecol.com\/wp-content\/uploads\/2014\/05\/ColombiaItalia90-1-1024x813.jpg\" alt=\"ColombiaItalia90 1\" width=\"133\" height=\"106\" srcset=\"https:\/\/www.afitecol.com\/wp-content\/uploads\/2014\/05\/ColombiaItalia90-1-1024x813.jpg 1024w, https:\/\/www.afitecol.com\/wp-content\/uploads\/2014\/05\/ColombiaItalia90-1-300x238.jpg 300w, https:\/\/www.afitecol.com\/wp-content\/uploads\/2014\/05\/ColombiaItalia90-1.jpeg 1620w\" sizes=\"(max-width: 133px) 85vw, 133px\" \/><\/a>1.990.  Selecci\u00f3n Colombia \u201cItalia 90\u201d<\/strong>. Fecha primer d\u00eda de emisi\u00f3n 8 de junio de 1.990. 100.000 hojas filat\u00e9licas.<\/p>\n<p><strong><a href=\"https:\/\/www.afitecol.com\/wp-content\/uploads\/2014\/05\/ColombiaUSA94.jpeg\" target=\"_blank\"><img loading=\"lazy\" decoding=\"async\" class=\"alignnone size-full wp-image-8004\" style=\"border: 0px; margin: 5px;\" title=\"ColombiaUSA94\" src=\"https:\/\/www.afitecol.com\/wp-content\/uploads\/2014\/05\/ColombiaUSA94.jpeg\" alt=\"ColombiaUSA94\" width=\"111\" height=\"82\" srcset=\"https:\/\/www.afitecol.com\/wp-content\/uploads\/2014\/05\/ColombiaUSA94.jpeg 858w, https:\/\/www.afitecol.com\/wp-content\/uploads\/2014\/05\/ColombiaUSA94-300x222.jpg 300w\" sizes=\"(max-width: 111px) 85vw, 111px\" \/><\/a> <a href=\"https:\/\/www.afitecol.com\/wp-content\/uploads\/2014\/05\/ColombiaUSA94a-1024x553.jpg\" target=\"_blank\"><img loading=\"lazy\" decoding=\"async\" class=\"alignnone size-large wp-image-8005\" style=\"border: 0px; margin: 5px;\" title=\"ColombiaUSA94a\" src=\"https:\/\/www.afitecol.com\/wp-content\/uploads\/2014\/05\/ColombiaUSA94a-1024x553.jpg\" alt=\"ColombiaUSA94a\" width=\"133\" height=\"71\" srcset=\"https:\/\/www.afitecol.com\/wp-content\/uploads\/2014\/05\/ColombiaUSA94a-1024x553.jpg 1024w, https:\/\/www.afitecol.com\/wp-content\/uploads\/2014\/05\/ColombiaUSA94a-300x162.jpg 300w, https:\/\/www.afitecol.com\/wp-content\/uploads\/2014\/05\/ColombiaUSA94a.jpeg 2031w\" sizes=\"(max-width: 133px) 85vw, 133px\" \/><\/a> <a href=\"https:\/\/www.afitecol.com\/wp-content\/uploads\/2014\/05\/ColombiaUSA94b-1024x564.jpg\" target=\"_blank\"><img loading=\"lazy\" decoding=\"async\" class=\"alignnone size-large wp-image-8006\" title=\"ColombiaUSA94b\" src=\"https:\/\/www.afitecol.com\/wp-content\/uploads\/2014\/05\/ColombiaUSA94b-1024x564.jpg\" alt=\"ColombiaUSA94b\" width=\"133\" height=\"73\" srcset=\"https:\/\/www.afitecol.com\/wp-content\/uploads\/2014\/05\/ColombiaUSA94b-1024x564.jpg 1024w, https:\/\/www.afitecol.com\/wp-content\/uploads\/2014\/05\/ColombiaUSA94b-300x165.jpg 300w, https:\/\/www.afitecol.com\/wp-content\/uploads\/2014\/05\/ColombiaUSA94b.jpeg 2007w\" sizes=\"(max-width: 133px) 85vw, 133px\" \/><\/a> 1.994.  Campeonato de F\u00fatbol USA 94<\/strong>.  Fecha primer d\u00eda de emisi\u00f3n 26 de mayo de 1994.  2.515.000 estampillas.<\/p>\n<p><strong><a href=\"https:\/\/www.afitecol.com\/wp-content\/uploads\/2014\/05\/ColombiaFrancia98-1024x558.jpg\" target=\"_blank\"><img loading=\"lazy\" decoding=\"async\" class=\"alignnone size-large wp-image-8009\" style=\"border: 0px; margin: 5px;\" title=\"ColombiaFrancia98\" src=\"https:\/\/www.afitecol.com\/wp-content\/uploads\/2014\/05\/ColombiaFrancia98-1024x558.jpg\" alt=\"ColombiaFrancia98\" width=\"133\" height=\"73\" srcset=\"https:\/\/www.afitecol.com\/wp-content\/uploads\/2014\/05\/ColombiaFrancia98-1024x558.jpg 1024w, https:\/\/www.afitecol.com\/wp-content\/uploads\/2014\/05\/ColombiaFrancia98-300x163.jpg 300w, https:\/\/www.afitecol.com\/wp-content\/uploads\/2014\/05\/ColombiaFrancia98.jpeg 1980w\" sizes=\"(max-width: 133px) 85vw, 133px\" \/><\/a>1.998.  Copa mundial Francia 98.<\/strong> Fecha primer d\u00eda de emisi\u00f3n 9 de junio de 1998. 315.000 estampillas.<\/p>\n<p><strong>Otras emisiones relacionadas con el F\u00fatbol<\/strong>.<\/p>\n<p><strong><a href=\"https:\/\/www.afitecol.com\/wp-content\/uploads\/2014\/05\/ColombiaFIFA100a\u00f1os-692x1023.jpg\" target=\"_blank\"><img loading=\"lazy\" decoding=\"async\" class=\"alignnone size-large wp-image-8010\" style=\"border: 0px; margin: 5px;\" title=\"ColombiaFIFA100a\u00f1os\" src=\"https:\/\/www.afitecol.com\/wp-content\/uploads\/2014\/05\/ColombiaFIFA100a\u00f1os-692x1023.jpg\" alt=\"ColombiaFIFA100a\u00f1os\" width=\"89\" height=\"133\" \/><\/a>2.004.  FIFA 100 a\u00f1os 1-904 \u2013 2004. Cien a\u00f1os de Historia<\/strong>. Fecha primer d\u00eda de servicio 25 de agosto de 2.004. \u00a0300.000 estampillas.<\/p>\n<p><strong>Partido de exhibici\u00f3n<\/strong><\/p>\n<p>Antes de viajar a Buenos Aires, donde la Selecci\u00f3n Colombia realizar\u00e1 dos partidos de preparaci\u00f3n antes del inicio del Campeonato de F\u00fatbol en Brasil, ofreci\u00f3 el  viernes 23 de mayo en las horas de la noche un Partido de Exhibici\u00f3n, en el Estado El Camp\u00cdn de la ciudad de Bogot\u00e1. Se jugaron dos tiempos de 15 minutos, ante m\u00e1s de 40.000 aficionados y el resultado final fue 1 gol para el Equipo Amarillo de Colombia y 1 gol para el Equipo Rojo de Colombia.<\/p>\n<p><strong>AFITECOL<\/strong> les desea a los integrantes de la Selecci\u00f3n Colombiana de F\u00fatbol el mejor de los \u00e9xitos y a los filatelistas en esta tem\u00e1tica del deporte los felicita por este nuevo motivo filat\u00e9lico para sus colecciones.<\/p>\n","protected":false},"excerpt":{"rendered":"<p>La XX edici\u00f3n de la Copa Mundial de F\u00fatbol de la FIFA se realizar\u00e1 en Brasil entre el 7 de junio y el 13 de julio de 2014, fecha que se desarrollar\u00e1 el partido final en el Estadio Maracan\u00e1, de R\u00edo de Janeiro. Esta es la segunda vez que Brasil es la sede de una &hellip; <a href=\"https:\/\/www.afitecol.com\/?p=7993\" class=\"more-link\">Continuar leyendo<span class=\"screen-reader-text\"> \u00abEmisi\u00f3n postal: \u201cColombia rumbo a Brasil 2014\u201d\u00bb<\/span><\/a><\/p>\n","protected":false},"author":2,"featured_media":0,"comment_status":"open","ping_status":"closed","sticky":false,"template":"","format":"standard","meta":{"footnotes":""},"categories":[5],"tags":[],"class_list":["post-7993","post","type-post","status-publish","format-standard","hentry","category-emisiones"],"_links":{"self":[{"href":"https:\/\/www.afitecol.com\/index.php?rest_route=\/wp\/v2\/posts\/7993"}],"collection":[{"href":"https:\/\/www.afitecol.com\/index.php?rest_route=\/wp\/v2\/posts"}],"about":[{"href":"https:\/\/www.afitecol.com\/index.php?rest_route=\/wp\/v2\/types\/post"}],"author":[{"embeddable":true,"href":"https:\/\/www.afitecol.com\/index.php?rest_route=\/wp\/v2\/users\/2"}],"replies":[{"embeddable":true,"href":"https:\/\/www.afitecol.com\/index.php?rest_route=%2Fwp%2Fv2%2Fcomments&post=7993"}],"version-history":[{"count":16,"href":"https:\/\/www.afitecol.com\/index.php?rest_route=\/wp\/v2\/posts\/7993\/revisions"}],"predecessor-version":[{"id":8197,"href":"https:\/\/www.afitecol.com\/index.php?rest_route=\/wp\/v2\/posts\/7993\/revisions\/8197"}],"wp:attachment":[{"href":"https:\/\/www.afitecol.com\/index.php?rest_route=%2Fwp%2Fv2%2Fmedia&parent=7993"}],"wp:term":[{"taxonomy":"category","embeddable":true,"href":"https:\/\/www.afitecol.com\/index.php?rest_route=%2Fwp%2Fv2%2Fcategories&post=7993"},{"taxonomy":"post_tag","embeddable":true,"href":"https:\/\/www.afitecol.com\/index.php?rest_route=%2Fwp%2Fv2%2Ftags&post=7993"}],"curies":[{"name":"wp","href":"https:\/\/api.w.org\/{rel}","templated":true}]}}