{"id":7929,"date":"2014-05-21T14:31:18","date_gmt":"2014-05-21T14:31:18","guid":{"rendered":"http:\/\/www.afitecol.com\/?p=7929"},"modified":"2014-05-21T14:31:18","modified_gmt":"2014-05-21T14:31:18","slug":"copa-cuba-internacional-de-filatelia-habana-2014","status":"publish","type":"post","link":"https:\/\/www.afitecol.com\/?p=7929","title":{"rendered":"Copa Cuba Internacional de Filatelia Habana 2014"},"content":{"rendered":"<p><a href=\"https:\/\/www.afitecol.com\/wp-content\/uploads\/2014\/05\/CubaCopaCubierta.png\" target=\"_blank\"><img loading=\"lazy\" decoding=\"async\" class=\"alignnone size-full wp-image-7943\" style=\"border: 0px; margin: 5px;\" title=\"CubaCopaCubierta\" src=\"https:\/\/www.afitecol.com\/wp-content\/uploads\/2014\/05\/CubaCopaCubierta.png\" alt=\"CubaCopaCubierta\" width=\"117\" height=\"170\" srcset=\"https:\/\/www.afitecol.com\/wp-content\/uploads\/2014\/05\/CubaCopaCubierta.png 541w, https:\/\/www.afitecol.com\/wp-content\/uploads\/2014\/05\/CubaCopaCubierta-206x300.png 206w\" sizes=\"(max-width: 117px) 85vw, 117px\" \/><\/a>Entre el 31 de mayo y el  4 de junio de 2014 se celebrar\u00e1 en la ciudad de La Habana, Cuba, la <strong>Copa Cuba Internacional de Filatelia Habana 2014<\/strong>, para conmemorar el <strong>50 Aniversario de la Federaci\u00f3n Filat\u00e9lica Cubana<\/strong> (FFC).<\/p>\n<p>En la XLVII Asamblea General de la FIAF (Federaci\u00f3n Interamericana Americana de Filatelia) realizada en R\u00edo de Janeiro, Brasil, el 24 de noviembre de 2013 se dio la sede a Cuba para realizar la <strong>Copa Cuba Internacional de Filatelia La Habana 2014<\/strong>.<\/p>\n<p>La <strong>Copa Cuba Internacional de Filatelia La Habana 2014<\/strong> es de car\u00e1cter competitivo por <strong>Equipos<\/strong>. Los Equipos corresponden a los pa\u00edses Miembros de la FIAF.<\/p>\n<p><a href=\"https:\/\/www.afitecol.com\/wp-content\/uploads\/2014\/05\/CubaExfilbo-69-1024x579.jpg\" target=\"_blank\"><img loading=\"lazy\" decoding=\"async\" class=\"alignnone size-large wp-image-7945\" style=\"border: 0px; margin: 5px;\" title=\"CubaExfilbo-69\" src=\"https:\/\/www.afitecol.com\/wp-content\/uploads\/2014\/05\/CubaExfilbo-69-1024x579.jpg\" alt=\"CubaExfilbo-69\" width=\"155\" height=\"88\" srcset=\"https:\/\/www.afitecol.com\/wp-content\/uploads\/2014\/05\/CubaExfilbo-69-1024x579.jpg 1024w, https:\/\/www.afitecol.com\/wp-content\/uploads\/2014\/05\/CubaExfilbo-69-300x169.jpg 300w, https:\/\/www.afitecol.com\/wp-content\/uploads\/2014\/05\/CubaExfilbo-69.jpeg 1998w\" sizes=\"(max-width: 155px) 85vw, 155px\" \/><\/a>Colombia, como <strong>Federaci\u00f3n Filat\u00e9lica Colombiana<\/strong> (FEFILCO), es miembro fundador de la FIAF desde su establecimiento el 8 de noviembre de 1968, evento que se realiz\u00f3 en la ciudad de M\u00e9xico. \u00a0En el programa de la conformaci\u00f3n de la FIAF se convino dar a Colombia la sede para realizar la <strong>Primera Exposici\u00f3n Filat\u00e9lica Interamericana EXFILBO-69<\/strong>, evento que tuvo lugar en la ciudad de Bogot\u00e1. Colombia, por alguna raz\u00f3n especial que desconocemos, no participar\u00e1 en este evento filat\u00e9lico de car\u00e1cter internacional por Equipos.<\/p>\n<p>En la <strong>Copa Cuba Internacional de Filatelia Habana 2014<\/strong> cada Equipo participa con cinco colecciones, cuatro para filatelistas mayores y una para filatelistas juveniles:  a. <strong>Filatelia Cl\u00e1sica<\/strong> (tradicional, historia postal, enteros postales, aerofilatelia); b. <strong>Filatelia Tem\u00e1tica<\/strong>; c. <strong>Filatelia Juvenil<\/strong>; d. <strong>Colecci\u00f3n de Un Marco<\/strong> y e. <strong>Colecci\u00f3n de cualquier clase <\/strong>a elecci\u00f3n del Equipo.<\/p>\n<p>La <strong>Copa Cuba Internacional de Filatelia Habana 2014<\/strong> se regir\u00e1 por los Reglamentos de la Federaci\u00f3n Internacional de Filatelia (FIP): GREX, GREV y DIRECTRICES; los Estatutos y Reglamentos de la FIAF y el Reglamento Particular de la Copa Cuba Internacional de Filatelia Habana 2014.<\/p>\n<p>Los siguientes son los equipos que participar\u00e1n en la\u00a0<strong>Copa Cuba Internacional de Filatelia La Habana 2014:<\/strong><\/p>\n<p><a href=\"https:\/\/www.afitecol.com\/wp-content\/uploads\/2014\/05\/Argentina.jpeg\" target=\"_blank\"><img loading=\"lazy\" decoding=\"async\" class=\"alignnone size-full wp-image-7954\" style=\"border: 0px; margin: 5px;\" title=\"Argentina\" src=\"https:\/\/www.afitecol.com\/wp-content\/uploads\/2014\/05\/Argentina.jpeg\" alt=\"Argentina\" width=\"69\" height=\"82\" srcset=\"https:\/\/www.afitecol.com\/wp-content\/uploads\/2014\/05\/Argentina.jpeg 318w, https:\/\/www.afitecol.com\/wp-content\/uploads\/2014\/05\/Argentina-252x300.jpg 252w\" sizes=\"(max-width: 69px) 85vw, 69px\" \/><\/a><a href=\"https:\/\/www.afitecol.com\/wp-content\/uploads\/2014\/05\/CubaArgentina.png\" target=\"_blank\"><img loading=\"lazy\" decoding=\"async\" class=\"alignnone size-full wp-image-7930\" style=\"border: 0px; margin: 5px;\" title=\"CubaArgentina\" src=\"https:\/\/www.afitecol.com\/wp-content\/uploads\/2014\/05\/CubaArgentina.png\" alt=\"CubaArgentina\" width=\"365\" height=\"57\" srcset=\"https:\/\/www.afitecol.com\/wp-content\/uploads\/2014\/05\/CubaArgentina.png 1015w, https:\/\/www.afitecol.com\/wp-content\/uploads\/2014\/05\/CubaArgentina-300x46.png 300w\" sizes=\"(max-width: 365px) 85vw, 365px\" \/><\/a> <a href=\"https:\/\/www.afitecol.com\/wp-content\/uploads\/2014\/05\/Brasil.jpeg\" target=\"_blank\"><img loading=\"lazy\" decoding=\"async\" class=\"alignnone size-full wp-image-7957\" style=\"border: 0px; margin: 5px;\" title=\"Brasil\" src=\"https:\/\/www.afitecol.com\/wp-content\/uploads\/2014\/05\/Brasil.jpeg\" alt=\"Brasil\" width=\"71\" height=\"83\" srcset=\"https:\/\/www.afitecol.com\/wp-content\/uploads\/2014\/05\/Brasil.jpeg 327w, https:\/\/www.afitecol.com\/wp-content\/uploads\/2014\/05\/Brasil-253x300.jpg 253w\" sizes=\"(max-width: 71px) 85vw, 71px\" \/><\/a><a href=\"https:\/\/www.afitecol.com\/wp-content\/uploads\/2014\/05\/CubaBrasil.png\" target=\"_blank\"><img loading=\"lazy\" decoding=\"async\" class=\"alignnone size-full wp-image-7931\" style=\"border: 0px; margin: 5px;\" title=\"CubaBrasil\" src=\"https:\/\/www.afitecol.com\/wp-content\/uploads\/2014\/05\/CubaBrasil.png\" alt=\"CubaBrasil\" width=\"362\" height=\"58\" srcset=\"https:\/\/www.afitecol.com\/wp-content\/uploads\/2014\/05\/CubaBrasil.png 1007w, https:\/\/www.afitecol.com\/wp-content\/uploads\/2014\/05\/CubaBrasil-300x47.png 300w\" sizes=\"(max-width: 362px) 85vw, 362px\" \/><\/a><\/p>\n<p><a href=\"https:\/\/www.afitecol.com\/wp-content\/uploads\/2014\/05\/CostaRica.jpeg\" target=\"_blank\"><img loading=\"lazy\" decoding=\"async\" class=\"alignnone size-full wp-image-7975\" style=\"border: 0px; margin: 5px;\" title=\"CostaRica\" src=\"https:\/\/www.afitecol.com\/wp-content\/uploads\/2014\/05\/CostaRica.jpeg\" alt=\"CostaRica\" width=\"69\" height=\"78\" srcset=\"https:\/\/www.afitecol.com\/wp-content\/uploads\/2014\/05\/CostaRica.jpeg 318w, https:\/\/www.afitecol.com\/wp-content\/uploads\/2014\/05\/CostaRica-265x300.jpg 265w\" sizes=\"(max-width: 69px) 85vw, 69px\" \/><\/a> <a href=\"https:\/\/www.afitecol.com\/wp-content\/uploads\/2014\/05\/CostaRica.png\" target=\"_blank\"><img loading=\"lazy\" decoding=\"async\" class=\"alignnone size-full wp-image-7978\" style=\"margin: 5px; border: 0px;\" title=\"CostaRica\" src=\"https:\/\/www.afitecol.com\/wp-content\/uploads\/2014\/05\/CostaRica.png\" alt=\"CostaRica\" width=\"388\" height=\"62\" srcset=\"https:\/\/www.afitecol.com\/wp-content\/uploads\/2014\/05\/CostaRica.png 647w, https:\/\/www.afitecol.com\/wp-content\/uploads\/2014\/05\/CostaRica-300x48.png 300w\" sizes=\"(max-width: 388px) 85vw, 388px\" \/><\/a> <a href=\"https:\/\/www.afitecol.com\/wp-content\/uploads\/2014\/05\/Cuba.jpeg\" target=\"_blank\"><img loading=\"lazy\" decoding=\"async\" class=\"alignnone size-full wp-image-7961\" style=\"border: 0px; margin: 5px;\" title=\"Cuba\" src=\"https:\/\/www.afitecol.com\/wp-content\/uploads\/2014\/05\/Cuba.jpeg\" alt=\"Cuba\" width=\"63\" height=\"69\" srcset=\"https:\/\/www.afitecol.com\/wp-content\/uploads\/2014\/05\/Cuba.jpeg 291w, https:\/\/www.afitecol.com\/wp-content\/uploads\/2014\/05\/Cuba-274x300.jpg 274w\" sizes=\"(max-width: 63px) 85vw, 63px\" \/><\/a> <a href=\"https:\/\/www.afitecol.com\/wp-content\/uploads\/2014\/05\/CubaCuba.png\" target=\"_blank\"><img loading=\"lazy\" decoding=\"async\" class=\"alignnone size-full wp-image-7933\" style=\"border: 0px; margin: 5px;\" title=\"CubaCuba\" src=\"https:\/\/www.afitecol.com\/wp-content\/uploads\/2014\/05\/CubaCuba.png\" alt=\"CubaCuba\" width=\"365\" height=\"57\" srcset=\"https:\/\/www.afitecol.com\/wp-content\/uploads\/2014\/05\/CubaCuba.png 1015w, https:\/\/www.afitecol.com\/wp-content\/uploads\/2014\/05\/CubaCuba-300x46.png 300w\" sizes=\"(max-width: 365px) 85vw, 365px\" \/><\/a><\/p>\n<p><a href=\"https:\/\/www.afitecol.com\/wp-content\/uploads\/2014\/05\/Ecuador.jpeg\" target=\"_blank\"><img loading=\"lazy\" decoding=\"async\" class=\"alignnone size-full wp-image-7962\" style=\"border: 0px; margin: 5px;\" title=\"Ecuador\" src=\"https:\/\/www.afitecol.com\/wp-content\/uploads\/2014\/05\/Ecuador.jpeg\" alt=\"Ecuador\" width=\"71\" height=\"85\" srcset=\"https:\/\/www.afitecol.com\/wp-content\/uploads\/2014\/05\/Ecuador.jpeg 327w, https:\/\/www.afitecol.com\/wp-content\/uploads\/2014\/05\/Ecuador-249x300.jpg 249w\" sizes=\"(max-width: 71px) 85vw, 71px\" \/><\/a> <a href=\"https:\/\/www.afitecol.com\/wp-content\/uploads\/2014\/05\/CubaEcuador.png\" target=\"_blank\"><img loading=\"lazy\" decoding=\"async\" class=\"alignnone size-full wp-image-7934\" style=\"border: 0px; margin: 5px;\" title=\"CubaEcuador\" src=\"https:\/\/www.afitecol.com\/wp-content\/uploads\/2014\/05\/CubaEcuador.png\" alt=\"CubaEcuador\" width=\"365\" height=\"59\" srcset=\"https:\/\/www.afitecol.com\/wp-content\/uploads\/2014\/05\/CubaEcuador.png 1014w, https:\/\/www.afitecol.com\/wp-content\/uploads\/2014\/05\/CubaEcuador-300x48.png 300w\" sizes=\"(max-width: 365px) 85vw, 365px\" \/><\/a> <a href=\"https:\/\/www.afitecol.com\/wp-content\/uploads\/2014\/05\/Espan\u0303a.jpeg\" target=\"_blank\"><img loading=\"lazy\" decoding=\"async\" class=\"alignnone size-full wp-image-7963\" style=\"border: 0px; margin: 5px;\" title=\"Espan\u0303a\" src=\"https:\/\/www.afitecol.com\/wp-content\/uploads\/2014\/05\/Espan\u0303a.jpeg\" alt=\"Espan\u0303a\" width=\"63\" height=\"74\" srcset=\"https:\/\/www.afitecol.com\/wp-content\/uploads\/2014\/05\/Espan\u0303a.jpeg 291w, https:\/\/www.afitecol.com\/wp-content\/uploads\/2014\/05\/Espan\u0303a-255x300.jpg 255w\" sizes=\"(max-width: 63px) 85vw, 63px\" \/><\/a><a href=\"https:\/\/www.afitecol.com\/wp-content\/uploads\/2014\/05\/CubaEspan\u0303a.png\" target=\"_blank\"><img loading=\"lazy\" decoding=\"async\" class=\"alignnone size-full wp-image-7950\" style=\"border: 0px; margin: 5px;\" title=\"CubaEspan\u0303a\" src=\"https:\/\/www.afitecol.com\/wp-content\/uploads\/2014\/05\/CubaEspan\u0303a.png\" alt=\"CubaEspan\u0303a\" width=\"365\" height=\"58\" srcset=\"https:\/\/www.afitecol.com\/wp-content\/uploads\/2014\/05\/CubaEspan\u0303a.png 1013w, https:\/\/www.afitecol.com\/wp-content\/uploads\/2014\/05\/CubaEspan\u0303a-300x47.png 300w\" sizes=\"(max-width: 365px) 85vw, 365px\" \/><\/a><\/p>\n<p><a href=\"https:\/\/www.afitecol.com\/wp-content\/uploads\/2014\/05\/EstadosUnidos.jpeg\" target=\"_blank\"><img loading=\"lazy\" decoding=\"async\" class=\"alignnone size-full wp-image-7965\" style=\"border: 0px; margin: 5px;\" title=\"EstadosUnidos\" src=\"https:\/\/www.afitecol.com\/wp-content\/uploads\/2014\/05\/EstadosUnidos.jpeg\" alt=\"EstadosUnidos\" width=\"69\" height=\"71\" srcset=\"https:\/\/www.afitecol.com\/wp-content\/uploads\/2014\/05\/EstadosUnidos.jpeg 318w, https:\/\/www.afitecol.com\/wp-content\/uploads\/2014\/05\/EstadosUnidos-291x300.jpg 291w\" sizes=\"(max-width: 69px) 85vw, 69px\" \/><\/a> <a href=\"https:\/\/www.afitecol.com\/wp-content\/uploads\/2014\/05\/CubaUSA.png\" target=\"_blank\"><img loading=\"lazy\" decoding=\"async\" class=\"alignnone size-full wp-image-7937\" style=\"border: 0px; margin: 5px;\" title=\"CubaUSA\" src=\"https:\/\/www.afitecol.com\/wp-content\/uploads\/2014\/05\/CubaUSA.png\" alt=\"CubaUSA\" width=\"364\" height=\"58\" srcset=\"https:\/\/www.afitecol.com\/wp-content\/uploads\/2014\/05\/CubaUSA.png 1010w, https:\/\/www.afitecol.com\/wp-content\/uploads\/2014\/05\/CubaUSA-300x47.png 300w\" sizes=\"(max-width: 364px) 85vw, 364px\" \/><\/a> <a href=\"https:\/\/www.afitecol.com\/wp-content\/uploads\/2014\/05\/Paraguay.jpeg\" target=\"_blank\"><img loading=\"lazy\" decoding=\"async\" class=\"alignnone size-full wp-image-7966\" style=\"border: 0px; margin: 5px;\" title=\"Paraguay\" src=\"https:\/\/www.afitecol.com\/wp-content\/uploads\/2014\/05\/Paraguay.jpeg\" alt=\"Paraguay\" width=\"71\" height=\"82\" srcset=\"https:\/\/www.afitecol.com\/wp-content\/uploads\/2014\/05\/Paraguay.jpeg 327w, https:\/\/www.afitecol.com\/wp-content\/uploads\/2014\/05\/Paraguay-259x300.jpg 259w\" sizes=\"(max-width: 71px) 85vw, 71px\" \/><\/a> <a href=\"https:\/\/www.afitecol.com\/wp-content\/uploads\/2014\/05\/Bolivia.jpeg\" target=\"_blank\"><img loading=\"lazy\" decoding=\"async\" class=\"alignnone size-full wp-image-7967\" style=\"border: 0px; margin: 5px;\" title=\"Bolivia\" src=\"https:\/\/www.afitecol.com\/wp-content\/uploads\/2014\/05\/Bolivia.jpeg\" alt=\"Bolivia\" width=\"69\" height=\"76\" srcset=\"https:\/\/www.afitecol.com\/wp-content\/uploads\/2014\/05\/Bolivia.jpeg 318w, https:\/\/www.afitecol.com\/wp-content\/uploads\/2014\/05\/Bolivia-271x300.jpg 271w\" sizes=\"(max-width: 69px) 85vw, 69px\" \/><\/a><a href=\"https:\/\/www.afitecol.com\/wp-content\/uploads\/2014\/05\/CubaParaguay-Bolivia.png\" target=\"_blank\"><img loading=\"lazy\" decoding=\"async\" class=\"alignnone size-full wp-image-7935\" style=\"border: 0px; margin: 5px;\" title=\"CubaParaguay-Bolivia\" src=\"https:\/\/www.afitecol.com\/wp-content\/uploads\/2014\/05\/CubaParaguay-Bolivia.png\" alt=\"CubaParaguay-Bolivia\" width=\"364\" height=\"56\" srcset=\"https:\/\/www.afitecol.com\/wp-content\/uploads\/2014\/05\/CubaParaguay-Bolivia.png 1012w, https:\/\/www.afitecol.com\/wp-content\/uploads\/2014\/05\/CubaParaguay-Bolivia-300x46.png 300w\" sizes=\"(max-width: 364px) 85vw, 364px\" \/><\/a><\/p>\n<p><a href=\"https:\/\/www.afitecol.com\/wp-content\/uploads\/2014\/05\/Venezuela.jpeg\" target=\"_blank\"><img loading=\"lazy\" decoding=\"async\" class=\"alignnone size-full wp-image-7969\" style=\"border: 0px; margin: 5px;\" title=\"Venezuela\" src=\"https:\/\/www.afitecol.com\/wp-content\/uploads\/2014\/05\/Venezuela.jpeg\" alt=\"Venezuela\" width=\"76\" height=\"82\" srcset=\"https:\/\/www.afitecol.com\/wp-content\/uploads\/2014\/05\/Venezuela.jpeg 351w, https:\/\/www.afitecol.com\/wp-content\/uploads\/2014\/05\/Venezuela-278x300.jpg 278w\" sizes=\"(max-width: 76px) 85vw, 76px\" \/><\/a><a href=\"https:\/\/www.afitecol.com\/wp-content\/uploads\/2014\/05\/CubaVenezuela.png\" target=\"_blank\"><img loading=\"lazy\" decoding=\"async\" class=\"alignnone size-full wp-image-7936\" style=\"border: 0px; margin: 5px;\" title=\"CubaVenezuela\" src=\"https:\/\/www.afitecol.com\/wp-content\/uploads\/2014\/05\/CubaVenezuela.png\" alt=\"CubaVenezuela\" width=\"365\" height=\"59\" srcset=\"https:\/\/www.afitecol.com\/wp-content\/uploads\/2014\/05\/CubaVenezuela.png 1013w, https:\/\/www.afitecol.com\/wp-content\/uploads\/2014\/05\/CubaVenezuela-300x48.png 300w\" sizes=\"(max-width: 365px) 85vw, 365px\" \/><\/a><\/p>\n<p><a href=\"https:\/\/www.afitecol.com\/wp-content\/uploads\/2014\/05\/CubaVenezuela.png\" target=\"_blank\"><\/a>En este tipo de competici\u00f3n resulta ganador el Equipo de mayor puntuaci\u00f3n, que resulte de la suma de los puntos alcanzados por cada una de las cinco colecciones.<\/p>\n<p>El presidente de este evento <strong>Copa Cuba Internacional de Filatelia La Habana 2014 <\/strong>es el filatelista Jos\u00e9 Ra\u00fal Lorenzo Presidente de la Federaci\u00f3n Filat\u00e9lica Cubana y amigo de <strong>AFITECOL<\/strong>.<\/p>\n<p><strong>AFITECOL <\/strong>felicita a la FFC, por intermedio de su Presidente, por sus 50 a\u00f1os de vida filat\u00e9lica.  Del mismo modo felicita a todos los equipos participantes y a los filatelistas asistentes  a la Copa Cuba Internacional de Filatelia Habana 2014 y les desea el mejor de los triunfos filat\u00e9licos y a los participantes en la Reuni\u00f3n de la FIAF en Varadero, Cuba, muchos \u00e9xitos.<\/p>\n","protected":false},"excerpt":{"rendered":"<p>Entre el 31 de mayo y el 4 de junio de 2014 se celebrar\u00e1 en la ciudad de La Habana, Cuba, la Copa Cuba Internacional de Filatelia Habana 2014, para conmemorar el 50 Aniversario de la Federaci\u00f3n Filat\u00e9lica Cubana (FFC). En la XLVII Asamblea General de la FIAF (Federaci\u00f3n Interamericana Americana de Filatelia) realizada en &hellip; <a href=\"https:\/\/www.afitecol.com\/?p=7929\" class=\"more-link\">Continuar leyendo<span class=\"screen-reader-text\"> \u00abCopa Cuba Internacional de Filatelia Habana 2014\u00bb<\/span><\/a><\/p>\n","protected":false},"author":2,"featured_media":0,"comment_status":"open","ping_status":"closed","sticky":false,"template":"","format":"standard","meta":{"footnotes":""},"categories":[9],"tags":[],"class_list":["post-7929","post","type-post","status-publish","format-standard","hentry","category-noticias-filatelicas"],"_links":{"self":[{"href":"https:\/\/www.afitecol.com\/index.php?rest_route=\/wp\/v2\/posts\/7929"}],"collection":[{"href":"https:\/\/www.afitecol.com\/index.php?rest_route=\/wp\/v2\/posts"}],"about":[{"href":"https:\/\/www.afitecol.com\/index.php?rest_route=\/wp\/v2\/types\/post"}],"author":[{"embeddable":true,"href":"https:\/\/www.afitecol.com\/index.php?rest_route=\/wp\/v2\/users\/2"}],"replies":[{"embeddable":true,"href":"https:\/\/www.afitecol.com\/index.php?rest_route=%2Fwp%2Fv2%2Fcomments&post=7929"}],"version-history":[{"count":41,"href":"https:\/\/www.afitecol.com\/index.php?rest_route=\/wp\/v2\/posts\/7929\/revisions"}],"predecessor-version":[{"id":7992,"href":"https:\/\/www.afitecol.com\/index.php?rest_route=\/wp\/v2\/posts\/7929\/revisions\/7992"}],"wp:attachment":[{"href":"https:\/\/www.afitecol.com\/index.php?rest_route=%2Fwp%2Fv2%2Fmedia&parent=7929"}],"wp:term":[{"taxonomy":"category","embeddable":true,"href":"https:\/\/www.afitecol.com\/index.php?rest_route=%2Fwp%2Fv2%2Fcategories&post=7929"},{"taxonomy":"post_tag","embeddable":true,"href":"https:\/\/www.afitecol.com\/index.php?rest_route=%2Fwp%2Fv2%2Ftags&post=7929"}],"curies":[{"name":"wp","href":"https:\/\/api.w.org\/{rel}","templated":true}]}}