{"id":7915,"date":"2014-05-14T11:35:15","date_gmt":"2014-05-14T11:35:15","guid":{"rendered":"http:\/\/www.afitecol.com\/?p=7915"},"modified":"2018-04-13T23:10:44","modified_gmt":"2018-04-13T23:10:44","slug":"emision-%e2%80%9cartesanias-de-colombia-50-anos-1964-%e2%80%93-2014%e2%80%9d","status":"publish","type":"post","link":"https:\/\/www.afitecol.com\/?p=7915","title":{"rendered":"Emisi\u00f3n postal: \u201cArtesan\u00edas de Colombia 50 a\u00f1os (1964 \u2013 2014)\u201d"},"content":{"rendered":"<p><strong><a href=\"https:\/\/www.afitecol.com\/wp-content\/uploads\/2014\/05\/EmisionArtesaniasColombia1-777x1024.jpg\" target=\"_blank\"><img loading=\"lazy\" decoding=\"async\" class=\"alignnone size-large wp-image-7918\" style=\"border: 0px; margin: 5px;\" title=\"EmisionArtesaniasColombia1\" src=\"https:\/\/www.afitecol.com\/wp-content\/uploads\/2014\/05\/EmisionArtesaniasColombia1-777x1024.jpg\" alt=\"EmisionArtesaniasColombia1\" width=\"101\" height=\"133\" srcset=\"https:\/\/www.afitecol.com\/wp-content\/uploads\/2014\/05\/EmisionArtesaniasColombia1-777x1024.jpg 777w, https:\/\/www.afitecol.com\/wp-content\/uploads\/2014\/05\/EmisionArtesaniasColombia1-227x300.jpg 227w\" sizes=\"(max-width: 101px) 85vw, 101px\" \/><\/a> <a href=\"https:\/\/www.afitecol.com\/wp-content\/uploads\/2014\/05\/EmisionArtesaniasColombia5-389x1024.jpg\" target=\"_blank\"><img loading=\"lazy\" decoding=\"async\" class=\"alignnone size-large wp-image-7919\" style=\"border: 0px; margin: 5px;\" title=\"EmisionArtesaniasColombia5\" src=\"https:\/\/www.afitecol.com\/wp-content\/uploads\/2014\/05\/EmisionArtesaniasColombia5-389x1024.jpg\" alt=\"EmisionArtesaniasColombia5\" width=\"50\" height=\"133\" srcset=\"https:\/\/www.afitecol.com\/wp-content\/uploads\/2014\/05\/EmisionArtesaniasColombia5-389x1024.jpg 389w, https:\/\/www.afitecol.com\/wp-content\/uploads\/2014\/05\/EmisionArtesaniasColombia5-114x300.jpg 114w, https:\/\/www.afitecol.com\/wp-content\/uploads\/2014\/05\/EmisionArtesaniasColombia5.jpeg 1242w\" sizes=\"(max-width: 50px) 85vw, 50px\" \/><\/a> <a href=\"https:\/\/www.afitecol.com\/wp-content\/uploads\/2014\/05\/EmisionArtesaniasColombia2-777x1024.jpg\" target=\"_blank\"><img loading=\"lazy\" decoding=\"async\" class=\"alignnone size-large wp-image-7920\" style=\"border: 0px; margin: 5px;\" title=\"EmisionArtesaniasColombia2\" src=\"https:\/\/www.afitecol.com\/wp-content\/uploads\/2014\/05\/EmisionArtesaniasColombia2-777x1024.jpg\" alt=\"EmisionArtesaniasColombia2\" width=\"101\" height=\"133\" srcset=\"https:\/\/www.afitecol.com\/wp-content\/uploads\/2014\/05\/EmisionArtesaniasColombia2-777x1024.jpg 777w, https:\/\/www.afitecol.com\/wp-content\/uploads\/2014\/05\/EmisionArtesaniasColombia2-227x300.jpg 227w\" sizes=\"(max-width: 101px) 85vw, 101px\" \/><\/a>Artesan\u00edas de Colombia<\/strong>, Sociedad de Econom\u00eda mixta del orden Nacional, fue creada el 6 de mayo de 1964, con el objetivo de promocionar y desarrollar todas las actividades sociales, educativas, culturales y econ\u00f3micas necesarias para el progreso de los artesanos de Colombia.<\/p>\n<p>En este mes <strong>Artesan\u00edas de Colombia<\/strong> est\u00e1 celebrando sus primeros 50 a\u00f1os de vida, tratando de conservar las tradiciones en el campo de las artesan\u00edas que se transmiten de generaci\u00f3n en generaci\u00f3n y apoyando su actividad artesanal, con el aporte de los recursos necesarios para contribuir en el mejoramiento de la calidad de vida de todos los que se dedican a esta actividad.<\/p>\n<p><strong>Artesan\u00edas de Colombia<\/strong> ha pasado por varias etapas: en un principio fue una empresa comercializadora de artesan\u00edas, luego pas\u00f3 a ser una empresa dedicada a la promoci\u00f3n y al fomento de las artesan\u00edas y en la actualidad tiene como objetivos el dise\u00f1o, la promoci\u00f3n y la comercializaci\u00f3n de productos artesanales a  trav\u00e9s de la realizaci\u00f3n de eventos feriales.<\/p>\n<p>Con base en este \u00faltimo objetivo <strong>Artesan\u00edas de Colombia<\/strong> ha participado en eventos de gran importancia no solo nacionales como la Feria Internacional de Bogot\u00e1, sino tambi\u00e9n internacionales como la Feria Internacional del Artesano en M\u00fanich y la Feria de Frankfurt, en Alemania; el Gift Show en Estados Unidos y la Feria Latinoamericana de la Artesan\u00eda, en Argentina.<\/p>\n<p>Para unirse a este evento, los <strong>50 a\u00f1os de Artesan\u00edas de Colombia<\/strong>, el Gobierno de Colombia, por intermedio del Ministerio de Tecnolog\u00edas de la Informaci\u00f3n y las Comunicaciones, autoriz\u00f3 la emisi\u00f3n postal <strong>\u201cArtesan\u00edas de Colombia 50 a\u00f1os (1964 \u2013 2014)\u201d<\/strong>, mediante la Resoluci\u00f3n N\u00ba 0776 del 11 de abril de 2014.<\/p>\n<p><strong>Acto protocolario<\/strong>.  El acto protocolario de lanzamiento de la emisi\u00f3n postal <strong>\u201cArtesan\u00edas de Colombia 50 a\u00f1os (1964 \u2013 2014)\u201d<\/strong> se realiz\u00f3 el 13 de mayo de 2014 en la Plaza de Armas de la Casa de Nari\u00f1o, sede del Gobierno de Colombia, en la ciudad de Bogot\u00e1, con la presencia del Presidente de la Rep\u00fablica de Colombia, Ministros del Despacho, Embajadores acreditados en Colombia, directivos de Artesan\u00edas de Colombia y de 4-72 La Red Postal de Colombia; Artesanos, que fueron condecorados en el evento; invitados especiales y filatelistas.  <strong>AFITECOL<\/strong> estuvo presente en este evento filat\u00e9lico.<\/p>\n<p><strong>La emisi\u00f3n<\/strong>. La emisi\u00f3n postal <strong>\u201cArtesan\u00edas de Colombia 50 a\u00f1os (1964 \u2013 2014)\u201d<\/strong>, consta de 10.000 hojas filat\u00e9licas, para un total de 40.000 estampillas; adem\u00e1s, la emisi\u00f3n consta de una carpeta y un bolet\u00edn informativo.<\/p>\n<p><strong><a href=\"https:\/\/www.afitecol.com\/wp-content\/uploads\/2014\/05\/EmisionArtesaniasColombia3-1024x850.jpg\" target=\"_blank\"><img loading=\"lazy\" decoding=\"async\" class=\"alignnone size-large wp-image-7922\" style=\"border: 0px; margin: 5px;\" title=\"EmisionArtesaniasColombia3\" src=\"https:\/\/www.afitecol.com\/wp-content\/uploads\/2014\/05\/EmisionArtesaniasColombia3-1024x850.jpg\" alt=\"EmisionArtesaniasColombia3\" width=\"80\" height=\"66\" srcset=\"https:\/\/www.afitecol.com\/wp-content\/uploads\/2014\/05\/EmisionArtesaniasColombia3-1024x850.jpg 1024w, https:\/\/www.afitecol.com\/wp-content\/uploads\/2014\/05\/EmisionArtesaniasColombia3-300x249.jpg 300w\" sizes=\"(max-width: 80px) 85vw, 80px\" \/><\/a>La hoja filat\u00e9lica<\/strong>. La hoja filat\u00e9lica numerada, est\u00e1 compuesta de 4 estampillas con la leyenda <strong>\u201cArtesan\u00edas de Colombia 50 a\u00f1os (1964 \u2013 2014)\u201d<\/strong> y adornada con bandeletas, donde aparecen fotograf\u00edas de artesanos representativos de algunas regiones colombianas.<\/p>\n<p><strong>Las estampillas<\/strong>. Las estampillas en policrom\u00eda m\u00e1s una tinta especial fluorescente invisible, m\u00e1s laminillas en la m\u00e1scara que aparece como la figura de la estampilla, en papel Truwhite y goma PVA y en tama\u00f1o de 40 x 40 mm, tienen un valor facial de $ 7.200.<\/p>\n<p>La estampilla tiene como dibujo la pieza representativa de la m\u00e1scara del Jaguar realizado en madera de Galapa, trabajo hecho por el artesano Manuel Pertuz y adornada con aplicaci\u00f3n de Mopa mopa de Nari\u00f1o, a cargo de Germ\u00e1n Obando.<\/p>\n<p>El dise\u00f1o fue realizado por Fabi\u00e1n Parra y Milena Mar\u00eda Mongu\u00ed.<\/p>\n<p><strong><a href=\"https:\/\/www.afitecol.com\/wp-content\/uploads\/2014\/05\/EmisionArtesaniasColombia4-1024x560.jpg\" target=\"_blank\"><img loading=\"lazy\" decoding=\"async\" class=\"alignnone size-large wp-image-7924\" style=\"border: 0px; margin: 5px;\" title=\"EmisionArtesaniasColombia4\" src=\"https:\/\/www.afitecol.com\/wp-content\/uploads\/2014\/05\/EmisionArtesaniasColombia4-1024x560.jpg\" alt=\"EmisionArtesaniasColombia4\" width=\"133\" height=\"73\" srcset=\"https:\/\/www.afitecol.com\/wp-content\/uploads\/2014\/05\/EmisionArtesaniasColombia4-1024x560.jpg 1024w, https:\/\/www.afitecol.com\/wp-content\/uploads\/2014\/05\/EmisionArtesaniasColombia4-300x164.jpg 300w\" sizes=\"(max-width: 133px) 85vw, 133px\" \/><\/a>El sobre de Primer D\u00eda<\/strong>. Se imprimieron 500 sobres numerados de Primer D\u00eda, siendo este el d\u00eda 13 de mayo de 2014 y matasellado en la ciudad de Bogot\u00e1, D. C., Colombia.<\/p>\n","protected":false},"excerpt":{"rendered":"<p>Artesan\u00edas de Colombia, Sociedad de Econom\u00eda mixta del orden Nacional, fue creada el 6 de mayo de 1964, con el objetivo de promocionar y desarrollar todas las actividades sociales, educativas, culturales y econ\u00f3micas necesarias para el progreso de los artesanos de Colombia. En este mes Artesan\u00edas de Colombia est\u00e1 celebrando sus primeros 50 a\u00f1os de &hellip; <a href=\"https:\/\/www.afitecol.com\/?p=7915\" class=\"more-link\">Continuar leyendo<span class=\"screen-reader-text\"> \u00abEmisi\u00f3n postal: \u201cArtesan\u00edas de Colombia 50 a\u00f1os (1964 \u2013 2014)\u201d\u00bb<\/span><\/a><\/p>\n","protected":false},"author":2,"featured_media":0,"comment_status":"open","ping_status":"closed","sticky":false,"template":"","format":"standard","meta":{"footnotes":""},"categories":[5],"tags":[],"class_list":["post-7915","post","type-post","status-publish","format-standard","hentry","category-emisiones"],"_links":{"self":[{"href":"https:\/\/www.afitecol.com\/index.php?rest_route=\/wp\/v2\/posts\/7915"}],"collection":[{"href":"https:\/\/www.afitecol.com\/index.php?rest_route=\/wp\/v2\/posts"}],"about":[{"href":"https:\/\/www.afitecol.com\/index.php?rest_route=\/wp\/v2\/types\/post"}],"author":[{"embeddable":true,"href":"https:\/\/www.afitecol.com\/index.php?rest_route=\/wp\/v2\/users\/2"}],"replies":[{"embeddable":true,"href":"https:\/\/www.afitecol.com\/index.php?rest_route=%2Fwp%2Fv2%2Fcomments&post=7915"}],"version-history":[{"count":9,"href":"https:\/\/www.afitecol.com\/index.php?rest_route=\/wp\/v2\/posts\/7915\/revisions"}],"predecessor-version":[{"id":11883,"href":"https:\/\/www.afitecol.com\/index.php?rest_route=\/wp\/v2\/posts\/7915\/revisions\/11883"}],"wp:attachment":[{"href":"https:\/\/www.afitecol.com\/index.php?rest_route=%2Fwp%2Fv2%2Fmedia&parent=7915"}],"wp:term":[{"taxonomy":"category","embeddable":true,"href":"https:\/\/www.afitecol.com\/index.php?rest_route=%2Fwp%2Fv2%2Fcategories&post=7915"},{"taxonomy":"post_tag","embeddable":true,"href":"https:\/\/www.afitecol.com\/index.php?rest_route=%2Fwp%2Fv2%2Ftags&post=7915"}],"curies":[{"name":"wp","href":"https:\/\/api.w.org\/{rel}","templated":true}]}}