{"id":6690,"date":"2012-12-20T13:26:00","date_gmt":"2012-12-20T13:26:00","guid":{"rendered":"http:\/\/www.afitecol.com\/?p=6690"},"modified":"2018-04-13T23:18:45","modified_gmt":"2018-04-13T23:18:45","slug":"emision-%e2%80%9cmedallistas-colombianos-en-londres-2012%e2%80%9d","status":"publish","type":"post","link":"https:\/\/www.afitecol.com\/?p=6690","title":{"rendered":"Emisi\u00f3n postal: \u201cMedallistas Colombianos en Londres 2012\u201d"},"content":{"rendered":"<p><a href=\"https:\/\/www.afitecol.com\/wp-content\/uploads\/2012\/12\/EmisionMedallistas1-772x1024.jpg\" target=\"_blank\"><img loading=\"lazy\" decoding=\"async\" class=\"alignnone size-large wp-image-6695\" style=\"margin: 5px; border: 1px solid black;\" title=\"EmisionMedallistas1\" src=\"https:\/\/www.afitecol.com\/wp-content\/uploads\/2012\/12\/EmisionMedallistas1-772x1024.jpg\" alt=\"EmisionMedallistas1\" width=\"100\" height=\"133\" srcset=\"https:\/\/www.afitecol.com\/wp-content\/uploads\/2012\/12\/EmisionMedallistas1-772x1024.jpg 772w, https:\/\/www.afitecol.com\/wp-content\/uploads\/2012\/12\/EmisionMedallistas1-226x300.jpg 226w, https:\/\/www.afitecol.com\/wp-content\/uploads\/2012\/12\/EmisionMedallistas1.jpeg 1674w\" sizes=\"(max-width: 100px) 85vw, 100px\" \/><\/a><a href=\"https:\/\/www.afitecol.com\/wp-content\/uploads\/2012\/12\/EmisionMedallistas2-772x1024.jpg\" target=\"_blank\"><img loading=\"lazy\" decoding=\"async\" class=\"alignnone size-large wp-image-6696\" style=\"border: 1px solid black; margin: 5px;\" title=\"EmisionMedallistas2\" src=\"https:\/\/www.afitecol.com\/wp-content\/uploads\/2012\/12\/EmisionMedallistas2-772x1024.jpg\" alt=\"EmisionMedallistas2\" width=\"100\" height=\"133\" srcset=\"https:\/\/www.afitecol.com\/wp-content\/uploads\/2012\/12\/EmisionMedallistas2-772x1024.jpg 772w, https:\/\/www.afitecol.com\/wp-content\/uploads\/2012\/12\/EmisionMedallistas2-226x300.jpg 226w, https:\/\/www.afitecol.com\/wp-content\/uploads\/2012\/12\/EmisionMedallistas2.jpeg 1674w\" sizes=\"(max-width: 100px) 85vw, 100px\" \/><\/a>Entre el 27 de julio y el 12 de agosto de 2012 se realizaron en Londres, Inglaterra, los\u00a0Juegos de la <strong><a href=\"https:\/\/www.afitecol.com\/?p=6180\" target=\"_blank\">XXX Olimpiada de Londres 2012<\/a><\/strong>.<\/p>\n<p>Posteriormente se celebraron en la misma ciudad de Londres los <strong>XIV Juegos Paral\u00edmpicos de Londres 2012<\/strong> desde el 29 de agosto hasta el 9 de septiembre de 2012.<\/p>\n<p>Colombia particip\u00f3 en ambos eventos deportivos, al primero con 104 atletas y al segundo con 37; en ambos casos los deportistas obtuvieron medallas de oro, plata y bronce.<\/p>\n<p>Los <strong>Juegos Ol\u00edmpicos de Londres 2012<\/strong> se convirtieron en la mejor presentaci\u00f3n de una delegaci\u00f3n colombiana en toda su historia, con sus ocho medallas logradas, superando la marca de 3 medallas obtenidas en M\u00fanich 1972. Tambi\u00e9n signific\u00f3 que Colombia lograra su segundo oro ol\u00edmpico, despu\u00e9s de los Juegos Ol\u00edmpicos de Sidney, Australia, 2000.<\/p>\n<p>La delegaci\u00f3n de atletas paral\u00edmpicos que particip\u00f3 en Londres 2012 fue as\u00ed mismo la m\u00e1s grande de su historia y en ella estuvieron presentes dos medallistas de Pek\u00edn 2008, obteniendo tambi\u00e9n medallas en Londres.<\/p>\n<p>Para recordar la asistencia de los deportistas colombianos a estas dos justas deportivas en Londres 2012 el Gobierno de Colombia por intermedio del Ministerio de Tecnolog\u00edas de la Informaci\u00f3n y las Comunicaciones autoriz\u00f3 mediante Resoluci\u00f3n N\u00ba 1952 del 3 de septiembre de 2012, una emisi\u00f3n postal denominada\u00a0<strong>\u201cMedallistas Colombianos en Londres 2012\u201d<\/strong>.<\/p>\n<p><strong>Acto protocolario<\/strong>. El acto protocolario de lanzamiento de la Emisi\u00f3n postal <strong>\u201cMedallistas Colombianos en Londres 2012\u201d<\/strong> se llev\u00f3 a cabo el d\u00eda 18 de diciembre de 2012 en el Auditorio del Comit\u00e9 Ol\u00edmpico Colombiano de la ciudad de Bogot\u00e1, Colombia, con la presencia de Representantes del Ministerio de Tecnolog\u00edas de la Informaci\u00f3n y las Comunicaciones, de Servicios Postales Nacionales, del Comit\u00e9 Ol\u00edmpico Colombiano y de los invitados de los Equipos Colombianos participantes en los dos eventos mencionados<\/p>\n<p><strong>La emisi\u00f3n<\/strong>. La\u00a0Emisi\u00f3n: <strong>\u201cMedallistas Colombianos en Londres 2012\u201d<\/strong> consta de 7.500 hojas bloque para un total de 30.000 estampillas. La emisi\u00f3n contiene adem\u00e1s el bolet\u00edn informativo y un sobre de primer d\u00eda.<\/p>\n<p><strong><a href=\"https:\/\/www.afitecol.com\/wp-content\/uploads\/2012\/12\/EmisionMedallistas5-714x1024.jpg\" target=\"_blank\"><img loading=\"lazy\" decoding=\"async\" class=\"alignnone size-large wp-image-6697\" style=\"border: 0px; margin: 5px;\" title=\"EmisionMedallistas5\" src=\"https:\/\/www.afitecol.com\/wp-content\/uploads\/2012\/12\/EmisionMedallistas5-714x1024.jpg\" alt=\"EmisionMedallistas5\" width=\"92\" height=\"133\" srcset=\"https:\/\/www.afitecol.com\/wp-content\/uploads\/2012\/12\/EmisionMedallistas5-714x1024.jpg 714w, https:\/\/www.afitecol.com\/wp-content\/uploads\/2012\/12\/EmisionMedallistas5-209x300.jpg 209w, https:\/\/www.afitecol.com\/wp-content\/uploads\/2012\/12\/EmisionMedallistas5.jpeg 1088w\" sizes=\"(max-width: 92px) 85vw, 92px\" \/><\/a>La hoja bloque<\/strong>. La hoja bloque contiene 4 estampillas, con bandeletas que muestran la foto del deportista, la clase de medalla obtenida y el deporte o disciplina donde obtuvo la presea.<\/p>\n<p><strong><a href=\"https:\/\/www.afitecol.com\/wp-content\/uploads\/2012\/12\/EmisionMedallistas7.jpeg\" target=\"_blank\"><img loading=\"lazy\" decoding=\"async\" class=\"alignnone size-full wp-image-6698\" style=\"border: 0px; margin: 5px;\" title=\"EmisionMedallistas7\" src=\"https:\/\/www.afitecol.com\/wp-content\/uploads\/2012\/12\/EmisionMedallistas7.jpeg\" alt=\"EmisionMedallistas7\" width=\"71\" height=\"90\" srcset=\"https:\/\/www.afitecol.com\/wp-content\/uploads\/2012\/12\/EmisionMedallistas7.jpeg 326w, https:\/\/www.afitecol.com\/wp-content\/uploads\/2012\/12\/EmisionMedallistas7-235x300.jpg 235w\" sizes=\"(max-width: 71px) 85vw, 71px\" \/><\/a>Las estampillas<\/strong>. Las estampillas tienen un valor facial de $ 1.800, en tama\u00f1o de 40 x 52 mm, en policrom\u00eda y una tinta especial fluorescente m\u00e1s una tinta oro en una medalla, una tinta plata en cinco medallas y una tinta bronce en las otras cuatro medallas, para el total de las diez medallas. Las estampillas est\u00e1n confeccionadas en papel Truwhite y tiene goma PVA.  Cada medalla dentro de la estampilla contiene adem\u00e1s el nombre del atleta y la disciplina o el deporte donde obtuvo la distinci\u00f3n.<\/p>\n<p>El dise\u00f1o estuvo a cargo de Fern\u00e1n P\u00e9rez Amaya.<\/p>\n<p><strong>El sobre de primer d\u00eda<\/strong>. Se imprimieron 850 sobres numerados de primer d\u00eda, siendo \u00e9ste el 18 de diciembre de 2012 y matasellado en la ciudad de Bogot\u00e1, D.C., Colombia.<\/p>\n<p><strong><a href=\"https:\/\/www.afitecol.com\/wp-content\/uploads\/2012\/12\/EmisionMedallistas3-774x1024.jpg\" target=\"_blank\"><img loading=\"lazy\" decoding=\"async\" class=\"alignnone size-large wp-image-6692\" style=\"margin: 5px;\" title=\"EmisionMedallistas3\" src=\"https:\/\/www.afitecol.com\/wp-content\/uploads\/2012\/12\/EmisionMedallistas3-774x1024.jpg\" alt=\"EmisionMedallistas3\" width=\"100\" height=\"133\" srcset=\"https:\/\/www.afitecol.com\/wp-content\/uploads\/2012\/12\/EmisionMedallistas3-774x1024.jpg 774w, https:\/\/www.afitecol.com\/wp-content\/uploads\/2012\/12\/EmisionMedallistas3-226x300.jpg 226w, https:\/\/www.afitecol.com\/wp-content\/uploads\/2012\/12\/EmisionMedallistas3.jpeg 1684w\" sizes=\"(max-width: 100px) 85vw, 100px\" \/><\/a><a href=\"https:\/\/www.afitecol.com\/wp-content\/uploads\/2012\/12\/EmisionMedallistas4-774x1024.jpg\" target=\"_blank\"><img loading=\"lazy\" decoding=\"async\" class=\"alignnone size-large wp-image-6693\" style=\"border: 0px; margin: 5px;\" title=\"EmisionMedallistas4\" src=\"https:\/\/www.afitecol.com\/wp-content\/uploads\/2012\/12\/EmisionMedallistas4-774x1024.jpg\" alt=\"EmisionMedallistas4\" width=\"100\" height=\"133\" srcset=\"https:\/\/www.afitecol.com\/wp-content\/uploads\/2012\/12\/EmisionMedallistas4-774x1024.jpg 774w, https:\/\/www.afitecol.com\/wp-content\/uploads\/2012\/12\/EmisionMedallistas4-226x300.jpg 226w, https:\/\/www.afitecol.com\/wp-content\/uploads\/2012\/12\/EmisionMedallistas4.jpeg 1674w\" sizes=\"(max-width: 100px) 85vw, 100px\" \/><\/a>AFITECOL<\/strong> felicita a los Deportistas que dejaron tan en alto el nombre de Colombia en los <strong>Juegos de la XXX Olimpiada de Londres 2012<\/strong> y en los <strong>XIV Juegos Paral\u00edmpicos de Londres 2012<\/strong>, y que se hicieron acreedores a las Medallas que quedar\u00e1n para siempre registradas en estas estampillas.<\/p>\n","protected":false},"excerpt":{"rendered":"<p>Entre el 27 de julio y el 12 de agosto de 2012 se realizaron en Londres, Inglaterra, los\u00a0Juegos de la XXX Olimpiada de Londres 2012. Posteriormente se celebraron en la misma ciudad de Londres los XIV Juegos Paral\u00edmpicos de Londres 2012 desde el 29 de agosto hasta el 9 de septiembre de 2012. Colombia particip\u00f3 &hellip; <a href=\"https:\/\/www.afitecol.com\/?p=6690\" class=\"more-link\">Continuar leyendo<span class=\"screen-reader-text\"> \u00abEmisi\u00f3n postal: \u201cMedallistas Colombianos en Londres 2012\u201d\u00bb<\/span><\/a><\/p>\n","protected":false},"author":2,"featured_media":0,"comment_status":"open","ping_status":"closed","sticky":false,"template":"","format":"standard","meta":{"footnotes":""},"categories":[5],"tags":[],"class_list":["post-6690","post","type-post","status-publish","format-standard","hentry","category-emisiones"],"_links":{"self":[{"href":"https:\/\/www.afitecol.com\/index.php?rest_route=\/wp\/v2\/posts\/6690"}],"collection":[{"href":"https:\/\/www.afitecol.com\/index.php?rest_route=\/wp\/v2\/posts"}],"about":[{"href":"https:\/\/www.afitecol.com\/index.php?rest_route=\/wp\/v2\/types\/post"}],"author":[{"embeddable":true,"href":"https:\/\/www.afitecol.com\/index.php?rest_route=\/wp\/v2\/users\/2"}],"replies":[{"embeddable":true,"href":"https:\/\/www.afitecol.com\/index.php?rest_route=%2Fwp%2Fv2%2Fcomments&post=6690"}],"version-history":[{"count":10,"href":"https:\/\/www.afitecol.com\/index.php?rest_route=\/wp\/v2\/posts\/6690\/revisions"}],"predecessor-version":[{"id":6705,"href":"https:\/\/www.afitecol.com\/index.php?rest_route=\/wp\/v2\/posts\/6690\/revisions\/6705"}],"wp:attachment":[{"href":"https:\/\/www.afitecol.com\/index.php?rest_route=%2Fwp%2Fv2%2Fmedia&parent=6690"}],"wp:term":[{"taxonomy":"category","embeddable":true,"href":"https:\/\/www.afitecol.com\/index.php?rest_route=%2Fwp%2Fv2%2Fcategories&post=6690"},{"taxonomy":"post_tag","embeddable":true,"href":"https:\/\/www.afitecol.com\/index.php?rest_route=%2Fwp%2Fv2%2Ftags&post=6690"}],"curies":[{"name":"wp","href":"https:\/\/api.w.org\/{rel}","templated":true}]}}