{"id":66,"date":"2008-05-29T16:54:21","date_gmt":"2008-05-29T14:54:21","guid":{"rendered":"http:\/\/www.afitecol.com\/?p=66"},"modified":"2025-03-14T17:45:39","modified_gmt":"2025-03-14T22:45:39","slug":"lanzamiento-nueva-marca-operador-postal","status":"publish","type":"post","link":"https:\/\/www.afitecol.com\/?p=66","title":{"rendered":"Emisi\u00f3n postal: \u00ab4-72, La Red Postal de Colombia\u00bb"},"content":{"rendered":"<p class=\"MsoNormal\"><a href=\"https:\/\/www.afitecol.com\/wp-content\/uploads\/2009\/09\/emision4-72cara.jpg\"><img loading=\"lazy\" decoding=\"async\" class=\"alignleft size-medium wp-image-1579\" style=\"border: 1px solid black; margin: 5px;\" title=\"emision4-72cara\" src=\"https:\/\/www.afitecol.com\/wp-content\/uploads\/2009\/09\/emision4-72cara-300x237.jpg\" alt=\"\" width=\"150\" height=\"118\" srcset=\"https:\/\/www.afitecol.com\/wp-content\/uploads\/2009\/09\/emision4-72cara-300x237.jpg 300w, https:\/\/www.afitecol.com\/wp-content\/uploads\/2009\/09\/emision4-72cara.jpg 772w\" sizes=\"(max-width: 150px) 85vw, 150px\" \/><\/a><strong>Lanzamiento Nueva Marca Operador Postal.<\/strong><\/p>\n<p class=\"MsoNormal\">El 28 de mayo del a\u00f1o en curso tuvo lugar el Lanzamiento de la <strong>Nueva Marca del Operador Postal Oficial<\/strong> de Colombia. El evento que se realiz\u00f3 en el Centro Interactivo Maloka en Bogot\u00e1, D.C. cont\u00f3 con un nutrido grupo de personas invitadas especialmente al evento, entre las cuales la Doctora Mar\u00eda del Rosario Guerra, Ministra de Comunicaciones y el Doctor Juan Ernesto Vargas Uribe, presidente de Servicios Postales Nacionales, fueron los encargados de la parte central del evento.<\/p>\n<p class=\"MsoNormal\"><a href=\"https:\/\/www.afitecol.com\/wp-content\/uploads\/2009\/09\/emision4-72contracara.jpg\"><img loading=\"lazy\" decoding=\"async\" class=\"alignleft size-medium wp-image-1580\" style=\"border: 1px solid black; margin: 5px;\" title=\"emision4-72contracara\" src=\"https:\/\/www.afitecol.com\/wp-content\/uploads\/2009\/09\/emision4-72contracara-300x197.jpg\" alt=\"\" width=\"150\" height=\"102\" \/><\/a>La <strong>Marca 4-72<\/strong>, la Red Postal de Colombia tiene como significado el sistema de coordenadas esf\u00e9ricas alineadas con el eje de rotaci\u00f3n que identifica globalmente la posici\u00f3n de Colombia en la Tierra: 4 grados latitud norte, 72 grados longitud oeste, l\u00edneas que al cruzarse, ubican el centro geogr\u00e1fico de nuestro pa\u00eds, justo en el punto donde se erige el <strong>Obelisco del Alto de Menegua<\/strong>, cerca de Puerto L\u00f3pez en los Llanos Orientales. Seg\u00fan palabras del Doctor Vargas, \u201cson las coordenadas exactas, en casa, en la oficina, en la f\u00e1brica, en el campo o en la ciudad, municipio, corregimiento o caser\u00edo. Siempre manteniendo el grato deber de alegrar, informar, dar respuesta, contribuir a una mejor sociedad, a una mejor humanidad\u201d.<\/p>\n<p class=\"MsoNormal\">\u201cDesde San Andr\u00e9s a Leticia &#8211; De Nari\u00f1o a C\u00facuta \u2013 De Urab\u00e1 al Vichada \u2013 Con el joropo, la chirim\u00eda, el bambuco, el vallenato \u2013 Con la almoj\u00e1bana, el champ\u00fas y la arepa\u00b4 e huevo \u2013 Con los colores de un pa\u00eds que vive intensamente cada d\u00eda\u201d.<\/p>\n<p class=\"MsoNormal\"><strong>Lanzamiento Portal de Afitecol<\/strong><\/p>\n<p class=\"MsoNormal\">El Presidente de los Servicios Postales de Colombia, en su intervenci\u00f3n salud\u00f3 especialmente a los Amigos de la Filatelia Tem\u00e1tica en Colombia (<strong>AFITECOL<\/strong>) y anunci\u00f3 el <strong>Lanzamiento del Portal<\/strong> (<a href=\"https:\/\/www.afitecol.com\/\">www.afitecol.com<\/a>) que servir\u00e1 para fomentar la Filatelia, principalmente entre los j\u00f3venes, para promocionar la Filatelia Tem\u00e1tica y para ayudar a mejorar el nivel y la calidad de los Filatelistas Tem\u00e1ticos de Colombia.<\/p>\n<p class=\"MsoNormal\">Al final del evento, la Se\u00f1ora Ministra de Comunicaciones firm\u00f3 <strong>El Libro de Oro<\/strong>, como la n\u00famero uno de los amigos de <strong>AFITECOL<\/strong>. El Doctor Juan Ernesto Vargas, lo hizo como el n\u00famero dos. Para nosotros es un gran honor contar como amigos de <strong>AFITECOL<\/strong>, a los personajes colombianos mencionados anteriormente.<\/p>\n<p class=\"MsoNormal\" style=\"text-align: center;\"><a href=\"https:\/\/www.afitecol.com\/wp-content\/uploads\/2008\/06\/4-72-01.jpg\"><img loading=\"lazy\" decoding=\"async\" class=\"aligncenter size-medium wp-image-73\" title=\"4-72-01\" src=\"https:\/\/www.afitecol.com\/wp-content\/uploads\/2008\/06\/4-72-01.jpg\" alt=\"\" width=\"300\" height=\"250\" \/><\/a><\/p>\n<p class=\"MsoNormal\" style=\"text-align: center;\">En la foto de izquierda a derecha el Doctor Juan Ernesto Vargas con el resto de amigos de <strong>AFITECOL<\/strong><\/p>\n<p class=\"MsoNormal\" style=\"text-align: left;\"><strong>La emisi\u00f3n<\/strong>: la emisi\u00f3n, 4-72, La Red Postal de Colombia, aprobada por Resoluci\u00f3n N\u00ba 018 del 28 de mayo de 2008 de la Presidencia de Servicios Postales Nacionales, tiene como motivo el logo que la distinguir\u00e1 como el operador oficial de Colombia.\u00a0 Consta de 200.000 unidades; adem\u00e1s un bolet\u00edn informativo y un sobre de primer d\u00eda.<\/p>\n<p class=\"MsoNormal\" style=\"text-align: left;\"><a href=\"https:\/\/www.afitecol.com\/wp-content\/uploads\/2009\/09\/emision4-72pliego.jpg\"><img loading=\"lazy\" decoding=\"async\" class=\"alignleft size-medium wp-image-1589\" style=\"border: 1px solid black; margin: 5px;\" title=\"emision4-72pliego\" src=\"https:\/\/www.afitecol.com\/wp-content\/uploads\/2009\/09\/emision4-72pliego-300x201.jpg\" alt=\"\" width=\"150\" height=\"100\" srcset=\"https:\/\/www.afitecol.com\/wp-content\/uploads\/2009\/09\/emision4-72pliego-300x201.jpg 300w, https:\/\/www.afitecol.com\/wp-content\/uploads\/2009\/09\/emision4-72pliego.jpg 758w\" sizes=\"(max-width: 150px) 85vw, 150px\" \/><\/a><strong>El pliego. E<\/strong>l Pliego consta de 29 estampillas.<\/p>\n<p class=\"MsoNormal\"><a href=\"https:\/\/www.afitecol.com\/wp-content\/uploads\/2009\/09\/emision4-72est.jpg\"><img loading=\"lazy\" decoding=\"async\" class=\"alignleft size-medium wp-image-1586\" style=\"border: 0pt none; margin: 5px;\" title=\"emision4-72est\" src=\"https:\/\/www.afitecol.com\/wp-content\/uploads\/2009\/09\/emision4-72est-249x300.jpg\" alt=\"\" width=\"125\" height=\"150\" srcset=\"https:\/\/www.afitecol.com\/wp-content\/uploads\/2009\/09\/emision4-72est-249x300.jpg 249w, https:\/\/www.afitecol.com\/wp-content\/uploads\/2009\/09\/emision4-72est.jpg 315w\" sizes=\"(max-width: 125px) 85vw, 125px\" \/><\/a><strong>La estampilla<\/strong>: la estampilla tiene un tama\u00f1o de 30 x 30 mm, dentado 14, valor facial de $ 2.100, en papel sopal, policrom\u00eda y goma tropicalizada.\u00a0 El dise\u00f1o estuvo a cargo de Mar\u00eda Ximena Castillo.<\/p>\n<p style=\"text-align: left;\"><a href=\"https:\/\/www.afitecol.com\/wp-content\/uploads\/2009\/09\/emision4-72sobre.jpg\"><img loading=\"lazy\" decoding=\"async\" class=\"alignnone size-medium wp-image-1583\" style=\"border: 1px solid black; margin: 5px;\" title=\"emision4-72sobre\" src=\"https:\/\/www.afitecol.com\/wp-content\/uploads\/2009\/09\/emision4-72sobre-300x151.jpg\" alt=\"\" width=\"150\" height=\"75\" srcset=\"https:\/\/www.afitecol.com\/wp-content\/uploads\/2009\/09\/emision4-72sobre-300x151.jpg 300w, https:\/\/www.afitecol.com\/wp-content\/uploads\/2009\/09\/emision4-72sobre.jpg 488w\" sizes=\"(max-width: 150px) 85vw, 150px\" \/><\/a><strong>El Sobre de Primer D\u00eda<\/strong>: Se imprimieron 600 sobres numerados de primer d\u00eda de servicio, siendo \u00e9ste el 28 de mayo de 2008.<\/p>\n<p style=\"text-align: left;\"><a href=\"https:\/\/www.afitecol.com\/wp-content\/uploads\/2008\/10\/4-72sobpag.jpg\">\u00a0<\/a><\/p>\n","protected":false},"excerpt":{"rendered":"<p>Lanzamiento Nueva Marca Operador Postal. El 28 de mayo del a\u00f1o en curso tuvo lugar el Lanzamiento de la Nueva Marca del Operador Postal Oficial de Colombia. El evento que se realiz\u00f3 en el Centro Interactivo Maloka en Bogot\u00e1, D.C. cont\u00f3 con un nutrido grupo de personas invitadas especialmente al evento, entre las cuales la &hellip; <a href=\"https:\/\/www.afitecol.com\/?p=66\" class=\"more-link\">Continuar leyendo<span class=\"screen-reader-text\"> \u00abEmisi\u00f3n postal: \u00ab4-72, La Red Postal de Colombia\u00bb\u00bb<\/span><\/a><\/p>\n","protected":false},"author":2,"featured_media":0,"comment_status":"open","ping_status":"closed","sticky":false,"template":"","format":"standard","meta":{"footnotes":""},"categories":[5],"tags":[],"class_list":["post-66","post","type-post","status-publish","format-standard","hentry","category-emisiones"],"_links":{"self":[{"href":"https:\/\/www.afitecol.com\/index.php?rest_route=\/wp\/v2\/posts\/66"}],"collection":[{"href":"https:\/\/www.afitecol.com\/index.php?rest_route=\/wp\/v2\/posts"}],"about":[{"href":"https:\/\/www.afitecol.com\/index.php?rest_route=\/wp\/v2\/types\/post"}],"author":[{"embeddable":true,"href":"https:\/\/www.afitecol.com\/index.php?rest_route=\/wp\/v2\/users\/2"}],"replies":[{"embeddable":true,"href":"https:\/\/www.afitecol.com\/index.php?rest_route=%2Fwp%2Fv2%2Fcomments&post=66"}],"version-history":[{"count":27,"href":"https:\/\/www.afitecol.com\/index.php?rest_route=\/wp\/v2\/posts\/66\/revisions"}],"predecessor-version":[{"id":18260,"href":"https:\/\/www.afitecol.com\/index.php?rest_route=\/wp\/v2\/posts\/66\/revisions\/18260"}],"wp:attachment":[{"href":"https:\/\/www.afitecol.com\/index.php?rest_route=%2Fwp%2Fv2%2Fmedia&parent=66"}],"wp:term":[{"taxonomy":"category","embeddable":true,"href":"https:\/\/www.afitecol.com\/index.php?rest_route=%2Fwp%2Fv2%2Fcategories&post=66"},{"taxonomy":"post_tag","embeddable":true,"href":"https:\/\/www.afitecol.com\/index.php?rest_route=%2Fwp%2Fv2%2Ftags&post=66"}],"curies":[{"name":"wp","href":"https:\/\/api.w.org\/{rel}","templated":true}]}}