{"id":64,"date":"2008-05-29T14:52:18","date_gmt":"2008-05-29T12:52:18","guid":{"rendered":"http:\/\/www.afitecol.com\/?p=64"},"modified":"2023-05-22T09:57:31","modified_gmt":"2023-05-22T14:57:31","slug":"emision-colombia-japon-100-anos","status":"publish","type":"post","link":"https:\/\/www.afitecol.com\/?p=64","title":{"rendered":"Emisi\u00f3n postal: \u00abColombia\u2013Jap\u00f3n 100 a\u00f1os de amistad\u00bb"},"content":{"rendered":"<p><a href=\"https:\/\/www.afitecol.com\/wp-content\/uploads\/2009\/09\/emisionjaponcar.jpg\"><img loading=\"lazy\" decoding=\"async\" class=\"alignleft size-medium wp-image-1685\" style=\"border: 0pt none; margin-left: 5px; margin-right: 5px;\" title=\"emisionjaponcar\" src=\"https:\/\/www.afitecol.com\/wp-content\/uploads\/2009\/09\/emisionjaponcar-230x300.jpg\" alt=\"\" width=\"138\" height=\"180\" srcset=\"https:\/\/www.afitecol.com\/wp-content\/uploads\/2009\/09\/emisionjaponcar-230x300.jpg 230w, https:\/\/www.afitecol.com\/wp-content\/uploads\/2009\/09\/emisionjaponcar.jpg 612w\" sizes=\"(max-width: 138px) 85vw, 138px\" \/><\/a><strong>Emisi\u00f3n postal: \u00abColombia &#8211; Jap\u00f3n: 100 a\u00f1os de amistad\u00bb.<\/strong><\/p>\n<p><strong>Acto Protocolario:<\/strong> El pasado 22 de mayo del presente a\u00f1o, en el Sal\u00f3n de Protocolo<a href=\"https:\/\/www.afitecol.com\/wp-content\/uploads\/2009\/09\/emisionjaponcontrcar.jpg\"><img loading=\"lazy\" decoding=\"async\" class=\"alignright size-medium wp-image-1686\" style=\"border: 0pt none; margin: 5px;\" title=\"emisionjaponcontrcar\" src=\"https:\/\/www.afitecol.com\/wp-content\/uploads\/2009\/09\/emisionjaponcontrcar-230x300.jpg\" alt=\"\" width=\"138\" height=\"180\" srcset=\"https:\/\/www.afitecol.com\/wp-content\/uploads\/2009\/09\/emisionjaponcontrcar-230x300.jpg 230w, https:\/\/www.afitecol.com\/wp-content\/uploads\/2009\/09\/emisionjaponcontrcar.jpg 612w\" sizes=\"(max-width: 138px) 85vw, 138px\" \/><\/a> del Palacio de San Carlos, en la ciudad de Bogot\u00e1, se realiz\u00f3 el lanzamiento de la Emisi\u00f3n Filat\u00e9lica, para conmemorar los 100 a\u00f1os de amistad entre Colombia y Jap\u00f3n.<\/p>\n<p>El acto protocolario estuvo presidido por los Doctores Fernando Araujo Perdomo, Canciller y Mar\u00eda del Rosario Guerra, Ministra de Comunicaciones, en representaci\u00f3n de Colombia, y por el se\u00f1or Tatsumaro Terazawa, Embajador de Jap\u00f3n en Colombia.<\/p>\n<p style=\"text-align: center;\"><a href=\"https:\/\/www.afitecol.com\/wp-content\/uploads\/2008\/05\/image001.jpg\"><img loading=\"lazy\" decoding=\"async\" class=\"alignnone size-medium wp-image-60\" style=\"border: 0pt none;\" title=\"Canciller y Ministra\" src=\"https:\/\/www.afitecol.com\/wp-content\/uploads\/2008\/05\/image001.jpg\" alt=\"\" width=\"300\" height=\"198\" \/><\/a><\/p>\n<p><strong>La Emisi\u00f3n:<\/strong> la emisi\u00f3n Colombia-Jap\u00f3n 100 a\u00f1os de amistad, aprobada por Resoluci\u00f3n N\u00ba 017 del 22 de mayo de 2008 de la Presidencia de Servicios Postales Nacionales, tuvo un tiraje de 100.000 unidades, adem\u00e1s de una tarjeta postal.<\/p>\n<p><a href=\"https:\/\/www.afitecol.com\/wp-content\/uploads\/2008\/05\/EmisionColombiaJaponPliego-1024x867.jpg\" target=\"_blank\" rel=\"noopener\"><img loading=\"lazy\" decoding=\"async\" class=\"alignnone size-large wp-image-5122\" style=\"margin: 5px;\" title=\"EmisionColombiaJaponPliego\" src=\"https:\/\/www.afitecol.com\/wp-content\/uploads\/2008\/05\/EmisionColombiaJaponPliego-1024x867.jpg\" alt=\"EmisionColombiaJaponPliego\" width=\"221\" height=\"187\" srcset=\"https:\/\/www.afitecol.com\/wp-content\/uploads\/2008\/05\/EmisionColombiaJaponPliego-1024x867.jpg 1024w, https:\/\/www.afitecol.com\/wp-content\/uploads\/2008\/05\/EmisionColombiaJaponPliego-300x254.jpg 300w, https:\/\/www.afitecol.com\/wp-content\/uploads\/2008\/05\/EmisionColombiaJaponPliego.jpeg 1475w\" sizes=\"(max-width: 221px) 85vw, 221px\" \/><\/a><strong>El Pliego Especial<\/strong>: el pliego especial est\u00e1 conformado 36 estampillas.<\/p>\n<p><strong>La estampilla<\/strong>: la estampilla tiene un valor facial de $ 5.200, tama\u00f1o 40 x 30 mm, en<a href=\"https:\/\/www.afitecol.com\/wp-content\/uploads\/2009\/09\/emisionjaponest1.jpg\"><img loading=\"lazy\" decoding=\"async\" class=\"alignright size-medium wp-image-1682\" style=\"border: 0pt none; margin: 5px;\" title=\"emisionjaponest1\" src=\"https:\/\/www.afitecol.com\/wp-content\/uploads\/2009\/09\/emisionjaponest1.jpg\" alt=\"\" width=\"80\" height=\"93\" \/><\/a> policrom\u00eda, papel sopal y goma tropicalizada.<\/p>\n<p>El dise\u00f1o de la estampilla estuvo a cargo de Marta Granados. El dise\u00f1ador de la carpeta, el bolet\u00edn y el sobre de primer fue Miguel Nova.<\/p>\n<p><a href=\"https:\/\/www.afitecol.com\/wp-content\/uploads\/2009\/09\/emisionjaponsobr.jpg\"><img loading=\"lazy\" decoding=\"async\" class=\"alignleft size-medium wp-image-1683\" style=\"border: 0pt none; margin: 5px;\" title=\"emisionjaponsobr\" src=\"https:\/\/www.afitecol.com\/wp-content\/uploads\/2009\/09\/emisionjaponsobr-300x159.jpg\" alt=\"\" width=\"180\" height=\"95\" srcset=\"https:\/\/www.afitecol.com\/wp-content\/uploads\/2009\/09\/emisionjaponsobr-300x159.jpg 300w, https:\/\/www.afitecol.com\/wp-content\/uploads\/2009\/09\/emisionjaponsobr.jpg 474w\" sizes=\"(max-width: 180px) 85vw, 180px\" \/><\/a><strong>El sobre de primer d\u00eda:<\/strong> se imprimieron 600 unidades numeradas de sobre de primer d\u00eda, siendo la fecha de primer d\u00eda de servicio el 22 de mayo de 2008.<\/p>\n<p><a href=\"https:\/\/www.afitecol.com\/wp-content\/uploads\/2008\/10\/coll-japsobrpag.jpg\">\u00a0<\/a><\/p>\n","protected":false},"excerpt":{"rendered":"<p>Emisi\u00f3n postal: \u00abColombia &#8211; Jap\u00f3n: 100 a\u00f1os de amistad\u00bb. Acto Protocolario: El pasado 22 de mayo del presente a\u00f1o, en el Sal\u00f3n de Protocolo del Palacio de San Carlos, en la ciudad de Bogot\u00e1, se realiz\u00f3 el lanzamiento de la Emisi\u00f3n Filat\u00e9lica, para conmemorar los 100 a\u00f1os de amistad entre Colombia y Jap\u00f3n. El acto &hellip; <a href=\"https:\/\/www.afitecol.com\/?p=64\" class=\"more-link\">Continuar leyendo<span class=\"screen-reader-text\"> \u00abEmisi\u00f3n postal: \u00abColombia\u2013Jap\u00f3n 100 a\u00f1os de amistad\u00bb\u00bb<\/span><\/a><\/p>\n","protected":false},"author":2,"featured_media":0,"comment_status":"open","ping_status":"closed","sticky":false,"template":"","format":"standard","meta":{"footnotes":""},"categories":[5],"tags":[],"class_list":["post-64","post","type-post","status-publish","format-standard","hentry","category-emisiones"],"_links":{"self":[{"href":"https:\/\/www.afitecol.com\/index.php?rest_route=\/wp\/v2\/posts\/64"}],"collection":[{"href":"https:\/\/www.afitecol.com\/index.php?rest_route=\/wp\/v2\/posts"}],"about":[{"href":"https:\/\/www.afitecol.com\/index.php?rest_route=\/wp\/v2\/types\/post"}],"author":[{"embeddable":true,"href":"https:\/\/www.afitecol.com\/index.php?rest_route=\/wp\/v2\/users\/2"}],"replies":[{"embeddable":true,"href":"https:\/\/www.afitecol.com\/index.php?rest_route=%2Fwp%2Fv2%2Fcomments&post=64"}],"version-history":[{"count":20,"href":"https:\/\/www.afitecol.com\/index.php?rest_route=\/wp\/v2\/posts\/64\/revisions"}],"predecessor-version":[{"id":348,"href":"https:\/\/www.afitecol.com\/index.php?rest_route=\/wp\/v2\/posts\/64\/revisions\/348"}],"wp:attachment":[{"href":"https:\/\/www.afitecol.com\/index.php?rest_route=%2Fwp%2Fv2%2Fmedia&parent=64"}],"wp:term":[{"taxonomy":"category","embeddable":true,"href":"https:\/\/www.afitecol.com\/index.php?rest_route=%2Fwp%2Fv2%2Fcategories&post=64"},{"taxonomy":"post_tag","embeddable":true,"href":"https:\/\/www.afitecol.com\/index.php?rest_route=%2Fwp%2Fv2%2Ftags&post=64"}],"curies":[{"name":"wp","href":"https:\/\/api.w.org\/{rel}","templated":true}]}}