{"id":6368,"date":"2012-09-03T13:21:47","date_gmt":"2012-09-03T13:21:47","guid":{"rendered":"http:\/\/www.afitecol.com\/?p=6368"},"modified":"2012-09-03T18:39:53","modified_gmt":"2012-09-03T18:39:53","slug":"marca-postal-%e2%80%9cxxvii-exposicion-filatelica-nacional-exfilbo-2012","status":"publish","type":"post","link":"https:\/\/www.afitecol.com\/?p=6368","title":{"rendered":"Marca postal: \u201cXXVII Exposici\u00f3n Filat\u00e9lica Nacional EXFILBO 2012&#8243;"},"content":{"rendered":"<p><a href=\"https:\/\/www.afitecol.com\/wp-content\/uploads\/2012\/09\/Exfilbo12Prog-753x1024.jpg\" target=\"_blank\"><img loading=\"lazy\" decoding=\"async\" class=\"alignnone size-large wp-image-6369\" style=\"border: 0px; margin: 5px;\" title=\"Exfilbo12Prog\" src=\"https:\/\/www.afitecol.com\/wp-content\/uploads\/2012\/09\/Exfilbo12Prog-753x1024.jpg\" alt=\"Exfilbo12Prog\" width=\"98\" height=\"133\" srcset=\"https:\/\/www.afitecol.com\/wp-content\/uploads\/2012\/09\/Exfilbo12Prog-753x1024.jpg 753w, https:\/\/www.afitecol.com\/wp-content\/uploads\/2012\/09\/Exfilbo12Prog-220x300.jpg 220w, https:\/\/www.afitecol.com\/wp-content\/uploads\/2012\/09\/Exfilbo12Prog.jpeg 1278w\" sizes=\"(max-width: 98px) 85vw, 98px\" \/><\/a>Entre el 1 y el 8 de septiembre de 2012 se est\u00e1 desarrollando en la ciudad de Bogot\u00e1, D. C.,  la <strong>\u201cXXVII Exposici\u00f3n Filat\u00e9lica Nacional EXFILBO 2012\u201d<\/strong>.<\/p>\n<p>Alrededor de este evento de car\u00e1cter cultural, muy importante para la ciudad y el pa\u00eds, se han programado diversos eventos, entre ellos el lanzamiento de una <strong><a href=\"https:\/\/www.afitecol.com\/?p=551\" target=\"_blank\">Marca Postal<\/a><\/strong> relacionada con la Exposici\u00f3n y como un reconocimiento a la labor filat\u00e9lica desarrollada durante muchos a\u00f1os por el Club Filat\u00e9lico de Bogot\u00e1.<\/p>\n<p>El Gobierno de Colombia, por intermedio del Ministerio de Tecnolog\u00edas de la Informaci\u00f3n y las Comunicaciones, ha querido entonces unirse a la celebraci\u00f3n de la <strong>\u00ab<strong>XXVII Exposici\u00f3n Filat\u00e9lica Nacional<\/strong> EXFILBO 2012&#8243;<\/strong> para recordar este acontecimiento cultural, con una <strong>Marca Postal<\/strong>.<\/p>\n<p><strong>La Exposici\u00f3n<\/strong>.  La <strong>\u00abXXVII Exposici\u00f3n Filat\u00e9lica Nacional\u00a0EXFILBO 2012\u00bb<\/strong>tiene como sitio de exposici\u00f3n la  sede del Club Filat\u00e9lico de Bogot\u00e1, con la participaci\u00f3n de las siguientes colecciones y autores:<\/p>\n<p>1. Colombia 1917 -1926 Perkins Issues Correpondence  (Alejandro S\u00e1nchez)<br \/>\n2. Correspondencia de N\u00fameros Litograf\u00eda Arango \u2013 Litograf\u00eda Nacional de 1904 -1909 (Alejandro S\u00e1nchez)<br \/>\n3. Estados Unidos de Colombia (Alfredo Frohlich)<br \/>\n4. Correo militar (Carlos Valenzuela) Fuera de Concurso<br \/>\n5. Colombian Airmail (Felipe Toro)<br \/>\n6. Suiza, las primeras emisiones (Hugo Goggel)<br \/>\n7. Colombia-SCADTA, cuarta emisi\u00f3n (James C. Johnson)<br \/>\n8. Cancelaciones a pluma &#8211; Tolima (Jos\u00e9 Fernando Hoyos)<br \/>\n9. Cauca, reconstrucci\u00f3n pliegos de 10 y 20 centavos (Juli\u00e1n Silva)<br \/>\n10. Colombia cl\u00e1sica (Luis Fernando Maguin)<br \/>\n11. Colombia cl\u00e1sica (Mario Ort\u00edz)<\/p>\n<p><strong>Acto Protocolario<\/strong>. El acto protocolario de lanzamiento de la Marca Postal <strong><strong>\u00abXXVII Exposici\u00f3n Filat\u00e9lica Nacional\u00a0EXFILBO 2012\u00bb<\/strong><\/strong>, tuvo lugar el 1 de septiembre de 2012, en la sede del Club Filat\u00e9lico de Bogot\u00e1, en la ciudad de Bogot\u00e1, D.C., Colombia, con la presencia de Directivos del Club Filat\u00e9lico de Bogot\u00e1,  representantes de La Red Postal de Colombia, de los autores de las colecciones de la exposici\u00f3n, de invitados especiales y de filatelistas.  <strong>AFITECOL<\/strong> estuvo presente en este programa filat\u00e9lico.<\/p>\n<p><strong><a href=\"https:\/\/www.afitecol.com\/wp-content\/uploads\/2012\/09\/Exfilbo12Sobre-1024x549.jpg\" target=\"_blank\"><img loading=\"lazy\" decoding=\"async\" class=\"alignnone size-large wp-image-6370\" style=\"border: 0px; margin: 5px;\" title=\"Exfilbo12Sobre\" src=\"https:\/\/www.afitecol.com\/wp-content\/uploads\/2012\/09\/Exfilbo12Sobre-1024x549.jpg\" alt=\"Exfilbo12Sobre\" width=\"133\" height=\"71\" srcset=\"https:\/\/www.afitecol.com\/wp-content\/uploads\/2012\/09\/Exfilbo12Sobre-1024x549.jpg 1024w, https:\/\/www.afitecol.com\/wp-content\/uploads\/2012\/09\/Exfilbo12Sobre-300x160.jpg 300w, https:\/\/www.afitecol.com\/wp-content\/uploads\/2012\/09\/Exfilbo12Sobre.jpeg 1312w\" sizes=\"(max-width: 133px) 85vw, 133px\" \/><\/a>La marca postal<\/strong>. La Marca Postal <strong><strong>\u00abXXVII Exposici\u00f3n Filat\u00e9lica Nacional\u00a0EXFILBO 2012\u00bb<\/strong><\/strong> est\u00e1 estampada en un sobre especial conmemorativo de este suceso: \u201cClub Filat\u00e9lico de Bogot\u00e1, XXVII Exposici\u00f3n Filat\u00e9lica Nacional\u201d, con una estampilla con valor facial de $ 600, de la emisi\u00f3n <strong><a href=\"https:\/\/www.afitecol.com\/?p=6096\" target=\"_blank\">\u201c50 Aniversario Colombia \u2013 Corea  Relaciones Diplom\u00e1ticas\u201d<\/a><\/strong>, emitida el 1 de mayo de 2012, con 402.000 unidades.<br \/>\nEl texto del matasello dice: Club Filat\u00e9lico de Bogot\u00e1, XXVII Exposici\u00f3n Filat\u00e9lica Nacional EXFILBO 2012, Servicios Postales Nacionales S.A. 4-72. La Marca Postal tiene como fecha de matasellado el 1 de septiembre de 2012, en la ciudad de Bogot\u00e1, D. C.<\/p>\n<p><strong>AFITECOL<\/strong> felicita a los organizadores de esta jornada filat\u00e9lica, a los autores de tan magn\u00edficas colecciones, e invita a todos los filatelistas a visitar esta Exposici\u00f3n<br \/>\nque estar\u00e1 expuesta hasta el 8 de septiembre de 2012.<\/p>\n","protected":false},"excerpt":{"rendered":"<p>Entre el 1 y el 8 de septiembre de 2012 se est\u00e1 desarrollando en la ciudad de Bogot\u00e1, D. C., la \u201cXXVII Exposici\u00f3n Filat\u00e9lica Nacional EXFILBO 2012\u201d. Alrededor de este evento de car\u00e1cter cultural, muy importante para la ciudad y el pa\u00eds, se han programado diversos eventos, entre ellos el lanzamiento de una Marca Postal &hellip; <a href=\"https:\/\/www.afitecol.com\/?p=6368\" class=\"more-link\">Continuar leyendo<span class=\"screen-reader-text\"> \u00abMarca postal: \u201cXXVII Exposici\u00f3n Filat\u00e9lica Nacional EXFILBO 2012&#8243;\u00bb<\/span><\/a><\/p>\n","protected":false},"author":2,"featured_media":0,"comment_status":"open","ping_status":"closed","sticky":false,"template":"","format":"standard","meta":{"footnotes":""},"categories":[13,9],"tags":[],"class_list":["post-6368","post","type-post","status-publish","format-standard","hentry","category-marcas","category-noticias-filatelicas"],"_links":{"self":[{"href":"https:\/\/www.afitecol.com\/index.php?rest_route=\/wp\/v2\/posts\/6368"}],"collection":[{"href":"https:\/\/www.afitecol.com\/index.php?rest_route=\/wp\/v2\/posts"}],"about":[{"href":"https:\/\/www.afitecol.com\/index.php?rest_route=\/wp\/v2\/types\/post"}],"author":[{"embeddable":true,"href":"https:\/\/www.afitecol.com\/index.php?rest_route=\/wp\/v2\/users\/2"}],"replies":[{"embeddable":true,"href":"https:\/\/www.afitecol.com\/index.php?rest_route=%2Fwp%2Fv2%2Fcomments&post=6368"}],"version-history":[{"count":12,"href":"https:\/\/www.afitecol.com\/index.php?rest_route=\/wp\/v2\/posts\/6368\/revisions"}],"predecessor-version":[{"id":6379,"href":"https:\/\/www.afitecol.com\/index.php?rest_route=\/wp\/v2\/posts\/6368\/revisions\/6379"}],"wp:attachment":[{"href":"https:\/\/www.afitecol.com\/index.php?rest_route=%2Fwp%2Fv2%2Fmedia&parent=6368"}],"wp:term":[{"taxonomy":"category","embeddable":true,"href":"https:\/\/www.afitecol.com\/index.php?rest_route=%2Fwp%2Fv2%2Fcategories&post=6368"},{"taxonomy":"post_tag","embeddable":true,"href":"https:\/\/www.afitecol.com\/index.php?rest_route=%2Fwp%2Fv2%2Ftags&post=6368"}],"curies":[{"name":"wp","href":"https:\/\/api.w.org\/{rel}","templated":true}]}}