{"id":6033,"date":"2012-05-08T15:39:30","date_gmt":"2012-05-08T13:39:30","guid":{"rendered":"http:\/\/www.afitecol.com\/?p=6033"},"modified":"2012-05-08T15:39:30","modified_gmt":"2012-05-08T13:39:30","slug":"emisiones-mes-mayo","status":"publish","type":"post","link":"https:\/\/www.afitecol.com\/?p=6033","title":{"rendered":"Emisiones Mes Mayo"},"content":{"rendered":"<p><a href=\"https:\/\/www.afitecol.com\/wp-content\/uploads\/2012\/05\/2010ShangaiHF-copia.jpg\" target=\"_blank\"><img loading=\"lazy\" decoding=\"async\" class=\"alignnone size-full wp-image-6036\" style=\"border-image: initial; margin: 5px;\" title=\"2010ShangaiHF copia\" src=\"https:\/\/www.afitecol.com\/wp-content\/uploads\/2012\/05\/2010ShangaiHF-copia.jpg\" alt=\"2010ShangaiHF copia\" width=\"72\" height=\"47\" srcset=\"https:\/\/www.afitecol.com\/wp-content\/uploads\/2012\/05\/2010ShangaiHF-copia.jpg 557w, https:\/\/www.afitecol.com\/wp-content\/uploads\/2012\/05\/2010ShangaiHF-copia-300x193.jpg 300w\" sizes=\"(max-width: 72px) 85vw, 72px\" \/><\/a>Emisi\u00f3n: <a href=\"https:\/\/www.afitecol.com\/?p=3185\" target=\"_blank\"><strong>\u201cExpo Shanghai 2010\u201d<\/strong><\/a><br \/>\nFecha emisi\u00f3n: 1 de mayo de 2010<br \/>\nTama\u00f1o estampillas: \u202850 x 40 mm<br \/>\nDentado: 14<br \/>\nValor facial: $ 5.000<br \/>\nHojas filat\u00e9licas emitidas: 60.000<br \/>\nReferencia: LT HF73<\/p>\n<p><a href=\"https:\/\/www.afitecol.com\/wp-content\/uploads\/2012\/05\/2009EscSupGuerraPliego.jpg\" target=\"_blank\"><img loading=\"lazy\" decoding=\"async\" class=\"alignnone size-full wp-image-6054\" style=\"border-image: initial; margin: 5px;\" title=\"2009EscSupGuerraPliego\" src=\"https:\/\/www.afitecol.com\/wp-content\/uploads\/2012\/05\/2009EscSupGuerraPliego.jpg\" alt=\"2009EscSupGuerraPliego\" width=\"74\" height=\"67\" srcset=\"https:\/\/www.afitecol.com\/wp-content\/uploads\/2012\/05\/2009EscSupGuerraPliego.jpg 959w, https:\/\/www.afitecol.com\/wp-content\/uploads\/2012\/05\/2009EscSupGuerraPliego-300x268.jpg 300w\" sizes=\"(max-width: 74px) 85vw, 74px\" \/><\/a>Emisi\u00f3n: <strong><a href=\"https:\/\/www.afitecol.com\/?p=1052\" target=\"_blank\">\u201cEscuela Superior de Guerra 100 a\u00f1os 1909-2009\u201d<\/a><\/strong><br \/>\nFecha emisi\u00f3n: 8 de mayo de 2009<br \/>\nTama\u00f1o estampillas: 40 x 30 mm<br \/>\nDentado: 14<br \/>\nValor facial: $ 5.500<br \/>\nEstampillas emitidas: 90.000<br \/>\nReferencia: LT 2510<\/p>\n<p><a href=\"https:\/\/www.afitecol.com\/wp-content\/uploads\/2012\/05\/2003IslasRosario.png\" target=\"_blank\"><img loading=\"lazy\" decoding=\"async\" class=\"alignnone size-full wp-image-6039\" style=\"border-image: initial; margin: 5px;\" title=\"2003IslasRosario\" src=\"https:\/\/www.afitecol.com\/wp-content\/uploads\/2012\/05\/2003IslasRosario.png\" alt=\"2003IslasRosario\" width=\"38\" height=\"48\" \/><\/a>Emisi\u00f3n: <strong>\u201cIslas del Rosario\u201d<\/strong><br \/>\nFecha emisi\u00f3n: 16 de mayo de 2003<br \/>\nTama\u00f1o estampillas: 40 x 50 mm<br \/>\nDentado: 14<br \/>\nValor facial: $ 1.000<br \/>\nEstampillas emitidas: 300.000<br \/>\nReferencia: LT 2241<\/p>\n<p><a href=\"https:\/\/www.afitecol.com\/wp-content\/uploads\/2012\/05\/2004Tolima-828x1024.png\" target=\"_blank\"><img loading=\"lazy\" decoding=\"async\" class=\"alignnone size-large wp-image-6041\" style=\"border-image: initial; margin: 5px;\" title=\"2004Tolima\" src=\"https:\/\/www.afitecol.com\/wp-content\/uploads\/2012\/05\/2004Tolima-828x1024.png\" alt=\"2004Tolima\" width=\"64\" height=\"80\" srcset=\"https:\/\/www.afitecol.com\/wp-content\/uploads\/2012\/05\/2004Tolima-828x1024.png 828w, https:\/\/www.afitecol.com\/wp-content\/uploads\/2012\/05\/2004Tolima-242x300.png 242w, https:\/\/www.afitecol.com\/wp-content\/uploads\/2012\/05\/2004Tolima.png 837w\" sizes=\"(max-width: 64px) 85vw, 64px\" \/><\/a>Emisi\u00f3n: <strong>\u201cDepartamentos de Colombia: Tolima\u201d<\/strong><br \/>\nFecha emisi\u00f3n: 16 de mayo de 2004<br \/>\nTama\u00f1o estampillas: 50 x 40 y 30 x 40 mm<br \/>\nDentado: 14<br \/>\nValor facial: $ 2.000<br \/>\nEstampillas emitidas: 600.000<br \/>\nReferencia: LT 2294 \u2013 2295 \u2013 2296 \u2013 2297 \u2013 2298 \u2013 2299 \u2013 2300 \u2013 2301 \u2013 2302 2303 \u2013 2304 \u2013 2305<\/p>\n<p><a href=\"https:\/\/www.afitecol.com\/wp-content\/uploads\/2012\/05\/2001AbolicionEsclavitud.png\" target=\"_blank\"><img loading=\"lazy\" decoding=\"async\" class=\"alignnone size-full wp-image-6042\" style=\"border-image: initial; margin: 5px;\" title=\"2001AbolicionEsclavitud\" src=\"https:\/\/www.afitecol.com\/wp-content\/uploads\/2012\/05\/2001AbolicionEsclavitud.png\" alt=\"2001AbolicionEsclavitud\" width=\"22\" height=\"33\" \/><\/a>Emisi\u00f3n: <strong>\u201c150 a\u00f1os Abolici\u00f3n de la Esclavitud en Colombia\u201d<\/strong><br \/>\nFecha emisi\u00f3n: 21 de mayo de 2001<br \/>\nTama\u00f1o estampillas: 30 x 40 mm<br \/>\nDentado: 14<br \/>\nValor facial: $ 1.100<br \/>\nEstampillas emitidas: 300.000<br \/>\nReferencia: LT 2177<\/p>\n<p><a href=\"https:\/\/www.afitecol.com\/wp-content\/uploads\/2012\/05\/2006Boyaca-804x1024.png\" target=\"_blank\"><img loading=\"lazy\" decoding=\"async\" class=\"alignnone size-large wp-image-6044\" style=\"border-image: initial; margin: 5px;\" title=\"2006Boyaca\" src=\"https:\/\/www.afitecol.com\/wp-content\/uploads\/2012\/05\/2006Boyaca-804x1024.png\" alt=\"2006Boyaca\" width=\"73\" height=\"93\" srcset=\"https:\/\/www.afitecol.com\/wp-content\/uploads\/2012\/05\/2006Boyaca-804x1024.png 804w, https:\/\/www.afitecol.com\/wp-content\/uploads\/2012\/05\/2006Boyaca-235x300.png 235w, https:\/\/www.afitecol.com\/wp-content\/uploads\/2012\/05\/2006Boyaca.png 820w\" sizes=\"(max-width: 73px) 85vw, 73px\" \/><\/a>Emisi\u00f3n: <strong>\u201cDepartamentos de Colombia: Boyac\u00e1\u201d<\/strong><br \/>\nFecha emisi\u00f3n: 22 de mayo de 2006<br \/>\nTama\u00f1o estampillas: 50 x 40 y 30 x 40 mm<br \/>\nDentado: 14<br \/>\nValor facial: $ 2.000<br \/>\nEstampillas emitidas: 600.000<br \/>\nReferencia: LT 2408 \u2013 2409 \u2013 2410 \u2013 2411 \u2013 2412 \u2013 2413 \u2013 2414 \u2013 2415 \u2013 2416 -2417 \u2013 2418 \u2013 2419<\/p>\n<p><a href=\"http:\/\/\/www.afitecol.com\/wp-content\/uploads\/2012\/05\/2007Cadetes1.png\" target=\"_blank\"><img loading=\"lazy\" decoding=\"async\" class=\"alignnone size-full wp-image-6045\" style=\"border-image: initial; margin: 5px;\" title=\"2007Cadetes\" src=\"https:\/\/www.afitecol.com\/wp-content\/uploads\/2012\/05\/2007Cadetes1.png\" alt=\"2007Cadetes\" width=\"55\" height=\"73\" srcset=\"https:\/\/www.afitecol.com\/wp-content\/uploads\/2012\/05\/2007Cadetes1.png 708w, https:\/\/www.afitecol.com\/wp-content\/uploads\/2012\/05\/2007Cadetes1-225x300.png 225w\" sizes=\"(max-width: 55px) 85vw, 55px\" \/><\/a>Emisi\u00f3n: <strong>\u201c100 a\u00f1os Escuela General Jos\u00e9 Mar\u00eda C\u00f3rdoba\u201d<\/strong><br \/>\nFecha emisi\u00f3n: 22 de mayo de 2007<br \/>\nTama\u00f1o estampillas: 30 x 40 mm<br \/>\nDentado: 14<br \/>\nValor facial: $ 10.000<br \/>\nEstampillas emitidas: 62.808<br \/>\nReferencia: LT 2444<\/p>\n<p><a href=\"https:\/\/www.afitecol.com\/wp-content\/uploads\/2012\/05\/2002CIREC.png\" target=\"_blank\"><img loading=\"lazy\" decoding=\"async\" class=\"alignnone size-full wp-image-6046\" style=\"border-image: initial; margin: 5px;\" title=\"2002CIREC\" src=\"https:\/\/www.afitecol.com\/wp-content\/uploads\/2012\/05\/2002CIREC.png\" alt=\"2002CIREC\" width=\"29\" height=\"35\" \/><\/a>Emisi\u00f3n: <strong>\u201c25 a\u00f1os Centro Regional de Rehabilitaci\u00f3n de Colombia\u201d<\/strong><br \/>\nFecha emisi\u00f3n: 24 de mayo de 2002<br \/>\nTama\u00f1o estampillas: 30 x 40 mm<br \/>\nDentado: 14<br \/>\nValor facial: $ 1.000<br \/>\nEstampillas emitidas: 300.000<br \/>\nReferencia: LT 2198<\/p>\n<p><a href=\"https:\/\/www.afitecol.com\/wp-content\/uploads\/2012\/05\/2006Chopin.jpg\" target=\"_blank\"><img loading=\"lazy\" decoding=\"async\" class=\"alignnone size-full wp-image-6048\" style=\"border-image: initial; margin: 5px;\" title=\"2006Chopin\" src=\"https:\/\/www.afitecol.com\/wp-content\/uploads\/2012\/05\/2006Chopin.jpg\" alt=\"2006Chopin\" width=\"34\" height=\"42\" srcset=\"https:\/\/www.afitecol.com\/wp-content\/uploads\/2012\/05\/2006Chopin.jpg 732w, https:\/\/www.afitecol.com\/wp-content\/uploads\/2012\/05\/2006Chopin-244x300.jpg 244w\" sizes=\"(max-width: 34px) 85vw, 34px\" \/><\/a>Emisi\u00f3n: <strong>\u201cFederico Chopin\u201d<\/strong><br \/>\nFecha emisi\u00f3n: 25 de mayo de 2006<br \/>\nTama\u00f1o estampillas: 30 x 40 mm<br \/>\nDentado: 13.5 x 13<br \/>\nValor facial: $ 5.300<br \/>\nEstampillas emitidas: 50.000<br \/>\nReferencia: LT 2422<\/p>\n<p><a href=\"http:\/\/\/www.afitecol.com\/wp-content\/uploads\/2012\/05\/2008EmisionColombiaJapon-1024x867.jpg\" target=\"_blank\"><img loading=\"lazy\" decoding=\"async\" class=\"alignnone size-large wp-image-6049\" style=\"border-image: initial; margin: 5px;\" title=\"2008EmisionColombiaJapon\" src=\"https:\/\/www.afitecol.com\/wp-content\/uploads\/2012\/05\/2008EmisionColombiaJapon-1024x867.jpg\" alt=\"2008EmisionColombiaJapon\" width=\"80\" height=\"67\" srcset=\"https:\/\/www.afitecol.com\/wp-content\/uploads\/2012\/05\/2008EmisionColombiaJapon-1024x867.jpg 1024w, https:\/\/www.afitecol.com\/wp-content\/uploads\/2012\/05\/2008EmisionColombiaJapon-300x254.jpg 300w, https:\/\/www.afitecol.com\/wp-content\/uploads\/2012\/05\/2008EmisionColombiaJapon.jpeg 1475w\" sizes=\"(max-width: 80px) 85vw, 80px\" \/><\/a>Emisi\u00f3n: <strong><a href=\"https:\/\/www.afitecol.com\/?p=64\" target=\"_blank\">\u201cColombia-Jap\u00f3n 100 a\u00f1os de Amistad\u201d<\/a><\/strong><br \/>\nFecha emisi\u00f3n: 25 de mayo de 2008<br \/>\nTama\u00f1o estampillas: 40 x 30 mm<br \/>\nDentado: 14<br \/>\nValor facial: $ 5.200<br \/>\nEstampillas emitidas: 100.000<br \/>\nReferencia: LT 2456<\/p>\n<p><a href=\"https:\/\/www.afitecol.com\/wp-content\/uploads\/2012\/05\/2009GuillermoValenciaPliego-671x1024.jpg\" target=\"_blank\"><img loading=\"lazy\" decoding=\"async\" class=\"alignnone size-large wp-image-6050\" style=\"border-image: initial; margin: 5px;\" title=\"2009GuillermoValenciaPliego\" src=\"https:\/\/www.afitecol.com\/wp-content\/uploads\/2012\/05\/2009GuillermoValenciaPliego-671x1024.jpg\" alt=\"2009GuillermoValenciaPliego\" width=\"52\" height=\"80\" srcset=\"https:\/\/www.afitecol.com\/wp-content\/uploads\/2012\/05\/2009GuillermoValenciaPliego-671x1024.jpg 671w, https:\/\/www.afitecol.com\/wp-content\/uploads\/2012\/05\/2009GuillermoValenciaPliego-196x300.jpg 196w, https:\/\/www.afitecol.com\/wp-content\/uploads\/2012\/05\/2009GuillermoValenciaPliego.jpg 901w\" sizes=\"(max-width: 52px) 85vw, 52px\" \/><\/a>Emisi\u00f3n: <strong><a href=\"https:\/\/www.afitecol.com\/?p=1155\" target=\"_blank\">\u201cGuillermo Le\u00f3n Valencia 100 a\u00f1os de su Natalicio 1909-2009\u201d<\/a><\/strong><br \/>\nFecha emisi\u00f3n: 27 de mayo de 2009<br \/>\nTama\u00f1o estampillas: 30 x 40 mm<br \/>\nDentado: 14<br \/>\nValor facial: $ 4.200<br \/>\nEstampillas emitidas: 120.000<br \/>\nReferencia: LT 2512<\/p>\n<p><a href=\"https:\/\/www.afitecol.com\/wp-content\/uploads\/2012\/05\/2008Emision4-72pliego-.jpg\" target=\"_blank\"><img loading=\"lazy\" decoding=\"async\" class=\"alignnone size-full wp-image-6051\" style=\"border-image: initial; margin: 5px;\" title=\"2008Emision4-72pliego\" src=\"https:\/\/www.afitecol.com\/wp-content\/uploads\/2012\/05\/2008Emision4-72pliego-.jpg\" alt=\"2008Emision4-72pliego\" width=\"59\" height=\"40\" srcset=\"https:\/\/www.afitecol.com\/wp-content\/uploads\/2012\/05\/2008Emision4-72pliego-.jpg 758w, https:\/\/www.afitecol.com\/wp-content\/uploads\/2012\/05\/2008Emision4-72pliego--300x201.jpg 300w\" sizes=\"(max-width: 59px) 85vw, 59px\" \/><\/a>Emisi\u00f3n: <strong>\u201c<a href=\"https:\/\/www.afitecol.com\/?p=66\" target=\"_blank\">4-72 La Red Postal de Colombia<\/a>\u201d<\/strong><br \/>\nFecha emisi\u00f3n: 28 de mayo de 2008<br \/>\nTama\u00f1o estampillas: 30 x 30 mm<br \/>\nDentado: 14<br \/>\nValor facial: $ 2.100<br \/>\nEstampillas emitidas: 200.000<br \/>\nReferencia: LT 2457<\/p>\n<p>En la referencia, la anotaci\u00f3n LT seguida de un n\u00famero corresponde al orden establecido en el Cat\u00e1logo Estampillas de Colombia de Leo Temprano.<\/p>\n","protected":false},"excerpt":{"rendered":"<p>Emisi\u00f3n: \u201cExpo Shanghai 2010\u201d Fecha emisi\u00f3n: 1 de mayo de 2010 Tama\u00f1o estampillas: \u202850 x 40 mm Dentado: 14 Valor facial: $ 5.000 Hojas filat\u00e9licas emitidas: 60.000 Referencia: LT HF73 Emisi\u00f3n: \u201cEscuela Superior de Guerra 100 a\u00f1os 1909-2009\u201d Fecha emisi\u00f3n: 8 de mayo de 2009 Tama\u00f1o estampillas: 40 x 30 mm Dentado: 14 Valor facial: &hellip; <a href=\"https:\/\/www.afitecol.com\/?p=6033\" class=\"more-link\">Continuar leyendo<span class=\"screen-reader-text\"> \u00abEmisiones Mes Mayo\u00bb<\/span><\/a><\/p>\n","protected":false},"author":2,"featured_media":0,"comment_status":"open","ping_status":"closed","sticky":false,"template":"","format":"standard","meta":{"footnotes":""},"categories":[15],"tags":[],"class_list":["post-6033","post","type-post","status-publish","format-standard","hentry","category-mes-y-siglo"],"_links":{"self":[{"href":"https:\/\/www.afitecol.com\/index.php?rest_route=\/wp\/v2\/posts\/6033"}],"collection":[{"href":"https:\/\/www.afitecol.com\/index.php?rest_route=\/wp\/v2\/posts"}],"about":[{"href":"https:\/\/www.afitecol.com\/index.php?rest_route=\/wp\/v2\/types\/post"}],"author":[{"embeddable":true,"href":"https:\/\/www.afitecol.com\/index.php?rest_route=\/wp\/v2\/users\/2"}],"replies":[{"embeddable":true,"href":"https:\/\/www.afitecol.com\/index.php?rest_route=%2Fwp%2Fv2%2Fcomments&post=6033"}],"version-history":[{"count":15,"href":"https:\/\/www.afitecol.com\/index.php?rest_route=\/wp\/v2\/posts\/6033\/revisions"}],"predecessor-version":[{"id":6061,"href":"https:\/\/www.afitecol.com\/index.php?rest_route=\/wp\/v2\/posts\/6033\/revisions\/6061"}],"wp:attachment":[{"href":"https:\/\/www.afitecol.com\/index.php?rest_route=%2Fwp%2Fv2%2Fmedia&parent=6033"}],"wp:term":[{"taxonomy":"category","embeddable":true,"href":"https:\/\/www.afitecol.com\/index.php?rest_route=%2Fwp%2Fv2%2Fcategories&post=6033"},{"taxonomy":"post_tag","embeddable":true,"href":"https:\/\/www.afitecol.com\/index.php?rest_route=%2Fwp%2Fv2%2Ftags&post=6033"}],"curies":[{"name":"wp","href":"https:\/\/api.w.org\/{rel}","templated":true}]}}