{"id":574,"date":"2008-11-28T04:02:37","date_gmt":"2008-11-28T02:02:37","guid":{"rendered":"http:\/\/www.afitecol.com\/?p=574"},"modified":"2008-11-28T16:49:46","modified_gmt":"2008-11-28T14:49:46","slug":"12-aniversario-de-afitecol","status":"publish","type":"post","link":"https:\/\/www.afitecol.com\/?p=574","title":{"rendered":"1\/2 Aniversario de Afitecol"},"content":{"rendered":"<p>El pasado 28 de Mayo del 2008\u00a0se hizo el\u00a0<strong><a href=\"http:\/\/www.4-72.com.co\/content\/4-72-lanza-emision-filatelica-4-72\" target=\"_blank\">lanzamiento<\/a><\/strong> de la p\u00e1gina de Afitecol, con el fin de de fomentar la Filatelia, principalmente entre los j\u00f3venes, promocionar la filatelia tem\u00e1tica o temafilia, ayudar a mejorar el nivel y la calidad de los Filatelistas Tem\u00e1ticos y servir de enlace con Asociaciones o Sociedades similares .<br \/>\nHoy, 28 de Noviembre de 2008, Afitecol celebra sus primeros seis meses de vida virtual, esto es su Primer Medio Aniversario, cumpliendo con los objetivos que se marcaron al inicio.<br \/>\nEn estos primeros seis meses, el d\u00eda a d\u00eda de Afitecol ha quedado marcado por la informaci\u00f3n <a href=\"https:\/\/www.afitecol.com\/?cat=5\" target=\"_blank\"><strong>filat\u00e9lica<\/strong> <\/a>relevante, <strong><a href=\"https:\/\/www.afitecol.com\/?cat=9\" target=\"_blank\">actualizada<\/a><\/strong>, de <a href=\"https:\/\/www.afitecol.com\/?cat=6\" target=\"_blank\"><strong>calidad<\/strong> <\/a>interactiva <a href=\"https:\/\/www.afitecol.com\/?cat=7\" target=\"_blank\"><strong>did\u00e1ctica<\/strong> <\/a>y <a href=\"http:\/\/www.slideshare.net\/glopezj\/clasificacin-de-las-estampillas-presentation\" target=\"_blank\"><strong>pr\u00e1ctica<\/strong> <\/a>y que se ha visto recompensada por la fidelidad de sus lectores, m\u00e1s de 6000 visitas, como se ve en la gr\u00e1fica con las estad\u00edstica al d\u00eda de hoy y que queremos compartir con todos nuestros amigos.<\/p>\n<p><a href=\"https:\/\/www.afitecol.com\/wp-content\/uploads\/2008\/11\/bild-3.png\"><img loading=\"lazy\" decoding=\"async\" class=\"alignnone size-medium wp-image-583\" style=\"border: 1px solid black; margin: 5px;\" title=\"bild-3\" src=\"https:\/\/www.afitecol.com\/wp-content\/uploads\/2008\/11\/bild-3-300x144.png\" alt=\"\" width=\"300\" height=\"144\" srcset=\"https:\/\/www.afitecol.com\/wp-content\/uploads\/2008\/11\/bild-3-300x144.png 300w, https:\/\/www.afitecol.com\/wp-content\/uploads\/2008\/11\/bild-3.png 655w\" sizes=\"(max-width: 300px) 85vw, 300px\" \/><\/a><\/p>\n<p><a href=\"https:\/\/www.afitecol.com\/wp-content\/uploads\/2008\/11\/bild-4.png\"><img loading=\"lazy\" decoding=\"async\" class=\"alignnone size-medium wp-image-585\" style=\"border: 1px solid black; margin: 5px;\" title=\"bild-4\" src=\"https:\/\/www.afitecol.com\/wp-content\/uploads\/2008\/11\/bild-4-300x37.png\" alt=\"\" width=\"300\" height=\"37\" srcset=\"https:\/\/www.afitecol.com\/wp-content\/uploads\/2008\/11\/bild-4-300x37.png 300w, https:\/\/www.afitecol.com\/wp-content\/uploads\/2008\/11\/bild-4.png 998w\" sizes=\"(max-width: 300px) 85vw, 300px\" \/><\/a><\/p>\n<p>Afitecol quiere en este \u00bd Aniversario resaltar el continuo acompa\u00f1amiento de los Amigos de la Filatelia no s\u00f3lo de Colombia, sede de la p\u00e1gina, sino tambi\u00e9n de Argentina, Uruguay, Venezuela, M\u00e9xico, Cuba, Estados Unidos, Alemania, Rumania, Francia y Nueva Zelanda, esperando que cada d\u00eda nos extendamos m\u00e1s y m\u00e1s.<br \/>\nLa se\u00f1ora Ministra de Comunicaciones de Colombia, doctora Mar\u00eda del Rosario Guerra, una amiga de Afitecol y de la filatelia, en todos los eventos de las emisiones colombianas ha reconocido la importancia de la filatelia, de los filatelistas, y de los promotores de la filatelia.<\/p>\n<p>Con ocasi\u00f3n de la emisi\u00f3n dedicada al Departamento de Antioquia, en el marco de la XXIV Exposici\u00f3n Flat\u00e9lica Nacional, en Medell\u00edn Colombia, en uno de los apartes de su discurso se refiri\u00f3 a Afitecol: \u00abQuiero por ello hacer un p\u00fablico reconocimiento a nuestros filatelistas amigos y promotores,\u2026\u2026.al portal de Afitecol, desde el cual nos da permanentemente \u201clecciones de filatelia\u201d,\u2026\u2026\u2026.\u00bb<\/p>\n<p>Los Amigos de la Filatelia Tem\u00e1tica en Colombia tienen la posibilidad de intercambiar ideas sobre filatelia en la plataforma de <strong><a href=\"http:\/\/www.facebook.com\/pages\/AFITECOL-Amigos-de-la-Filatelia-Tematica-en-Colombia\/18238313751\" target=\"_blank\">Facebook<\/a><\/strong>, una de las redes sociales m\u00e1s grandes del mundo.\u00a0 El grupo ya cuenta con\u00a0 m\u00e1s de 30 miembros.<br \/>\nAfitecol se siente complacido de saber que el trabajo que se realiza en su p\u00e1gina se ha convertido en un referente, no s\u00f3lo para los que se inician en la filatelia tem\u00e1tica, sino tambi\u00e9n para los experimentados, como lo demuestran los numerosos comentarios y los mensajes de correo electr\u00f3nico que nuestros lectores nos hacen llegar d\u00eda a d\u00eda, as\u00ed como la menci\u00f3n de la p\u00e1gina de Afitecol en diferentes sitios web similares del mundo: en <a href=\"http:\/\/www.lafilatelia.com.ar\/modules\/weblinks\/singlelink.php?lid=182\" target=\"_blank\"><strong>directorios<\/strong> <\/a>de sitios especiales de filatelia, en sitios dedicados a la filatelia <strong><a href=\"http:\/\/www.filateliaargentina.com\/sitiosdefilatelia.html\" target=\"_blank\">tem\u00e1tica<\/a><\/strong>, en <a href=\"http:\/\/www.filatelia.mimecanicapopular.com\/\" target=\"_blank\"><strong>foros<\/strong> <\/a>sobre filatelia, en\u00a0revistas al servicio del coleccionismo y en p\u00e1ginas que promueven el\u00a0<a href=\"http:\/\/www2.philatelie.fr\/small_ads\/url\/viewads.asp?catID=83\" target=\"_blank\">intercambio <\/a>de material filat\u00e9lico, para no mencionar sino algunas.<br \/>\nAfitecol agradece a todos sus asiduos lectores por su acompa\u00f1amiento permanente; esperamos seguir contando con su colaboraci\u00f3n y sus comentarios.<\/p>\n<p>Si desea ser uno de los amigos de Afitecol para: recibir noticias de eventos filat\u00e9licos, contribuir al desarrollo de esta p\u00e1gina web con art\u00edculos de inter\u00e9s general en lo relacionado con la filatelia, compartir con otros filatelistas sus experiencias, y mucho m\u00e1s, entonces escr\u00edbanos a <a href=\"mailto:info@afitecol.com\">info@afitecol.com<\/a><\/p>\n","protected":false},"excerpt":{"rendered":"<p>El pasado 28 de Mayo del 2008\u00a0se hizo el\u00a0lanzamiento de la p\u00e1gina de Afitecol, con el fin de de fomentar la Filatelia, principalmente entre los j\u00f3venes, promocionar la filatelia tem\u00e1tica o temafilia, ayudar a mejorar el nivel y la calidad de los Filatelistas Tem\u00e1ticos y servir de enlace con Asociaciones o Sociedades similares . Hoy, &hellip; <a href=\"https:\/\/www.afitecol.com\/?p=574\" class=\"more-link\">Continuar leyendo<span class=\"screen-reader-text\"> \u00ab1\/2 Aniversario de Afitecol\u00bb<\/span><\/a><\/p>\n","protected":false},"author":2,"featured_media":0,"comment_status":"open","ping_status":"closed","sticky":false,"template":"","format":"standard","meta":{"footnotes":""},"categories":[9],"tags":[],"class_list":["post-574","post","type-post","status-publish","format-standard","hentry","category-noticias-filatelicas"],"_links":{"self":[{"href":"https:\/\/www.afitecol.com\/index.php?rest_route=\/wp\/v2\/posts\/574"}],"collection":[{"href":"https:\/\/www.afitecol.com\/index.php?rest_route=\/wp\/v2\/posts"}],"about":[{"href":"https:\/\/www.afitecol.com\/index.php?rest_route=\/wp\/v2\/types\/post"}],"author":[{"embeddable":true,"href":"https:\/\/www.afitecol.com\/index.php?rest_route=\/wp\/v2\/users\/2"}],"replies":[{"embeddable":true,"href":"https:\/\/www.afitecol.com\/index.php?rest_route=%2Fwp%2Fv2%2Fcomments&post=574"}],"version-history":[{"count":21,"href":"https:\/\/www.afitecol.com\/index.php?rest_route=\/wp\/v2\/posts\/574\/revisions"}],"predecessor-version":[{"id":592,"href":"https:\/\/www.afitecol.com\/index.php?rest_route=\/wp\/v2\/posts\/574\/revisions\/592"}],"wp:attachment":[{"href":"https:\/\/www.afitecol.com\/index.php?rest_route=%2Fwp%2Fv2%2Fmedia&parent=574"}],"wp:term":[{"taxonomy":"category","embeddable":true,"href":"https:\/\/www.afitecol.com\/index.php?rest_route=%2Fwp%2Fv2%2Fcategories&post=574"},{"taxonomy":"post_tag","embeddable":true,"href":"https:\/\/www.afitecol.com\/index.php?rest_route=%2Fwp%2Fv2%2Ftags&post=574"}],"curies":[{"name":"wp","href":"https:\/\/api.w.org\/{rel}","templated":true}]}}