{"id":5636,"date":"2011-12-08T11:07:49","date_gmt":"2011-12-08T09:07:49","guid":{"rendered":"http:\/\/www.afitecol.com\/?p=5636"},"modified":"2018-04-13T23:38:55","modified_gmt":"2018-04-13T23:38:55","slug":"emision-%e2%80%9cbicentenario-de-la-independencia-absoluta-de-cartagena-de-indias-1811-%e2%80%93-2011%e2%80%9c","status":"publish","type":"post","link":"https:\/\/www.afitecol.com\/?p=5636","title":{"rendered":"Emisi\u00f3n postal: \u201cBicentenario de la Independencia absoluta de Cartagena de Indias 1811 \u2013 2011\u201c"},"content":{"rendered":"<p><a href=\"https:\/\/www.afitecol.com\/wp-content\/uploads\/2011\/12\/EmisionBicentenarioCartagenaCaratula-768x1024.jpg\" target=\"_blank\"><img loading=\"lazy\" decoding=\"async\" class=\"alignnone size-large wp-image-5638\" style=\"margin: 5px;\" title=\"EmisionBicentenarioCartagenaCaratula\" src=\"https:\/\/www.afitecol.com\/wp-content\/uploads\/2011\/12\/EmisionBicentenarioCartagenaCaratula-768x1024.jpg\" alt=\"EmisionBicentenarioCartagenaCaratula\" width=\"100\" height=\"133\" srcset=\"https:\/\/www.afitecol.com\/wp-content\/uploads\/2011\/12\/EmisionBicentenarioCartagenaCaratula-768x1024.jpg 768w, https:\/\/www.afitecol.com\/wp-content\/uploads\/2011\/12\/EmisionBicentenarioCartagenaCaratula-225x300.jpg 225w, https:\/\/www.afitecol.com\/wp-content\/uploads\/2011\/12\/EmisionBicentenarioCartagenaCaratula.jpg 886w\" sizes=\"(max-width: 100px) 85vw, 100px\" \/><\/a>El 11 de Noviembre de 2011 se cumplieron 200 a\u00f1os de la <strong>Independencia Absoluta de Cartagena de Indias<\/strong> de la Corona Espa\u00f1ola.<\/p>\n<p>Para conmemorar este acontecimiento, de tanta significaci\u00f3n en el destino de libertad y emancipaci\u00f3n de los pa\u00edses americanos, el Gobierno de Colombia autoriz\u00f3 una emisi\u00f3n postal denominada <strong>\u201cBicentenario de la Independencia absoluta de Cartagena de Indias 1811 \u2013 2011\u201c<\/strong><\/p>\n<p><a href=\"https:\/\/www.afitecol.com\/wp-content\/uploads\/2011\/12\/EmisionBicentenarioCartagenaActa.jpg\" target=\"_blank\"><img loading=\"lazy\" decoding=\"async\" class=\"alignnone size-full wp-image-5639\" style=\"margin: 5px; border: 1px solid black;\" title=\"EmisionBicentenarioCartagenaActa\" src=\"https:\/\/www.afitecol.com\/wp-content\/uploads\/2011\/12\/EmisionBicentenarioCartagenaActa.jpg\" alt=\"EmisionBicentenarioCartagenaActa\" width=\"115\" height=\"82\" srcset=\"https:\/\/www.afitecol.com\/wp-content\/uploads\/2011\/12\/EmisionBicentenarioCartagenaActa.jpg 886w, https:\/\/www.afitecol.com\/wp-content\/uploads\/2011\/12\/EmisionBicentenarioCartagenaActa-300x212.jpg 300w\" sizes=\"(max-width: 115px) 85vw, 115px\" \/><\/a>Cuando se habla de la independencia de Cartagena se refiere a los sucesos que ocurrieron el 11 de noviembre de 1811.  En esa fecha la Provincia de Cartagena declar\u00f3 su independencia de Espa\u00f1a, tras la lectura del <strong>\u00abBando\u00bb<\/strong> para hacer p\u00fablica el <strong>Acta de Independencia Absoluta<\/strong>, jurando separarse definitivamente de la Corona Espa\u00f1ola.<\/p>\n<p>En esta forma Cartagena de Indias se constituy\u00f3 en el primer territorio de la actual Rep\u00fablica de Colombia en declararse como tal.<\/p>\n<p><strong>Acto protocolario<\/strong>.  El acto protocolario de lanzamiento de la  Emisi\u00f3n: <strong>\u201cBicentenario de la Independencia absoluta de Cartagena de Indias 1811 \u2013 2011\u201c<\/strong>, se realiz\u00f3 en la Ciudad de Cartagena de Indias, el 26 de noviembre de 2011.<\/p>\n<p><strong>La emisi\u00f3n<\/strong>. La Emisi\u00f3n postal <strong> \u201cBicentenario de la Independencia absoluta de Cartagena de Indias 1811 \u2013 2011\u201c<\/strong> consta de 6500 hojas bloque, para un total de 52.000 estampillas, sobre de primer d\u00eda y bolet\u00edn informativo.<\/p>\n<p><strong>La hoja bloque<\/strong>. La hoja bloque contiene 8 estampillas.<\/p>\n<p><strong><a href=\"https:\/\/www.afitecol.com\/wp-content\/uploads\/2011\/12\/EmisionBicentenarioCartagenaEstampilla.jpg\" target=\"_blank\"><img loading=\"lazy\" decoding=\"async\" class=\"alignnone size-full wp-image-5640\" style=\"margin: 5px;\" title=\"EmisionBicentenarioCartagenaEstampilla\" src=\"https:\/\/www.afitecol.com\/wp-content\/uploads\/2011\/12\/EmisionBicentenarioCartagenaEstampilla.jpg\" alt=\"EmisionBicentenarioCartagenaEstampilla\" width=\"62\" height=\"82\" srcset=\"https:\/\/www.afitecol.com\/wp-content\/uploads\/2011\/12\/EmisionBicentenarioCartagenaEstampilla.jpg 477w, https:\/\/www.afitecol.com\/wp-content\/uploads\/2011\/12\/EmisionBicentenarioCartagenaEstampilla-226x300.jpg 226w\" sizes=\"(max-width: 62px) 85vw, 62px\" \/><\/a>La estampilla<\/strong>.  La estampilla tiene un valor facial de $ 6.000, en tama\u00f1o de 30 x 40 mm, en policrom\u00eda, papel Chancellor y goma PVA.<\/p>\n<p><strong><a href=\"https:\/\/www.afitecol.com\/wp-content\/uploads\/2011\/12\/EmisionBicentenarioCartagenaSobre.jpg\" target=\"_blank\"><img loading=\"lazy\" decoding=\"async\" class=\"alignnone size-full wp-image-5641\" style=\"margin: 5px; border: 1px solid black;\" title=\"EmisionBicentenarioCartagenaSobre\" src=\"https:\/\/www.afitecol.com\/wp-content\/uploads\/2011\/12\/EmisionBicentenarioCartagenaSobre.jpg\" alt=\"EmisionBicentenarioCartagenaSobre\" width=\"107\" height=\"56\" srcset=\"https:\/\/www.afitecol.com\/wp-content\/uploads\/2011\/12\/EmisionBicentenarioCartagenaSobre.jpg 824w, https:\/\/www.afitecol.com\/wp-content\/uploads\/2011\/12\/EmisionBicentenarioCartagenaSobre-300x156.jpg 300w\" sizes=\"(max-width: 107px) 85vw, 107px\" \/><\/a>El sobre de primer d\u00eda<\/strong>.  Se imprimieron 600 sobres numerados de primer d\u00eda de circulaci\u00f3n, siendo \u00e9ste el 26 de noviembre de 2011, en la Ciudad de Cartagena de Indias, Colombia.<\/p>\n<p><strong>AFITECOL<\/strong> felicita a todos los cartageneros en este Bicentenario de su Independencia, y en especial a los filatelistas.<\/p>\n","protected":false},"excerpt":{"rendered":"<p>El 11 de Noviembre de 2011 se cumplieron 200 a\u00f1os de la Independencia Absoluta de Cartagena de Indias de la Corona Espa\u00f1ola. Para conmemorar este acontecimiento, de tanta significaci\u00f3n en el destino de libertad y emancipaci\u00f3n de los pa\u00edses americanos, el Gobierno de Colombia autoriz\u00f3 una emisi\u00f3n postal denominada \u201cBicentenario de la Independencia absoluta de &hellip; <a href=\"https:\/\/www.afitecol.com\/?p=5636\" class=\"more-link\">Continuar leyendo<span class=\"screen-reader-text\"> \u00abEmisi\u00f3n postal: \u201cBicentenario de la Independencia absoluta de Cartagena de Indias 1811 \u2013 2011\u201c\u00bb<\/span><\/a><\/p>\n","protected":false},"author":2,"featured_media":0,"comment_status":"open","ping_status":"closed","sticky":false,"template":"","format":"standard","meta":{"footnotes":""},"categories":[5],"tags":[],"class_list":["post-5636","post","type-post","status-publish","format-standard","hentry","category-emisiones"],"_links":{"self":[{"href":"https:\/\/www.afitecol.com\/index.php?rest_route=\/wp\/v2\/posts\/5636"}],"collection":[{"href":"https:\/\/www.afitecol.com\/index.php?rest_route=\/wp\/v2\/posts"}],"about":[{"href":"https:\/\/www.afitecol.com\/index.php?rest_route=\/wp\/v2\/types\/post"}],"author":[{"embeddable":true,"href":"https:\/\/www.afitecol.com\/index.php?rest_route=\/wp\/v2\/users\/2"}],"replies":[{"embeddable":true,"href":"https:\/\/www.afitecol.com\/index.php?rest_route=%2Fwp%2Fv2%2Fcomments&post=5636"}],"version-history":[{"count":7,"href":"https:\/\/www.afitecol.com\/index.php?rest_route=\/wp\/v2\/posts\/5636\/revisions"}],"predecessor-version":[{"id":11927,"href":"https:\/\/www.afitecol.com\/index.php?rest_route=\/wp\/v2\/posts\/5636\/revisions\/11927"}],"wp:attachment":[{"href":"https:\/\/www.afitecol.com\/index.php?rest_route=%2Fwp%2Fv2%2Fmedia&parent=5636"}],"wp:term":[{"taxonomy":"category","embeddable":true,"href":"https:\/\/www.afitecol.com\/index.php?rest_route=%2Fwp%2Fv2%2Fcategories&post=5636"},{"taxonomy":"post_tag","embeddable":true,"href":"https:\/\/www.afitecol.com\/index.php?rest_route=%2Fwp%2Fv2%2Ftags&post=5636"}],"curies":[{"name":"wp","href":"https:\/\/api.w.org\/{rel}","templated":true}]}}