{"id":5619,"date":"2011-12-06T12:34:47","date_gmt":"2011-12-06T10:34:47","guid":{"rendered":"http:\/\/www.afitecol.com\/?p=5619"},"modified":"2018-04-13T23:39:17","modified_gmt":"2018-04-13T23:39:17","slug":"emision-%e2%80%9ccasa-de-bolivar-de-bucaramanga%e2%80%9c","status":"publish","type":"post","link":"https:\/\/www.afitecol.com\/?p=5619","title":{"rendered":"Emisi\u00f3n postal: \u201cCasa de Bolivar de Bucaramanga\u201c"},"content":{"rendered":"<p><a href=\"https:\/\/www.afitecol.com\/wp-content\/uploads\/2011\/12\/EmisionCasaBolivarCaratula-995x1024.jpg\" target=\"_blank\"><img loading=\"lazy\" decoding=\"async\" class=\"alignnone size-large wp-image-5621\" style=\"margin: 5px;\" title=\"EmisionCasaBolivarCaratula\" src=\"https:\/\/www.afitecol.com\/wp-content\/uploads\/2011\/12\/EmisionCasaBolivarCaratula-995x1024.jpg\" alt=\"EmisionCasaBolivarCaratula\" width=\"129\" height=\"133\" srcset=\"https:\/\/www.afitecol.com\/wp-content\/uploads\/2011\/12\/EmisionCasaBolivarCaratula-995x1024.jpg 995w, https:\/\/www.afitecol.com\/wp-content\/uploads\/2011\/12\/EmisionCasaBolivarCaratula-291x300.jpg 291w, https:\/\/www.afitecol.com\/wp-content\/uploads\/2011\/12\/EmisionCasaBolivarCaratula.jpg 1163w\" sizes=\"(max-width: 129px) 85vw, 129px\" \/><\/a>La <strong>Casa de Bol\u00edvar<\/strong>, casona de m\u00e1s de 300 a\u00f1os que se encuentra ubicada en pleno centro de Bucaramanga, sirvi\u00f3 como Palacio Presidencial mientras el pr\u00f3cer de la Independencia Sim\u00f3n Bolivar esperaba los resultados de la Convenci\u00f3n de Oca\u00f1a donde se buscaba cambiar la Constituci\u00f3n de C\u00facuta de 1821. Adem\u00e1s, el Libertador Sim\u00f3n Bol\u00edvar estuvo en esta casa durante aproximadamente 70 d\u00edas en 1828.<\/p>\n<p>La Casa de Bolivar de Bucaramanga es la casa de la Academia de Historia del Departamento de Santander, y donde actualmente funciona un Museo de la Cultura Guane.  En la casa Museo se exhiben, adem\u00e1s, cosas muy interesantes de la historia del Departamento, incluidos artefactos de la Batalla de Palonegro, la \u00faltima y m\u00e1s sangrienta batalla de la Guerra de los mil d\u00edas.<\/p>\n<p>Como un homenaje a la trascendencia en la historia de Colombia, y a los santandereanos, el Gobierno de Colombia, por intermedio del Ministerio de Tecnolog\u00edas de la Informaci\u00f3n y las Comunicaciones autoriz\u00f3 la Emisi\u00f3n postal <strong>\u201cCasa de Bolivar de Bucaramanga\u201c.<\/strong><\/p>\n<p><strong>Acto protocolario<\/strong>. El acto protocolario de lanzamiento de la emisi\u00f3n <strong>\u201cCasa de Bolivar de Bucaramanga\u201c<\/strong>, se realiz\u00f3 en dicha Casa, con la asistencia de Directivos gubernamentales, miembros de la Academia de Historia de Santander, directivos de La Red Postal de Colombia e invitados especiales.<\/p>\n<p><strong>La emisi\u00f3n<\/strong>. La emisi\u00f3n <strong>\u201cCasa de Bolivar de Bucaramanga\u201c<\/strong> consta de 150.000 estampillas, sobre de primer d\u00eda y bolet\u00edn informativo.<\/p>\n<p><strong>El Pliego<\/strong>.  El pliego contiene 24 estampillas.<\/p>\n<p><strong><a href=\"https:\/\/www.afitecol.com\/wp-content\/uploads\/2011\/12\/EmisionCasaBolivarEstampilla.jpg\" target=\"_blank\"><img loading=\"lazy\" decoding=\"async\" class=\"alignnone size-full wp-image-5622\" style=\"margin: 5px;\" title=\"EmisionCasaBolivarEstampilla\" src=\"https:\/\/www.afitecol.com\/wp-content\/uploads\/2011\/12\/EmisionCasaBolivarEstampilla.jpg\" alt=\"EmisionCasaBolivarEstampilla\" width=\"62\" height=\"47\" srcset=\"https:\/\/www.afitecol.com\/wp-content\/uploads\/2011\/12\/EmisionCasaBolivarEstampilla.jpg 480w, https:\/\/www.afitecol.com\/wp-content\/uploads\/2011\/12\/EmisionCasaBolivarEstampilla-300x227.jpg 300w\" sizes=\"(max-width: 62px) 85vw, 62px\" \/><\/a>La estampilla<\/strong>. La estampilla, cuyo motivo es la Casa de Bolivar de Bucaramnga, tiene un tama\u00f1o de 40 x 30 mm, valor facial de $ 1.200, en policrom\u00eda m\u00e1s una tinta visible y una tinta fluorescente invisible, en papel Truwhite y goma PVA.  Como dato especial muestra un dentado especial de 13.25.<br \/>\nEl dise\u00f1o estuvo a cargo de Andr\u00e9s Dur\u00e1n Vanegas.<\/p>\n<p><strong><a href=\"https:\/\/www.afitecol.com\/wp-content\/uploads\/2011\/12\/EmisionCasaBolivarSobre.jpg\" target=\"_blank\"><img loading=\"lazy\" decoding=\"async\" class=\"alignnone size-full wp-image-5623\" style=\"margin: 5px;\" title=\"EmisionCasaBolivarSobre\" src=\"https:\/\/www.afitecol.com\/wp-content\/uploads\/2011\/12\/EmisionCasaBolivarSobre.jpg\" alt=\"EmisionCasaBolivarSobre\" width=\"92\" height=\"48\" srcset=\"https:\/\/www.afitecol.com\/wp-content\/uploads\/2011\/12\/EmisionCasaBolivarSobre.jpg 711w, https:\/\/www.afitecol.com\/wp-content\/uploads\/2011\/12\/EmisionCasaBolivarSobre-300x156.jpg 300w\" sizes=\"(max-width: 92px) 85vw, 92px\" \/><\/a>El sobre de primer d\u00eda<\/strong>.  Se imprimieron 600 sobres numerados de primer d\u00eda, siendo \u00e9ste el 15 de noviembre de 2011 y matasellado en la ciudad de Bucaramanga, Santander.<\/p>\n<p><strong>AFITECOL<\/strong> felicita a los santandereanos por este reconocimiento postal por parte del Gobierno central y a los filatelistas tem\u00e1ticos interesados en la parte arquitect\u00f3nica e hist\u00f3rica de Colombia.<\/p>\n","protected":false},"excerpt":{"rendered":"<p>La Casa de Bol\u00edvar, casona de m\u00e1s de 300 a\u00f1os que se encuentra ubicada en pleno centro de Bucaramanga, sirvi\u00f3 como Palacio Presidencial mientras el pr\u00f3cer de la Independencia Sim\u00f3n Bolivar esperaba los resultados de la Convenci\u00f3n de Oca\u00f1a donde se buscaba cambiar la Constituci\u00f3n de C\u00facuta de 1821. Adem\u00e1s, el Libertador Sim\u00f3n Bol\u00edvar estuvo &hellip; <a href=\"https:\/\/www.afitecol.com\/?p=5619\" class=\"more-link\">Continuar leyendo<span class=\"screen-reader-text\"> \u00abEmisi\u00f3n postal: \u201cCasa de Bolivar de Bucaramanga\u201c\u00bb<\/span><\/a><\/p>\n","protected":false},"author":2,"featured_media":0,"comment_status":"open","ping_status":"closed","sticky":false,"template":"","format":"standard","meta":{"footnotes":""},"categories":[5],"tags":[],"class_list":["post-5619","post","type-post","status-publish","format-standard","hentry","category-emisiones"],"_links":{"self":[{"href":"https:\/\/www.afitecol.com\/index.php?rest_route=\/wp\/v2\/posts\/5619"}],"collection":[{"href":"https:\/\/www.afitecol.com\/index.php?rest_route=\/wp\/v2\/posts"}],"about":[{"href":"https:\/\/www.afitecol.com\/index.php?rest_route=\/wp\/v2\/types\/post"}],"author":[{"embeddable":true,"href":"https:\/\/www.afitecol.com\/index.php?rest_route=\/wp\/v2\/users\/2"}],"replies":[{"embeddable":true,"href":"https:\/\/www.afitecol.com\/index.php?rest_route=%2Fwp%2Fv2%2Fcomments&post=5619"}],"version-history":[{"count":9,"href":"https:\/\/www.afitecol.com\/index.php?rest_route=\/wp\/v2\/posts\/5619\/revisions"}],"predecessor-version":[{"id":5635,"href":"https:\/\/www.afitecol.com\/index.php?rest_route=\/wp\/v2\/posts\/5619\/revisions\/5635"}],"wp:attachment":[{"href":"https:\/\/www.afitecol.com\/index.php?rest_route=%2Fwp%2Fv2%2Fmedia&parent=5619"}],"wp:term":[{"taxonomy":"category","embeddable":true,"href":"https:\/\/www.afitecol.com\/index.php?rest_route=%2Fwp%2Fv2%2Fcategories&post=5619"},{"taxonomy":"post_tag","embeddable":true,"href":"https:\/\/www.afitecol.com\/index.php?rest_route=%2Fwp%2Fv2%2Ftags&post=5619"}],"curies":[{"name":"wp","href":"https:\/\/api.w.org\/{rel}","templated":true}]}}