{"id":494,"date":"2008-11-08T20:55:08","date_gmt":"2008-11-08T18:55:08","guid":{"rendered":"http:\/\/www.afitecol.com\/?p=494"},"modified":"2018-04-13T23:00:45","modified_gmt":"2018-04-13T23:00:45","slug":"emision-conferencia-episcopal-de-colombia-100-anos","status":"publish","type":"post","link":"https:\/\/www.afitecol.com\/?p=494","title":{"rendered":"Emisi\u00f3n postal: \u00abCentenario de la Conferencia Episcopal de Colombia 1908-2008\u00bb"},"content":{"rendered":"<p><a href=\"https:\/\/www.afitecol.com\/wp-content\/uploads\/2009\/09\/emisionepiscopalcar.jpg\"><img loading=\"lazy\" decoding=\"async\" class=\"alignleft size-medium wp-image-1747\" style=\"border: 0pt none; margin: 5px;\" title=\"emisionepiscopalcar\" src=\"https:\/\/www.afitecol.com\/wp-content\/uploads\/2009\/09\/emisionepiscopalcar-230x300.jpg\" alt=\"\" width=\"138\" height=\"180\" srcset=\"https:\/\/www.afitecol.com\/wp-content\/uploads\/2009\/09\/emisionepiscopalcar-230x300.jpg 230w, https:\/\/www.afitecol.com\/wp-content\/uploads\/2009\/09\/emisionepiscopalcar.jpg 612w\" sizes=\"(max-width: 138px) 85vw, 138px\" \/><\/a><strong>Centenario de la Conferencia Episcopal de Colombia 1908-2008<\/strong><\/p>\n<p>La Conferencia Episcopal cumpli\u00f3 el pasado 14 de Septiembre de 2008 sus 100 a\u00f1os<a href=\"https:\/\/www.afitecol.com\/wp-content\/uploads\/2009\/09\/emisionepiscopalcontrcar.jpg\"><img loading=\"lazy\" decoding=\"async\" class=\"alignright size-medium wp-image-1748\" style=\"border: 0pt none; margin: 5px;\" title=\"emisionepiscopalcontrcar\" src=\"https:\/\/www.afitecol.com\/wp-content\/uploads\/2009\/09\/emisionepiscopalcontrcar-230x300.jpg\" alt=\"\" width=\"138\" height=\"180\" srcset=\"https:\/\/www.afitecol.com\/wp-content\/uploads\/2009\/09\/emisionepiscopalcontrcar-230x300.jpg 230w, https:\/\/www.afitecol.com\/wp-content\/uploads\/2009\/09\/emisionepiscopalcontrcar.jpg 612w\" sizes=\"(max-width: 138px) 85vw, 138px\" \/><\/a> de existencia en Colombia.<br \/>\nLa Conferencia Episcopal es una agrupaci\u00f3n en que los Obispos de Colombia ejercen conjuntamente su cargo pastoral.\u00a0 Est\u00e1 conformada por 87 Obispos en ejercicio y 34 Obispos retirados. La Conferencia Episcopal de Colombia es una de las primeras en Am\u00e9rica, siendo antecedida s\u00f3lo por la de M\u00e9xico que fue establecida en 1900.\u00a0 El actual Presidente de La Conferencia Episcopal es el Arzobispo Rub\u00e9n Salazar G\u00f3mez y el Secretario Monse\u00f1or Fabi\u00e1n Marulanda L\u00f3pez.<br \/>\nPara conmemorar los 100 a\u00f1os de promoci\u00f3n humana en Colombia, el d\u00eda 6 de Noviembre de 2008 se hizo el lanzamiento de una\u00a0 estampilla especial con este fin.\u00a0 <a href=\"https:\/\/www.afitecol.com\/wp-content\/uploads\/2008\/11\/conepisinstpag.jpg\"><img loading=\"lazy\" decoding=\"async\" class=\"aligncenter size-thumbnail wp-image-504\" style=\"border: 0pt none; margin: 5px;\" title=\"conepisinstpag\" src=\"https:\/\/www.afitecol.com\/wp-content\/uploads\/2008\/11\/conepisinstpag-150x150.jpg\" alt=\"\" width=\"150\" height=\"150\" \/><\/a><strong>El Acto Protocolario<\/strong>: El acto protocolario se realiz\u00f3 en las instalaciones de la Conferencia Episcopal en la ciudad de Bogot\u00e1, D.C., Colombia, con la presencia de la se\u00f1ora Ministra de Comunicaciones, doctora Mar\u00eda del Rosario Guerra, de destacados miembros de la Conferencia Episcopal, del Presidente de Servicios Postales Nacionales y como invitados Especiales un grupo de Filatelistas. <strong>Afitecol<\/strong> estuvo presente en este evento. <a href=\"https:\/\/www.afitecol.com\/wp-content\/uploads\/2008\/11\/conepispag.jpg\"><img loading=\"lazy\" decoding=\"async\" class=\"aligncenter size-thumbnail wp-image-505\" style=\"border: 0pt none; margin: 5px;\" title=\"conepispag\" src=\"https:\/\/www.afitecol.com\/wp-content\/uploads\/2008\/11\/conepispag-150x150.jpg\" alt=\"\" width=\"150\" height=\"150\" \/><\/a><strong> <\/strong><br \/>\n<strong>La Emisi\u00f3n<\/strong>: Centenario de la Conferencia Episcopal de Colombia 1908-2008, aprobada por Resoluci\u00f3n N\u00ba 056 del 6 de noviembre de 2008 de la Presidencia de Servicios Postales Nacionales, consta de 30.000 estampillas.<\/p>\n<p><a href=\"https:\/\/www.afitecol.com\/wp-content\/uploads\/2009\/09\/emisionepiscopalplieg.jpg\"><img loading=\"lazy\" decoding=\"async\" class=\"alignleft size-medium wp-image-1749\" style=\"border: 0pt none; margin: 5px;\" title=\"emisionepiscopalplieg\" src=\"https:\/\/www.afitecol.com\/wp-content\/uploads\/2009\/09\/emisionepiscopalplieg-175x300.jpg\" alt=\"\" width=\"105\" height=\"180\" srcset=\"https:\/\/www.afitecol.com\/wp-content\/uploads\/2009\/09\/emisionepiscopalplieg-175x300.jpg 175w, https:\/\/www.afitecol.com\/wp-content\/uploads\/2009\/09\/emisionepiscopalplieg.jpg 316w\" sizes=\"(max-width: 105px) 85vw, 105px\" \/><\/a><strong>El Pliego Especial<\/strong>: la presentaci\u00f3n del Pliego consta de 12 estampillas.<\/p>\n<p><strong>La Estampilla<\/strong>: Tiene un valor facial de $ 1.500 y un dimensi\u00f3n de 30 x 40 mm., policrom\u00eda, papel sopal y goma tropicalizada. Sobre el <a href=\"https:\/\/www.afitecol.com\/wp-content\/uploads\/2009\/09\/emisionepiscopalest.jpg\"><img loading=\"lazy\" decoding=\"async\" class=\"alignright size-medium wp-image-1750\" title=\"emisionepiscopalest\" src=\"https:\/\/www.afitecol.com\/wp-content\/uploads\/2009\/09\/emisionepiscopalest.jpg\" alt=\"\" width=\"91\" height=\"119\" \/><\/a>fondo del mapa de Colombia se resalta el logo de la Conferencia Episcopal, descollando el c\u00f3ndor.\u00a0 En la parte superior derecha la corona de espinas, icono por excelencia, resaltando los 100 a\u00f1os de la conmemoraci\u00f3n de la Instituci\u00f3n.<\/p>\n<p><a href=\"https:\/\/www.afitecol.com\/wp-content\/uploads\/2009\/09\/emisionepscopalsobr.jpg\"><img loading=\"lazy\" decoding=\"async\" class=\"alignleft size-medium wp-image-1751\" style=\"border: 0pt none; margin: 5px;\" title=\"emisionepscopalsobr\" src=\"https:\/\/www.afitecol.com\/wp-content\/uploads\/2009\/09\/emisionepscopalsobr-300x155.jpg\" alt=\"\" width=\"180\" height=\"93\" srcset=\"https:\/\/www.afitecol.com\/wp-content\/uploads\/2009\/09\/emisionepscopalsobr-300x155.jpg 300w, https:\/\/www.afitecol.com\/wp-content\/uploads\/2009\/09\/emisionepscopalsobr.jpg 464w\" sizes=\"(max-width: 180px) 85vw, 180px\" \/><\/a><strong>Sobres de Primer D\u00eda<\/strong>.\u00a0 Se imprimieron 550 sobres numerados de Primer D\u00eda de Circulaci\u00f3n, siendo \u00e9sta el 6 de Noviembre de 2008.<\/p>\n<p style=\"text-align: left;\">\n<p style=\"text-align: left;\"><strong>Dise\u00f1o<\/strong>: El dise\u00f1o estuvo a cargo del dise\u00f1ador gr\u00e1fico Camilo Restrepo Q.<br \/>\n<strong>Afitecol<\/strong> desea a todos los Miembros de la Conferencia Episcopal que su Instituci\u00f3n y su Centenario sean conocidos en el mundo entero, a trav\u00e9s de su estampilla; y a los filatelistas de la Temafilia el mejor aprovechamiento de los diversos motivos que aparecen en ella.<\/p>\n","protected":false},"excerpt":{"rendered":"<p>Centenario de la Conferencia Episcopal de Colombia 1908-2008 La Conferencia Episcopal cumpli\u00f3 el pasado 14 de Septiembre de 2008 sus 100 a\u00f1os de existencia en Colombia. La Conferencia Episcopal es una agrupaci\u00f3n en que los Obispos de Colombia ejercen conjuntamente su cargo pastoral.\u00a0 Est\u00e1 conformada por 87 Obispos en ejercicio y 34 Obispos retirados. La &hellip; <a href=\"https:\/\/www.afitecol.com\/?p=494\" class=\"more-link\">Continuar leyendo<span class=\"screen-reader-text\"> \u00abEmisi\u00f3n postal: \u00abCentenario de la Conferencia Episcopal de Colombia 1908-2008\u00bb\u00bb<\/span><\/a><\/p>\n","protected":false},"author":2,"featured_media":0,"comment_status":"open","ping_status":"closed","sticky":false,"template":"","format":"standard","meta":{"footnotes":""},"categories":[5],"tags":[],"class_list":["post-494","post","type-post","status-publish","format-standard","hentry","category-emisiones"],"_links":{"self":[{"href":"https:\/\/www.afitecol.com\/index.php?rest_route=\/wp\/v2\/posts\/494"}],"collection":[{"href":"https:\/\/www.afitecol.com\/index.php?rest_route=\/wp\/v2\/posts"}],"about":[{"href":"https:\/\/www.afitecol.com\/index.php?rest_route=\/wp\/v2\/types\/post"}],"author":[{"embeddable":true,"href":"https:\/\/www.afitecol.com\/index.php?rest_route=\/wp\/v2\/users\/2"}],"replies":[{"embeddable":true,"href":"https:\/\/www.afitecol.com\/index.php?rest_route=%2Fwp%2Fv2%2Fcomments&post=494"}],"version-history":[{"count":22,"href":"https:\/\/www.afitecol.com\/index.php?rest_route=\/wp\/v2\/posts\/494\/revisions"}],"predecessor-version":[{"id":516,"href":"https:\/\/www.afitecol.com\/index.php?rest_route=\/wp\/v2\/posts\/494\/revisions\/516"}],"wp:attachment":[{"href":"https:\/\/www.afitecol.com\/index.php?rest_route=%2Fwp%2Fv2%2Fmedia&parent=494"}],"wp:term":[{"taxonomy":"category","embeddable":true,"href":"https:\/\/www.afitecol.com\/index.php?rest_route=%2Fwp%2Fv2%2Fcategories&post=494"},{"taxonomy":"post_tag","embeddable":true,"href":"https:\/\/www.afitecol.com\/index.php?rest_route=%2Fwp%2Fv2%2Ftags&post=494"}],"curies":[{"name":"wp","href":"https:\/\/api.w.org\/{rel}","templated":true}]}}