{"id":3497,"date":"2010-07-19T15:49:25","date_gmt":"2010-07-19T13:49:25","guid":{"rendered":"http:\/\/www.afitecol.com\/?p=3497"},"modified":"2018-04-13T23:50:32","modified_gmt":"2018-04-13T23:50:32","slug":"emision-%e2%80%9cpolicia-nacional-de-colombia-escuela-de-suboficiales-gonzalo-jimenez-de-quesada%e2%80%9d","status":"publish","type":"post","link":"https:\/\/www.afitecol.com\/?p=3497","title":{"rendered":"Emisi\u00f3n postal: \u201cPolic\u00eda Nacional de Colombia Escuela de Suboficiales Gonzalo Jim\u00e9nez de Quesada\u201d"},"content":{"rendered":"<p><strong>Estudio, Honor, Legalidad<\/strong><\/p>\n<p><a href=\"https:\/\/www.afitecol.com\/wp-content\/uploads\/2010\/07\/EmisionPoliciaCarat.jpg\" target=\"_blank\"><img loading=\"lazy\" decoding=\"async\" class=\"alignleft size-medium wp-image-3499\" style=\"border: 0pt none; margin: 5px;\" title=\"EmisionPoliciaCarat\" src=\"https:\/\/www.afitecol.com\/wp-content\/uploads\/2010\/07\/EmisionPoliciaCarat-226x300.jpg\" alt=\"EmisionPoliciaCarat\" width=\"136\" height=\"180\" srcset=\"https:\/\/www.afitecol.com\/wp-content\/uploads\/2010\/07\/EmisionPoliciaCarat-226x300.jpg 226w, https:\/\/www.afitecol.com\/wp-content\/uploads\/2010\/07\/EmisionPoliciaCarat-773x1024.jpg 773w, https:\/\/www.afitecol.com\/wp-content\/uploads\/2010\/07\/EmisionPoliciaCarat.jpg 824w\" sizes=\"(max-width: 136px) 85vw, 136px\" \/><\/a>La <strong>Escuela Gonzalo Jim\u00e9nez de Quesada<\/strong>, localizada en el Municipio de Sibat\u00e9, Cundinamarca, Colombia, es el \u00fanico entro de capacitaci\u00f3n de suboficiales de la Polic\u00eda Nacional a nivel del pa\u00eds.\u00a0 La escuela fue creada por el \u00f3rgano ejecutivo mediante el decreto 0446 del 14 de febrero de 1950, bajo la administraci\u00f3n del entonces presidente Mariano Ospina P\u00e9rez.<a href=\"https:\/\/www.afitecol.com\/wp-content\/uploads\/2010\/07\/EmisionPoliciaContracarat.jpg\" target=\"_blank\"><img loading=\"lazy\" decoding=\"async\" class=\"alignright size-medium wp-image-3500\" style=\"border: 0pt none; margin: 5px;\" title=\"EmisionPoliciaContracarat\" src=\"https:\/\/www.afitecol.com\/wp-content\/uploads\/2010\/07\/EmisionPoliciaContracarat-228x300.jpg\" alt=\"EmisionPoliciaContracarat\" width=\"136\" height=\"180\" srcset=\"https:\/\/www.afitecol.com\/wp-content\/uploads\/2010\/07\/EmisionPoliciaContracarat-228x300.jpg 228w, https:\/\/www.afitecol.com\/wp-content\/uploads\/2010\/07\/EmisionPoliciaContracarat-780x1024.jpg 780w\" sizes=\"(max-width: 136px) 85vw, 136px\" \/><\/a><\/p>\n<p>El pasado 14 de febrero de 2010 la Escuela celebr\u00f3 sus 60 a\u00f1os de historia conservando su misi\u00f3n la de formar y capacitar al personal de Suboficiales, nivel ejecutivo y no uniformados, mediante el desarrollo de programas t\u00e9cnicos y tecnol\u00f3gicos, fundamentados en el respeto por los derechos humanos, valores \u00e9ticos y morales con docentes id\u00f3neos, para entregar al pa\u00eds profesionales que contribuyan a la satisfacci\u00f3n de la seguridad y tranquilidad p\u00fablicas con un servicio efectivo.<\/p>\n<p><strong>El Acto Protocolario<\/strong>. El acto de lanzamiento de la estampilla \u201cPolic\u00eda Nacional de Colombia Escuela de Suboficiales Gonzalo Jim\u00e9nez de Quesada\u201d se realiz\u00f3 en la ciudad de Bogot\u00e1, el d\u00eda 24 de junio de 2010, como un homenaje del Gobierno Nacional a trav\u00e9s del Ministerio de Tecnolog\u00edas de la Informaci\u00f3n y las Comunicaciones, por los 60 a\u00f1os de vida de la Escuela.<\/p>\n<p><strong>La emisi\u00f3n<\/strong>. La emisi\u00f3n filat\u00e9lica <strong>\u201cPolic\u00eda Nacional de Colombia Escuela de Suboficiales Gonzalo Jim\u00e9nez de Quesada\u201d<\/strong>, se compone de 90.000 estampillas, adem\u00e1s de un sobre de primer d\u00eda y un bolet\u00edn informativo.<\/p>\n<p><strong><a href=\"https:\/\/www.afitecol.com\/wp-content\/uploads\/2010\/07\/EmisionPoliciaHoja.jpg\" target=\"_blank\"><img loading=\"lazy\" decoding=\"async\" class=\"alignleft size-medium wp-image-3502\" style=\"border: 1px solid black; margin: 5px;\" title=\"EmisionPoliciaHoja\" src=\"https:\/\/www.afitecol.com\/wp-content\/uploads\/2010\/07\/EmisionPoliciaHoja-246x300.jpg\" alt=\"EmisionPoliciaHoja\" width=\"148\" height=\"180\" srcset=\"https:\/\/www.afitecol.com\/wp-content\/uploads\/2010\/07\/EmisionPoliciaHoja-246x300.jpg 246w, https:\/\/www.afitecol.com\/wp-content\/uploads\/2010\/07\/EmisionPoliciaHoja.jpg 551w\" sizes=\"(max-width: 148px) 85vw, 148px\" \/><\/a>Hoja bloque<\/strong>. La Hoja bloque consta de 12 estampillas, con bandeleta<\/p>\n<p><strong>La estampilla<\/strong>. La estampilla, con valor facial de $ 2.000, tama\u00f1o de 40 x 30 mm, en policrom\u00eda, papel sopal y goma tropicalizada, tiene como motivo el nuevo \u00edcono y s\u00edmbolo del suboficial por su significado hist\u00f3rico: la Plaza de Armas y la construcci\u00f3n del monumento al Sargento Mayor Luis Alberto Torres Huertas, ejemplo en la instituci\u00f3n y verdadero art\u00edfice de la Especialidad de la Polic\u00eda de Protecci\u00f3n Infantil<br \/>\nEl dise\u00f1o estuvo a cargo de Milena Mar\u00eda Mongu\u00ed.<\/p>\n<p><strong>Sobre de primer d\u00eda<\/strong>. Se imprimieron 1.000 sobres numerados de primer d\u00eda de circulaci\u00f3n, siendo \u00e9ste el 24 de Junio de 2010.<a href=\"https:\/\/www.afitecol.com\/wp-content\/uploads\/2010\/07\/EmisionPoliciaSobre.jpg\" target=\"_blank\"><img loading=\"lazy\" decoding=\"async\" class=\"alignright size-medium wp-image-3503\" style=\"margin: 5px; border: 1px solid black;\" title=\"EmisionPoliciaSobre\" src=\"https:\/\/www.afitecol.com\/wp-content\/uploads\/2010\/07\/EmisionPoliciaSobre-300x154.jpg\" alt=\"EmisionPoliciaSobre\" width=\"180\" height=\"92\" srcset=\"https:\/\/www.afitecol.com\/wp-content\/uploads\/2010\/07\/EmisionPoliciaSobre-300x154.jpg 300w, https:\/\/www.afitecol.com\/wp-content\/uploads\/2010\/07\/EmisionPoliciaSobre.jpg 645w\" sizes=\"(max-width: 180px) 85vw, 180px\" \/><\/a><\/p>\n<p><strong>Afitecol<\/strong> felicita a la Polic\u00eda Nacional de Colombia, pero en especial a los miembros de la Escuela de Suboficiales Gonzalo Jim\u00e9nez de Quesada en sus 6 d\u00e9cadas de vida fruct\u00edfera y les augura muchos a\u00f1os m\u00e1s de vida.<\/p>\n","protected":false},"excerpt":{"rendered":"<p>Estudio, Honor, Legalidad La Escuela Gonzalo Jim\u00e9nez de Quesada, localizada en el Municipio de Sibat\u00e9, Cundinamarca, Colombia, es el \u00fanico entro de capacitaci\u00f3n de suboficiales de la Polic\u00eda Nacional a nivel del pa\u00eds.\u00a0 La escuela fue creada por el \u00f3rgano ejecutivo mediante el decreto 0446 del 14 de febrero de 1950, bajo la administraci\u00f3n del &hellip; <a href=\"https:\/\/www.afitecol.com\/?p=3497\" class=\"more-link\">Continuar leyendo<span class=\"screen-reader-text\"> \u00abEmisi\u00f3n postal: \u201cPolic\u00eda Nacional de Colombia Escuela de Suboficiales Gonzalo Jim\u00e9nez de Quesada\u201d\u00bb<\/span><\/a><\/p>\n","protected":false},"author":2,"featured_media":0,"comment_status":"open","ping_status":"closed","sticky":false,"template":"","format":"standard","meta":{"footnotes":""},"categories":[5],"tags":[],"class_list":["post-3497","post","type-post","status-publish","format-standard","hentry","category-emisiones"],"_links":{"self":[{"href":"https:\/\/www.afitecol.com\/index.php?rest_route=\/wp\/v2\/posts\/3497"}],"collection":[{"href":"https:\/\/www.afitecol.com\/index.php?rest_route=\/wp\/v2\/posts"}],"about":[{"href":"https:\/\/www.afitecol.com\/index.php?rest_route=\/wp\/v2\/types\/post"}],"author":[{"embeddable":true,"href":"https:\/\/www.afitecol.com\/index.php?rest_route=\/wp\/v2\/users\/2"}],"replies":[{"embeddable":true,"href":"https:\/\/www.afitecol.com\/index.php?rest_route=%2Fwp%2Fv2%2Fcomments&post=3497"}],"version-history":[{"count":13,"href":"https:\/\/www.afitecol.com\/index.php?rest_route=\/wp\/v2\/posts\/3497\/revisions"}],"predecessor-version":[{"id":11957,"href":"https:\/\/www.afitecol.com\/index.php?rest_route=\/wp\/v2\/posts\/3497\/revisions\/11957"}],"wp:attachment":[{"href":"https:\/\/www.afitecol.com\/index.php?rest_route=%2Fwp%2Fv2%2Fmedia&parent=3497"}],"wp:term":[{"taxonomy":"category","embeddable":true,"href":"https:\/\/www.afitecol.com\/index.php?rest_route=%2Fwp%2Fv2%2Fcategories&post=3497"},{"taxonomy":"post_tag","embeddable":true,"href":"https:\/\/www.afitecol.com\/index.php?rest_route=%2Fwp%2Fv2%2Ftags&post=3497"}],"curies":[{"name":"wp","href":"https:\/\/api.w.org\/{rel}","templated":true}]}}