{"id":3469,"date":"2010-07-16T00:08:23","date_gmt":"2010-07-15T22:08:23","guid":{"rendered":"http:\/\/www.afitecol.com\/?p=3469"},"modified":"2018-04-13T23:50:54","modified_gmt":"2018-04-13T23:50:54","slug":"emision-%e2%80%9cdepartamentos-de-colombia-atlantico%e2%80%9d","status":"publish","type":"post","link":"https:\/\/www.afitecol.com\/?p=3469","title":{"rendered":"Emisi\u00f3n postal: \u201cDepartamentos de Colombia: Atl\u00e1ntico\u201d"},"content":{"rendered":"<p><strong>Departamento del Atl\u00e1ntico: la puerta de oro de Colombia<\/strong><\/p>\n<p><a href=\"https:\/\/www.afitecol.com\/wp-content\/uploads\/2010\/07\/EmisionAtlanticoCarat.jpg\" target=\"_blank\"><img loading=\"lazy\" decoding=\"async\" class=\"alignleft size-medium wp-image-3471\" style=\"border: 1px solid black; margin: 5px;\" title=\"EmisionAtlanticoCarat\" src=\"https:\/\/www.afitecol.com\/wp-content\/uploads\/2010\/07\/EmisionAtlanticoCarat-224x300.jpg\" alt=\"EmisionAtlanticoCarat\" width=\"134\" height=\"180\" srcset=\"https:\/\/www.afitecol.com\/wp-content\/uploads\/2010\/07\/EmisionAtlanticoCarat-224x300.jpg 224w, https:\/\/www.afitecol.com\/wp-content\/uploads\/2010\/07\/EmisionAtlanticoCarat-764x1024.jpg 764w, https:\/\/www.afitecol.com\/wp-content\/uploads\/2010\/07\/EmisionAtlanticoCarat.jpg 824w\" sizes=\"(max-width: 134px) 85vw, 134px\" \/><\/a>El Departamento del Atl\u00e1ntico, ubicado en la costa Caribe colombiana, es uno de los 32 de departamentos en que est\u00e1 dividida pol\u00edticamente la Rep\u00fablica de Colombia.<a href=\"https:\/\/www.afitecol.com\/wp-content\/uploads\/2010\/07\/EmisionAtlanticoContracarat.jpg\" target=\"_blank\"><img loading=\"lazy\" decoding=\"async\" class=\"alignright size-medium wp-image-3472\" style=\"border: 1px solid black; margin: 5px;\" title=\"EmisionAtlanticoContracarat\" src=\"https:\/\/www.afitecol.com\/wp-content\/uploads\/2010\/07\/EmisionAtlanticoContracarat-225x300.jpg\" alt=\"EmisionAtlanticoContracarat\" width=\"134\" height=\"180\" \/><\/a><\/p>\n<p>El Departamento del Atl\u00e1ntico es muy conocido en todo el mundo por \u201cEl Carnaval de Barranquilla\u201d, patrimonio oral e inmaterial de la humanidad; es una de las mayores fiestas de Colombia.<\/p>\n<p>El Departamento del Atl\u00e1ntico est\u00e1 formado por 22 municipios, siendo uno de ellos su capital Barranquilla constituido como Distrito Especial Mar\u00edtimo, Comercial y Portuario.<\/p>\n<p>El Departamento del Atl\u00e1ntico, conformado por las provincias de Sabanalarga y Barranquilla, segregadas del departamento de Bol\u00edvar, y teniendo como capital a Barranquilla, se cre\u00f3 el 11 de abril de 1905. En 1908, el Departamento del Atl\u00e1ntico fue suprimido y reemplazado por el Departamento de Barranquilla y en 1910, se volvi\u00f3 a crear definitivamente como Departamento, tal como se conoce en el d\u00eda de hoy, mediante la Ley 21 del 14 de julio de 1910, siendo la capital Barranquilla,<\/p>\n<p>Anteceden a esta emisi\u00f3n postal, dentro de la Serie Departamentos de Colombia, las correspondientes a los Departamentos de Caldas, Huila, Santander, Tolima, Nari\u00f1o, Choc\u00f3, San Andr\u00e9s, Quind\u00edo, Valle del Cauca, Boyac\u00e1, Amazonas, Antioquia. y Guajira.<\/p>\n<p><strong>El Acto Protocolario<\/strong>. El acto de lanzamiento de la Serie \u201cDepartamentos de Colombia: Atl\u00e1ntico\u201d se realiz\u00f3 en la ciudad de Barranquilla, el d\u00eda 15 de junio de 2010, como un homenaje del Gobierno Nacional a trav\u00e9s del Ministerio de Tecnolog\u00edas de la Informaci\u00f3n y las Comunicaciones.<\/p>\n<p><strong>La emisi\u00f3n<\/strong>. La emisi\u00f3n filat\u00e9lica <strong>\u201cDepartamentos de Colombia: Atl\u00e1ntico\u201d<\/strong>,  autorizad por el Ministerio de Tecnolog\u00edas de la Informaci\u00f3n y Comunicaciones, se compone de 12 motivos, 10.000 unidades por cada motivo, para un total de 120.000 estampillas. Contiene adem\u00e1s tres sobres de primer d\u00eda y un bolet\u00edn informativo.<\/p>\n<p><strong><a href=\"https:\/\/www.afitecol.com\/wp-content\/uploads\/2010\/07\/EmisionAtlanticoHoja.jpg\" target=\"_blank\"><img loading=\"lazy\" decoding=\"async\" class=\"alignleft size-medium wp-image-3473\" style=\"border: 1px solid black; margin: 5px;\" title=\"EmisionAtlanticoHoja\" src=\"https:\/\/www.afitecol.com\/wp-content\/uploads\/2010\/07\/EmisionAtlanticoHoja-240x300.jpg\" alt=\"EmisionAtlanticoHoja\" width=\"144\" height=\"180\" srcset=\"https:\/\/www.afitecol.com\/wp-content\/uploads\/2010\/07\/EmisionAtlanticoHoja-240x300.jpg 240w, https:\/\/www.afitecol.com\/wp-content\/uploads\/2010\/07\/EmisionAtlanticoHoja.jpg 631w\" sizes=\"(max-width: 144px) 85vw, 144px\" \/><\/a>La Hoja bloque<\/strong>. La Hoja bloque consta de 12 estampillas, con motivos que caracterizan  algunos de los \u00edconos tradicionales de la regi\u00f3n; la hoja bloque est\u00e1 adornada con bandeletas.<\/p>\n<p><strong>Las estampillas<\/strong>.  Las estampillas, con valor facial de $ 2.000, tienen dos tama\u00f1os: 30 x 40 mm, las laterales y 40 x 30 mm las centrales; en policrom\u00eda, papel sopal y goma tropicalizada.<\/p>\n<p><strong>Las estampillas laterales<\/strong> tienen los siguientes motivos: <strong>Departamento del Atl\u00e1ntico: Her\u00e1ldica<\/strong>; sobre el escudo se encuentra una banda que dice \u201cPremio al Patriotismo\u201d. <strong> Isabelita<\/strong> (<em>Fluvicola pica<\/em>), ave asociada a las actividades de los pescadores. <strong>Galapa \u2013 M\u00e1scara del torito<\/strong>: artesan\u00eda tallada de la madera de la ceiba amarilla. <strong>Usiacur\u00ed \u2013 Artesan\u00edas palma de iraca<\/strong>: artesan\u00edas producidas con la fibra de esta palma.<strong> Tubar\u00e1 \u2013 Piedra pintada<\/strong>: petroglifo, prueba de la creatividad y riqueza cosmog\u00f3nica de los primeros pobladores. <strong>Luruaco \u2013 Ci\u00e9naga de Tocagua<\/strong>: ci\u00e9nega de origen terciario, rodeada de bosques nativos muy bien conservados. <strong>Roble morado<\/strong> (<em>Tabebuia rosea<\/em>) \u00e1rbol t\u00edpico del bosque seco tropical, utilizado en la ebanister\u00eda. Barranquilla \u2013 <strong>Palacio de la Aduana<\/strong>: de estilo neocl\u00e1sico, catalogado como una de las obras de mayor calidad arquitect\u00f3nica a comienzos del siglo XX<br \/>\n<strong>Las estampillas centrales<\/strong>: en tama\u00f1o de 50 x 40 mm, tienen los siguientes motivos: <strong>Barranquilla \u2013 Palacio de la cultura<\/strong>: primera sede de la administraci\u00f3n departamental, hoy sede del mueso Atl\u00e1ntico. <strong>Usiacur\u00ed \u2013 Casa Museo Julio Fl\u00f3rez<\/strong>: lugar donde se encuentran los restos mortales del poeta rom\u00e1ntico. <strong>Soledad \u2013 Templo de San Antonio de Padua<\/strong>: muestra de la arquitectura colonial y bien de inter\u00e9s cultural de la naci\u00f3n. <strong>Puerto Colombia \u2013 Muelle<\/strong>: bien de inter\u00e9s cultural de la naci\u00f3n, el segundo muelle m\u00e1s largo del mundo en el momento de su inauguraci\u00f3n, 1893.<br \/>\nEl dise\u00f1o estuvo a cargo de Zayda Quevedo M.<\/p>\n<p><a href=\"https:\/\/www.afitecol.com\/wp-content\/uploads\/2010\/07\/EmisionAtlanticoSobre1.jpg\" target=\"_blank\"><img loading=\"lazy\" decoding=\"async\" class=\"alignleft size-medium wp-image-3478\" style=\"border: 0pt none; margin: 5px;\" title=\"EmisionAtlanticoSobre1\" src=\"https:\/\/www.afitecol.com\/wp-content\/uploads\/2010\/07\/EmisionAtlanticoSobre1-300x158.jpg\" alt=\"EmisionAtlanticoSobre1\" width=\"180\" height=\"95\" srcset=\"https:\/\/www.afitecol.com\/wp-content\/uploads\/2010\/07\/EmisionAtlanticoSobre1-300x158.jpg 300w, https:\/\/www.afitecol.com\/wp-content\/uploads\/2010\/07\/EmisionAtlanticoSobre1.jpg 641w\" sizes=\"(max-width: 180px) 85vw, 180px\" \/><\/a><a href=\"https:\/\/www.afitecol.com\/wp-content\/uploads\/2010\/07\/EmisionAtlanticoSobre2.jpg\" target=\"_blank\"><img loading=\"lazy\" decoding=\"async\" class=\"alignleft size-medium wp-image-3479\" style=\"border: 0pt none; margin: 5px;\" title=\"EmisionAtlanticoSobre2\" src=\"https:\/\/www.afitecol.com\/wp-content\/uploads\/2010\/07\/EmisionAtlanticoSobre2-300x160.jpg\" alt=\"EmisionAtlanticoSobre2\" width=\"180\" height=\"95\" srcset=\"https:\/\/www.afitecol.com\/wp-content\/uploads\/2010\/07\/EmisionAtlanticoSobre2-300x160.jpg 300w, https:\/\/www.afitecol.com\/wp-content\/uploads\/2010\/07\/EmisionAtlanticoSobre2.jpg 641w\" sizes=\"(max-width: 180px) 85vw, 180px\" \/><\/a><a href=\"https:\/\/www.afitecol.com\/wp-content\/uploads\/2010\/07\/EmisionAtlanticoSobre3.jpg\" target=\"_blank\"><img loading=\"lazy\" decoding=\"async\" class=\"alignleft size-medium wp-image-3480\" style=\"border: 0pt none; margin: 5px;\" title=\"EmisionAtlanticoSobre3\" src=\"https:\/\/www.afitecol.com\/wp-content\/uploads\/2010\/07\/EmisionAtlanticoSobre3-300x159.jpg\" alt=\"EmisionAtlanticoSobre3\" width=\"180\" height=\"95\" srcset=\"https:\/\/www.afitecol.com\/wp-content\/uploads\/2010\/07\/EmisionAtlanticoSobre3-300x159.jpg 300w, https:\/\/www.afitecol.com\/wp-content\/uploads\/2010\/07\/EmisionAtlanticoSobre3.jpg 641w\" sizes=\"(max-width: 180px) 85vw, 180px\" \/><\/a><strong>Sobre de primer d\u00eda<\/strong>. Se imprimieron 700 sobres numerados, en 3 motivos diferentes, para un total de 2.100 sobres de primer d\u00eda de circulaci\u00f3n, siendo \u00e9ste el 15 de Junio de 2010.<\/p>\n<p><strong>Afitecol<\/strong> felicita a  los atlanticentes en general y a los filatelistas en particular, por el obsequio filat\u00e9lico que hacen con esta emisi\u00f3n a los amantes de estas tem\u00e1ticas del mundo entero.<\/p>\n","protected":false},"excerpt":{"rendered":"<p>Departamento del Atl\u00e1ntico: la puerta de oro de Colombia El Departamento del Atl\u00e1ntico, ubicado en la costa Caribe colombiana, es uno de los 32 de departamentos en que est\u00e1 dividida pol\u00edticamente la Rep\u00fablica de Colombia. El Departamento del Atl\u00e1ntico es muy conocido en todo el mundo por \u201cEl Carnaval de Barranquilla\u201d, patrimonio oral e inmaterial &hellip; <a href=\"https:\/\/www.afitecol.com\/?p=3469\" class=\"more-link\">Continuar leyendo<span class=\"screen-reader-text\"> \u00abEmisi\u00f3n postal: \u201cDepartamentos de Colombia: Atl\u00e1ntico\u201d\u00bb<\/span><\/a><\/p>\n","protected":false},"author":2,"featured_media":0,"comment_status":"open","ping_status":"closed","sticky":false,"template":"","format":"standard","meta":{"footnotes":""},"categories":[5],"tags":[],"class_list":["post-3469","post","type-post","status-publish","format-standard","hentry","category-emisiones"],"_links":{"self":[{"href":"https:\/\/www.afitecol.com\/index.php?rest_route=\/wp\/v2\/posts\/3469"}],"collection":[{"href":"https:\/\/www.afitecol.com\/index.php?rest_route=\/wp\/v2\/posts"}],"about":[{"href":"https:\/\/www.afitecol.com\/index.php?rest_route=\/wp\/v2\/types\/post"}],"author":[{"embeddable":true,"href":"https:\/\/www.afitecol.com\/index.php?rest_route=\/wp\/v2\/users\/2"}],"replies":[{"embeddable":true,"href":"https:\/\/www.afitecol.com\/index.php?rest_route=%2Fwp%2Fv2%2Fcomments&post=3469"}],"version-history":[{"count":22,"href":"https:\/\/www.afitecol.com\/index.php?rest_route=\/wp\/v2\/posts\/3469\/revisions"}],"predecessor-version":[{"id":11958,"href":"https:\/\/www.afitecol.com\/index.php?rest_route=\/wp\/v2\/posts\/3469\/revisions\/11958"}],"wp:attachment":[{"href":"https:\/\/www.afitecol.com\/index.php?rest_route=%2Fwp%2Fv2%2Fmedia&parent=3469"}],"wp:term":[{"taxonomy":"category","embeddable":true,"href":"https:\/\/www.afitecol.com\/index.php?rest_route=%2Fwp%2Fv2%2Fcategories&post=3469"},{"taxonomy":"post_tag","embeddable":true,"href":"https:\/\/www.afitecol.com\/index.php?rest_route=%2Fwp%2Fv2%2Ftags&post=3469"}],"curies":[{"name":"wp","href":"https:\/\/api.w.org\/{rel}","templated":true}]}}