{"id":3444,"date":"2010-07-10T16:49:35","date_gmt":"2010-07-10T14:49:35","guid":{"rendered":"http:\/\/www.afitecol.com\/?p=3444"},"modified":"2018-04-13T23:51:17","modified_gmt":"2018-04-13T23:51:17","slug":"emision-%e2%80%9c500-anos-del-descubrimiento-del-archipielago-de-san-andres-providencia-y-santa-catalina%e2%80%9d","status":"publish","type":"post","link":"https:\/\/www.afitecol.com\/?p=3444","title":{"rendered":"Emisi\u00f3n postal: \u201c500 a\u00f1os del descubrimiento del Archipi\u00e9lago de San Andr\u00e9s, Providencia y Santa Catalina\u201d"},"content":{"rendered":"<p><a href=\"https:\/\/www.afitecol.com\/wp-content\/uploads\/2010\/07\/EmisionSanAndresCarat.jpg\" target=\"_blank\"><img loading=\"lazy\" decoding=\"async\" class=\"alignleft size-medium wp-image-3448\" style=\"border: 0pt none; margin: 5px;\" title=\"EmisionSanAndresCarat\" src=\"https:\/\/www.afitecol.com\/wp-content\/uploads\/2010\/07\/EmisionSanAndresCarat-298x300.jpg\" alt=\"EmisionSanAndresCarat\" width=\"179\" height=\"180\" srcset=\"https:\/\/www.afitecol.com\/wp-content\/uploads\/2010\/07\/EmisionSanAndresCarat-298x300.jpg 298w, https:\/\/www.afitecol.com\/wp-content\/uploads\/2010\/07\/EmisionSanAndresCarat-150x150.jpg 150w, https:\/\/www.afitecol.com\/wp-content\/uploads\/2010\/07\/EmisionSanAndresCarat.jpg 784w\" sizes=\"(max-width: 179px) 85vw, 179px\" \/><\/a>Para conmemorar los 500 a\u00f1os del descubrimiento del Archipi\u00e9lago de San Andr\u00e9s, Providencia y Santa Catalina, hecho acaecido el 25 de noviembre de 1501 por la expedici\u00f3n de Diego de Nicuesa, el Gobierno Nacional de Colombia por intermedio del Ministerio de Tecnolog\u00edas de la Informaci\u00f3n y las Comunicaciones autoriz\u00f3 una emisi\u00f3n especial.<a href=\"https:\/\/www.afitecol.com\/wp-content\/uploads\/2010\/07\/EmisionSanAndresContracarat.jpg\" target=\"_blank\"><img loading=\"lazy\" decoding=\"async\" class=\"alignright size-medium wp-image-3449\" style=\"border: 0pt none; margin: 5px;\" title=\"EmisionSanAndresContracarat\" src=\"https:\/\/www.afitecol.com\/wp-content\/uploads\/2010\/07\/EmisionSanAndresContracarat-297x300.jpg\" alt=\"EmisionSanAndresContracarat\" width=\"179\" height=\"180\" srcset=\"https:\/\/www.afitecol.com\/wp-content\/uploads\/2010\/07\/EmisionSanAndresContracarat-297x300.jpg 297w, https:\/\/www.afitecol.com\/wp-content\/uploads\/2010\/07\/EmisionSanAndresContracarat-150x150.jpg 150w, https:\/\/www.afitecol.com\/wp-content\/uploads\/2010\/07\/EmisionSanAndresContracarat.jpg 782w\" sizes=\"(max-width: 179px) 85vw, 179px\" \/><\/a><\/p>\n<p>El Archipi\u00e9lago fue adscrito al Virreinato de la Nueva Granada por la Real Orden de 1803, y desde ese tiempo Colombia ejerce su jurisdicci\u00f3n y soberan\u00eda en forma pac\u00edfica e ininterrumpida.<\/p>\n<p>El Archipi\u00e9lago tiene m\u00e1s de 40 playas, algunas v\u00edrgenes, y la mayor\u00eda de arena coralina blanca. En el Archipi\u00e9lago se concentra el 78% de las \u00e1reas coralinas y las barreras arrecifales m\u00e1s extensas de Colombia; tiene m\u00e1s de 400 especies de flora tropical que crece en sus bosques y parches de vegetaci\u00f3n, m\u00e1s de 270 especies de peces, 4 de tortugas, m\u00e1s de 100 especies de aves entre residentes, migratorias y end\u00e9micas y m\u00e1s de 85 especies de corales duros y blandos y 100 especies de esponjas.<\/p>\n<p><strong>El Acto Protocolario<\/strong>.  El acto protocolario del lanzamiento de la emisi\u00f3n: \u201c500 a\u00f1os del descubrimiento del Archipi\u00e9lago de San Andr\u00e9s, Providencia y Santa Catalina\u201d, se realiz\u00f3 en San Andr\u00e9s, Capital del Departamento, el 12 de junio de 2010.<\/p>\n<p><strong>La emisi\u00f3n<\/strong>.  La emisi\u00f3n: <strong>\u201c500 a\u00f1os del descubrimiento del Archipi\u00e9lago de San Andr\u00e9s, Providencia y Santa Catalina\u201d<\/strong>, consta de\u00a0 9 motivos arreglados en una hoja filat\u00e9lica, 10.000 unidades por cada uno, para un total de 90.000 undades; adem\u00e1s, contiene los sobres de primer d\u00eda y el bolet\u00edn informativo<\/p>\n<p><strong><a href=\"https:\/\/www.afitecol.com\/wp-content\/uploads\/2010\/07\/EmisionSanAndresHoja.jpg\" target=\"_blank\"><img loading=\"lazy\" decoding=\"async\" class=\"alignleft size-medium wp-image-3451\" style=\"border: 0pt none; margin: 5px;\" title=\"EmisionSanAndresHoja\" src=\"https:\/\/www.afitecol.com\/wp-content\/uploads\/2010\/07\/EmisionSanAndresHoja-247x300.jpg\" alt=\"EmisionSanAndresHoja\" width=\"148\" height=\"180\" srcset=\"https:\/\/www.afitecol.com\/wp-content\/uploads\/2010\/07\/EmisionSanAndresHoja-247x300.jpg 247w, https:\/\/www.afitecol.com\/wp-content\/uploads\/2010\/07\/EmisionSanAndresHoja.jpg 585w\" sizes=\"(max-width: 148px) 85vw, 148px\" \/><\/a>La hoja Filat\u00e9lica<\/strong>.  La Hoja filat\u00e9lica est\u00e1 conformada por 9 estampillas con motivos especiales del Archipi\u00e9lago, con vi\u00f1etas y bandeletas.<\/p>\n<p><strong>Las estampillas<\/strong>.  Las estampillas en formato 30 x 40 mm, en policrom\u00eda, papel sopal y goma tropicalizada, con un valor facial de $ 5.900, representan los siguientes motivos: <strong>Isla de San Andr\u00e9<\/strong>s, con 26 km cuadrados de superficie, es la mayor de las islas del Archipi\u00e9lago y capital del Departamento. <strong>Islas de Providencia y Santa Catalina<\/strong>, colocadas al norte de San Andr\u00e9s, una de las grandes reservas internacionales de la biosfera, refugio de paz y tranquilidad. <strong>Cayos de Quitasue\u00f1o<\/strong>, donde se realiza la pesca artesanal e industrial de langosta; de gran importancia estrat\u00e9gica para Colombia, puesto que le genera una considerable porci\u00f3n de mar patrimonial.\u00a0 <strong>Cayos del este-sureste<\/strong>, atol\u00f3n al sureste de la Isla de San Andr\u00e9s. <strong>Cayos de Roncador<\/strong>, atol\u00f3n constituido por varios cayos, en donde anida una gran cantidad de aves marinas. <strong>Cayos de Bajo Nuevo<\/strong>, localizados  al este del Banco Serranilla. <strong>Cayos de Serranilla<\/strong>, con una cadena de arrecifes coralinos y tres cayos: Cayo oriental, Cayo central y Cayo Beacon. <strong>Cayos de Serrana<\/strong>, atol\u00f3n coralino situado al noroeste de Roncador. <strong>Cayos de Alburquerque<\/strong>, atol\u00f3n localizado al sur de la Isla de San Andr\u00e9s.\u00a0 El dise\u00f1o estuvo a cargo de Milena Mar\u00eda Mongu\u00ed.<\/p>\n<p><strong>Los sobres de primer d\u00eda<\/strong>. Se imprimieron 900 sobre numerados de primer d\u00eda, con tres motivos, para un total de 2.700 unidades.  El primer d\u00eda de emisi\u00f3n es el 12 de junio de 2010.<a href=\"https:\/\/www.afitecol.com\/wp-content\/uploads\/2010\/07\/EmisionSanAndresSobre1.jpg\" target=\"_blank\"><img loading=\"lazy\" decoding=\"async\" class=\"alignleft size-medium wp-image-3453\" style=\"border: 1px solid black; margin: 5px;\" title=\"EmisionSanAndresSobre1\" src=\"https:\/\/www.afitecol.com\/wp-content\/uploads\/2010\/07\/EmisionSanAndresSobre1-300x153.jpg\" alt=\"EmisionSanAndresSobre1\" width=\"180\" height=\"92\" srcset=\"https:\/\/www.afitecol.com\/wp-content\/uploads\/2010\/07\/EmisionSanAndresSobre1-300x153.jpg 300w, https:\/\/www.afitecol.com\/wp-content\/uploads\/2010\/07\/EmisionSanAndresSobre1.jpg 650w\" sizes=\"(max-width: 180px) 85vw, 180px\" \/><\/a><\/p>\n<p><strong>Afitecol<\/strong> felicita <a href=\"https:\/\/www.afitecol.com\/wp-content\/uploads\/2010\/07\/EmisionSanAndresSobre2.jpg\" target=\"_blank\"><img loading=\"lazy\" decoding=\"async\" class=\"alignleft size-medium wp-image-3454\" style=\"border: 1px solid black; margin: 5px;\" title=\"EmisionSanAndresSobre2\" src=\"https:\/\/www.afitecol.com\/wp-content\/uploads\/2010\/07\/EmisionSanAndresSobre2-300x158.jpg\" alt=\"EmisionSanAndresSobre2\" width=\"180\" height=\"92\" \/><\/a>a todos los habitantes de esta<a href=\"https:\/\/www.afitecol.com\/wp-content\/uploads\/2010\/07\/EmisionSanAndresSobre3.jpg\" target=\"_blank\"><img loading=\"lazy\" decoding=\"async\" class=\"alignleft size-medium wp-image-3455\" style=\"border: 1px solid black; margin: 5px;\" title=\"EmisionSanAndresSobre3\" src=\"https:\/\/www.afitecol.com\/wp-content\/uploads\/2010\/07\/EmisionSanAndresSobre3-300x154.jpg\" alt=\"EmisionSanAndresSobre3\" width=\"180\" height=\"92\" srcset=\"https:\/\/www.afitecol.com\/wp-content\/uploads\/2010\/07\/EmisionSanAndresSobre3-300x154.jpg 300w, https:\/\/www.afitecol.com\/wp-content\/uploads\/2010\/07\/EmisionSanAndresSobre3.jpg 652w\" sizes=\"(max-width: 180px) 85vw, 180px\" \/><\/a>s hermosas regiones colombianas por esta emisi\u00f3n, en donde esperamos existan muchos filatelistas que puedan disfrutar en sus colecciones de estas bellas estampillas; de lo que estamos seguros es que esta emisi\u00f3n si ser\u00e1 del agrado de todos los filatelistas tem\u00e1ticos del mundo entero.<\/p>\n","protected":false},"excerpt":{"rendered":"<p>Para conmemorar los 500 a\u00f1os del descubrimiento del Archipi\u00e9lago de San Andr\u00e9s, Providencia y Santa Catalina, hecho acaecido el 25 de noviembre de 1501 por la expedici\u00f3n de Diego de Nicuesa, el Gobierno Nacional de Colombia por intermedio del Ministerio de Tecnolog\u00edas de la Informaci\u00f3n y las Comunicaciones autoriz\u00f3 una emisi\u00f3n especial. El Archipi\u00e9lago fue &hellip; <a href=\"https:\/\/www.afitecol.com\/?p=3444\" class=\"more-link\">Continuar leyendo<span class=\"screen-reader-text\"> \u00abEmisi\u00f3n postal: \u201c500 a\u00f1os del descubrimiento del Archipi\u00e9lago de San Andr\u00e9s, Providencia y Santa Catalina\u201d\u00bb<\/span><\/a><\/p>\n","protected":false},"author":2,"featured_media":0,"comment_status":"open","ping_status":"closed","sticky":false,"template":"","format":"standard","meta":{"footnotes":""},"categories":[5],"tags":[],"class_list":["post-3444","post","type-post","status-publish","format-standard","hentry","category-emisiones"],"_links":{"self":[{"href":"https:\/\/www.afitecol.com\/index.php?rest_route=\/wp\/v2\/posts\/3444"}],"collection":[{"href":"https:\/\/www.afitecol.com\/index.php?rest_route=\/wp\/v2\/posts"}],"about":[{"href":"https:\/\/www.afitecol.com\/index.php?rest_route=\/wp\/v2\/types\/post"}],"author":[{"embeddable":true,"href":"https:\/\/www.afitecol.com\/index.php?rest_route=\/wp\/v2\/users\/2"}],"replies":[{"embeddable":true,"href":"https:\/\/www.afitecol.com\/index.php?rest_route=%2Fwp%2Fv2%2Fcomments&post=3444"}],"version-history":[{"count":17,"href":"https:\/\/www.afitecol.com\/index.php?rest_route=\/wp\/v2\/posts\/3444\/revisions"}],"predecessor-version":[{"id":11959,"href":"https:\/\/www.afitecol.com\/index.php?rest_route=\/wp\/v2\/posts\/3444\/revisions\/11959"}],"wp:attachment":[{"href":"https:\/\/www.afitecol.com\/index.php?rest_route=%2Fwp%2Fv2%2Fmedia&parent=3444"}],"wp:term":[{"taxonomy":"category","embeddable":true,"href":"https:\/\/www.afitecol.com\/index.php?rest_route=%2Fwp%2Fv2%2Fcategories&post=3444"},{"taxonomy":"post_tag","embeddable":true,"href":"https:\/\/www.afitecol.com\/index.php?rest_route=%2Fwp%2Fv2%2Ftags&post=3444"}],"curies":[{"name":"wp","href":"https:\/\/api.w.org\/{rel}","templated":true}]}}