{"id":3332,"date":"2010-05-28T15:14:51","date_gmt":"2010-05-28T13:14:51","guid":{"rendered":"http:\/\/www.afitecol.com\/?p=3332"},"modified":"2010-05-28T15:14:51","modified_gmt":"2010-05-28T13:14:51","slug":"segundo-aniversario-de-afitecol","status":"publish","type":"post","link":"https:\/\/www.afitecol.com\/?p=3332","title":{"rendered":"Segundo Aniversario de Afitecol"},"content":{"rendered":"<p>Hoy 28 de mayo de 2010 Afitecol \u2013 <a href=\"https:\/\/www.afitecol.com\/?p=66\" target=\"_blank\"><strong>Amigos de la Filatelia Tem\u00e1tica en Colombia<\/strong><\/a> &#8211; est\u00e1 cumpliendo su Segundo Aniversario y quiere aprovechar esta fecha para agradecer a todos los amigos filatelistas de Colombia, donde tiene su sede, y de los diferentes pa\u00edses del mundo, por su apoyo y su colaboraci\u00f3n.<\/p>\n<p>En este Segundo Aniversario lo importante por resaltar es el cumplimiento de los objetivos que se propusieron: promocionar la filatelia tem\u00e1tica, ayudar a mejorar el nivel y la calidad de los filatelistas tem\u00e1ticos y servir de enlace con Asociaciones, Sociedades, Clubes u otras entidades similares.<\/p>\n<p>En estos dos a\u00f1os, el d\u00eda a d\u00eda de <strong>Afitecol<\/strong> ha quedado marcado por la informaci\u00f3n filat\u00e9lica actualizada, de calidad, did\u00e1ctica y pr\u00e1ctica, relevante e interactiva,  seg\u00fan comentarios de nuestros lectores, m\u00e1s de 69.012, como se ve en la gr\u00e1fica con las estad\u00edstica al d\u00eda de hoy y que queremos compartir con todos nuestros amigos filatelistas.<a href=\"https:\/\/www.afitecol.com\/wp-content\/uploads\/2010\/05\/Estadisticas2aniversario.jpg\" target=\"_blank\"><img loading=\"lazy\" decoding=\"async\" class=\"alignleft size-medium wp-image-3369\" title=\"Estadisticas2aniversario\" src=\"https:\/\/www.afitecol.com\/wp-content\/uploads\/2010\/05\/Estadisticas2aniversario-300x163.jpg\" alt=\"Estadisticas2aniversario\" width=\"300\" height=\"163\" srcset=\"https:\/\/www.afitecol.com\/wp-content\/uploads\/2010\/05\/Estadisticas2aniversario-300x163.jpg 300w, https:\/\/www.afitecol.com\/wp-content\/uploads\/2010\/05\/Estadisticas2aniversario-1024x559.jpg 1024w, https:\/\/www.afitecol.com\/wp-content\/uploads\/2010\/05\/Estadisticas2aniversario.jpg 1535w\" sizes=\"(max-width: 300px) 85vw, 300px\" \/><\/a><img decoding=\"async\" src=\"file:\/\/\/Users\/glopezj\/Library\/Caches\/TemporaryItems\/moz-screenshot.png\" alt=\"\" \/><\/p>\n<p>El Portal de <strong>Afitecol<\/strong> cuenta con seis p\u00e1ginas: <a href=\"https:\/\/www.afitecol.com\/?page_id=2\" target=\"_blank\"><strong>SOBRE AFITECOL<\/strong><\/a>, <a href=\"https:\/\/www.afitecol.com\/?page_id=6\" target=\"_blank\"><strong>DEC\u00c1LOGO<\/strong><\/a>, <a href=\"https:\/\/www.afitecol.com\/?page_id=7\" target=\"_blank\"><strong>GLOSARIO<\/strong><\/a>, <a href=\"https:\/\/www.afitecol.com\/?page_id=10\" target=\"_blank\"><strong>ENLACES<\/strong><\/a>, <a href=\"https:\/\/www.afitecol.com\/?page_id=2412\" target=\"_blank\"><strong>REVISTAS<\/strong><\/a> y <a href=\"https:\/\/www.afitecol.com\/?page_id=12\" target=\"_blank\"><strong>CONTACTO<\/strong><\/a>, y ocho Categor\u00edas: <a href=\"https:\/\/www.afitecol.com\/?cat=8\" target=\"_blank\"><strong>Afitecol grama<\/strong><\/a>, <a href=\"https:\/\/www.afitecol.com\/?cat=6\" target=\"_blank\"><strong>Art\u00edculos<\/strong><\/a>, <a href=\"https:\/\/www.afitecol.com\/?cat=5\" target=\"_blank\"><strong>Emisiones Colombianas<\/strong><\/a>, <a href=\"https:\/\/www.afitecol.com\/?cat=10\" target=\"_blank\"><strong>Emisiones Extranjeras<\/strong><\/a>, <a href=\"https:\/\/www.afitecol.com\/?cat=12\" target=\"_blank\"><strong>Filatelistas<\/strong><\/a>, <a href=\"https:\/\/www.afitecol.com\/?cat=13\" target=\"_blank\"><strong>Marcas Postales<\/strong><\/a>, <a href=\"https:\/\/www.afitecol.com\/?cat=7\" target=\"_blank\"><strong>Nociones de Filatelia<\/strong><\/a> y <a href=\"https:\/\/www.afitecol.com\/?cat=9\" target=\"_blank\"><strong>Noticias Filat\u00e9licas<\/strong><\/a>, que con solo hacer un clic se puede acceder a una buena informaci\u00f3n, de utilidad para todos los filatelistas.<\/p>\n<p>A quienes nos han preguntado sobre como intercambiar ideas entre los filatelistas, les manifestamos que se tiene la posibilidad de hacerlo muy c\u00f3modamente en una de las redes sociales m\u00e1s grandes del mundo, como es la plataforma de Facebook: \u201cAmigos de la Filatelia Tem\u00e1tica en Colombia\u201d.  El grupo ya cuenta con un n\u00famero apreciable de miembros.<\/p>\n<p><strong>Afitecol<\/strong> se siente muy complacido de saber que el trabajo que se realiza y se presenta en su Portal se ha convertido en un referente, no s\u00f3lo para los que se inician en la filatelia tem\u00e1tica, para quienes est\u00e1 dirigido principalmente, sino tambi\u00e9n para los filatelistas experimentados, muy conocedores del tema, como lo demuestran los numerosos comentarios y los mensajes de correo electr\u00f3nico que nos hacen llegar d\u00eda a d\u00eda, as\u00ed como la menci\u00f3n del Portal de Afitecol en diferentes sitios web similares del mundo: en revistas al servicio del coleccionismo, en sitios dedicados a la filatelia tem\u00e1tica, en foros sobre filatelia, en directorios de sitios especiales de filatelia, y en p\u00e1ginas que promueven el intercambio de material filat\u00e9lico, para no mencionar sino algunas.<\/p>\n<p><strong>Afitecol<\/strong> quiere felicitar en esta fecha a <a href=\"https:\/\/www.afitecol.com\/?p=66\" target=\"_blank\"><strong>4-72 la Red Postal de Colombia<\/strong><\/a>, que al igual que AFITECOL, cumple su segundo Aniversario.<img loading=\"lazy\" decoding=\"async\" class=\"alignright size-medium wp-image-3380\" style=\"border: 0pt none; margin: 5px;\" title=\"4-72sobpag\" src=\"https:\/\/www.afitecol.com\/wp-content\/uploads\/2010\/05\/4-72sobpag-300x160.jpg\" alt=\"4-72sobpag\" width=\"180\" height=\"96\" srcset=\"https:\/\/www.afitecol.com\/wp-content\/uploads\/2010\/05\/4-72sobpag-300x160.jpg 300w, https:\/\/www.afitecol.com\/wp-content\/uploads\/2010\/05\/4-72sobpag.jpg 448w\" sizes=\"(max-width: 180px) 85vw, 180px\" \/><\/p>\n<p><strong>Afitecol<\/strong> agradece nuevamente a todos sus asiduos lectores por su acompa\u00f1amiento permanente y espera seguir contando con su colaboraci\u00f3n y sus comentarios.<\/p>\n<p>Si desea ser uno de los amigos de Afitecol para recibir informaci\u00f3n sobre las emisiones colombianas, las emisiones extranjeras, las nociones de filatelia, las noticias de eventos filat\u00e9licos, y en general toda la informaci\u00f3n filat\u00e9lica que se produce en el Portal, entonces escr\u00edbanos a <strong>info@afitecol.com<\/strong><\/p>\n","protected":false},"excerpt":{"rendered":"<p>Hoy 28 de mayo de 2010 Afitecol \u2013 Amigos de la Filatelia Tem\u00e1tica en Colombia &#8211; est\u00e1 cumpliendo su Segundo Aniversario y quiere aprovechar esta fecha para agradecer a todos los amigos filatelistas de Colombia, donde tiene su sede, y de los diferentes pa\u00edses del mundo, por su apoyo y su colaboraci\u00f3n. En este Segundo &hellip; <a href=\"https:\/\/www.afitecol.com\/?p=3332\" class=\"more-link\">Continuar leyendo<span class=\"screen-reader-text\"> \u00abSegundo Aniversario de Afitecol\u00bb<\/span><\/a><\/p>\n","protected":false},"author":2,"featured_media":0,"comment_status":"open","ping_status":"closed","sticky":false,"template":"","format":"standard","meta":{"footnotes":""},"categories":[9],"tags":[],"class_list":["post-3332","post","type-post","status-publish","format-standard","hentry","category-noticias-filatelicas"],"_links":{"self":[{"href":"https:\/\/www.afitecol.com\/index.php?rest_route=\/wp\/v2\/posts\/3332"}],"collection":[{"href":"https:\/\/www.afitecol.com\/index.php?rest_route=\/wp\/v2\/posts"}],"about":[{"href":"https:\/\/www.afitecol.com\/index.php?rest_route=\/wp\/v2\/types\/post"}],"author":[{"embeddable":true,"href":"https:\/\/www.afitecol.com\/index.php?rest_route=\/wp\/v2\/users\/2"}],"replies":[{"embeddable":true,"href":"https:\/\/www.afitecol.com\/index.php?rest_route=%2Fwp%2Fv2%2Fcomments&post=3332"}],"version-history":[{"count":48,"href":"https:\/\/www.afitecol.com\/index.php?rest_route=\/wp\/v2\/posts\/3332\/revisions"}],"predecessor-version":[{"id":3382,"href":"https:\/\/www.afitecol.com\/index.php?rest_route=\/wp\/v2\/posts\/3332\/revisions\/3382"}],"wp:attachment":[{"href":"https:\/\/www.afitecol.com\/index.php?rest_route=%2Fwp%2Fv2%2Fmedia&parent=3332"}],"wp:term":[{"taxonomy":"category","embeddable":true,"href":"https:\/\/www.afitecol.com\/index.php?rest_route=%2Fwp%2Fv2%2Fcategories&post=3332"},{"taxonomy":"post_tag","embeddable":true,"href":"https:\/\/www.afitecol.com\/index.php?rest_route=%2Fwp%2Fv2%2Ftags&post=3332"}],"curies":[{"name":"wp","href":"https:\/\/api.w.org\/{rel}","templated":true}]}}