{"id":3271,"date":"2010-05-23T00:04:59","date_gmt":"2010-05-22T22:04:59","guid":{"rendered":"http:\/\/www.afitecol.com\/?p=3271"},"modified":"2010-05-27T12:21:44","modified_gmt":"2010-05-27T10:21:44","slug":"exposicion-%e2%80%9cla-filatelia-en-las-copas-del-mundo%e2%80%9d","status":"publish","type":"post","link":"https:\/\/www.afitecol.com\/?p=3271","title":{"rendered":"Exposici\u00f3n \u201cLa Filatelia en las Copas del Mundo\u201d"},"content":{"rendered":"<p><a href=\"https:\/\/www.afitecol.com\/wp-content\/uploads\/2010\/05\/Fifa1.jpg\" target=\"_blank\"><img loading=\"lazy\" decoding=\"async\" class=\"alignleft size-medium wp-image-3273\" style=\"border: 0pt none; margin: 5px;\" title=\"Fifa1\" src=\"https:\/\/www.afitecol.com\/wp-content\/uploads\/2010\/05\/Fifa1-300x234.jpg\" alt=\"Fifa1\" width=\"180\" height=\"140\" srcset=\"https:\/\/www.afitecol.com\/wp-content\/uploads\/2010\/05\/Fifa1-300x234.jpg 300w, https:\/\/www.afitecol.com\/wp-content\/uploads\/2010\/05\/Fifa1.jpg 604w\" sizes=\"(max-width: 180px) 85vw, 180px\" \/><\/a>Desde el 20 de mayo de 2010 y durante seis semanas, estar\u00e1 abierta al p\u00fablico en general, en las instalaciones de Maloka, en la ciudad de Bogot\u00e1, D.C., Colombia, la Exposici\u00f3n <strong>\u201cLa Filatelia en las Copas del Mundo\u201d<\/strong>.<\/p>\n<p>El autor de la Exposici\u00f3n <strong>\u201cLa Filatelia en las Copas del Mundo\u201d<\/strong> es el filatelista tem\u00e1tico y periodista colombiano Juan Carlos Santacruz, conocedor del tema como ninguno y ganador de muchos premios a nivel nacional e internacional.  Santacruz cuenta de manera minuciosa a lo largo de 350 p\u00e1ginas, la historia del Campeonato Mundial de Futbol, en forma cronol\u00f3gica, para lo cual utiliza no s\u00f3lo estampillas sino diferentes <a href=\"https:\/\/www.afitecol.com\/?p=2872\" target=\"_blank\">elementos filat\u00e9licos<\/a> como sobres circulados, marcas postales, cancelaciones especiales, sobres de primer d\u00eda  y hojas filat\u00e9licas, todos relacionados con el tema espec\u00edfico, siendo \u00e9ste un muy buen ejemplo de lo que es la <a href=\"https:\/\/www.afitecol.com\/?p=258\" target=\"_blank\">Colecci\u00f3n Tem\u00e1tica por la Idea<\/a>.<\/p>\n<p>La Copa Mundial de F\u00fatbol, acontecimiento que se realiza cada cuatro a\u00f1os, es uno de los eventos deportivos m\u00e1s vistos en el mundo, incluso superando a los Juegos Ol\u00edmpicos.  Adem\u00e1s, es uno de los sucesos m\u00e1s influyentes que existen en la actualidad.<a href=\"https:\/\/www.afitecol.com\/wp-content\/uploads\/2010\/05\/Fifa2.jpg\" target=\"_blank\"><img loading=\"lazy\" decoding=\"async\" class=\"alignright size-full wp-image-3274\" style=\"border: 0pt none; margin: 5px;\" title=\"Fifa2\" src=\"https:\/\/www.afitecol.com\/wp-content\/uploads\/2010\/05\/Fifa2.jpg\" alt=\"Fifa2\" width=\"122\" height=\"98\" \/><\/a><\/p>\n<p>Para muchos pa\u00edses la realizaci\u00f3n del torneo en su patria o incluso la participaci\u00f3n del equipo nacional es un hecho hist\u00f3rico de gran relevancia. <strong>Colombia<\/strong> fue la sede para el a\u00f1o de 1986, pero declin\u00f3, y fue reemplazada por M\u00e9xico, que repiti\u00f3 as\u00ed su segunda participaci\u00f3n.<\/p>\n<p>La gran repercusi\u00f3n del torneo a lo largo del mundo ha servido tambi\u00e9n como plataforma para la difusi\u00f3n de la cultura y representaciones art\u00edsticas de los pa\u00edses anfitriones. La m\u00fasica tambi\u00e9n ha tenido un lugar de importancia: la mayor\u00eda de los torneos han contado con temas oficiales, los que han alcanzado gran popularidad a lo largo del mundo. <strong>Colombia<\/strong> tendr\u00e1 su participaci\u00f3n en Sur \u00c1frica 2010 con la cantante Shakira.<\/p>\n<p><strong>La Exposici\u00f3n<\/strong>. Vamos a mirar la Exposici\u00f3n <strong>\u201cLa Filatelia en las Copas del Mundo\u201d<\/strong>, en una forma virtual.  Esta forma virtual, que se presenta en dos partes, ayudar\u00e1 a los j\u00f3venes filatelistas tem\u00e1ticos que por cualquier motivo no puedan asistir personalmente a conocer la Exposici\u00f3n, que no dejen de hacerlo.<\/p>\n<p><strong><a href=\"https:\/\/www.afitecol.com\/wp-content\/uploads\/2010\/05\/Fifa3.jpg\" target=\"_blank\"><img loading=\"lazy\" decoding=\"async\" class=\"alignleft size-full wp-image-3275\" style=\"border: 0pt none; margin: 5px;\" title=\"Fifa3\" src=\"https:\/\/www.afitecol.com\/wp-content\/uploads\/2010\/05\/Fifa3.jpg\" alt=\"Fifa3\" width=\"98\" height=\"138\" \/><\/a>Copa Jules Rimet<\/strong>. En la primera parte de la Exposici\u00f3n se profundiza en la Copa Jules Rimet, primer trofeo disputado en los mundiales de f\u00fatbol, y que gan\u00f3 en forma definitiva Brasil en 1970. (<span style=\"text-decoration: underline;\">S\u00f3lo se debe hacer click en las sedes del campeonato para ver la exhibici\u00f3n<\/span>).\u00a0 Las sedes de la Copa Jules Rimet fueron: 1930 <a href=\"http:\/\/lascopasdelmundo.homestead.com\/uruguay1930.html\" target=\"_blank\">Uruguay<\/a> , 1934 <a href=\"http:\/\/lascopasdelmundo.homestead.com\/italia34.html\" target=\"_blank\">Italia<\/a> , 1938 <a href=\"http:\/\/lascopasdelmundo.homestead.com\/francia38.html\" target=\"_blank\"> Francia<\/a> , 1950 <a href=\"http:\/\/lascopasdelmundo.homestead.com\/brasil50.html\" target=\"_blank\">Brasil<\/a> , 1954 <a href=\"http:\/\/lascopasdelmundo.homestead.com\/suiza54.html\" target=\"_blank\"> Suiza<\/a> , 1958 <a href=\"http:\/\/lascopasdelmundo.homestead.com\/suecia58.html\" target=\"_blank\"> Suecia<\/a> , 1962 <a href=\"http:\/\/lascopasdelmundo.homestead.com\/chile62.html\" target=\"_blank\"> Chile<\/a> , 1966 <a href=\"http:\/\/lascopasdelmundo.homestead.com\/inglaterra66.html\" target=\"_blank\"> Inglaterra<\/a> y 1970 <a href=\"http:\/\/lascopasdelmundo.homestead.com\/mexico70.html\" target=\"_blank\"> M\u00e9xico<\/a><\/p>\n<p><strong>Copa Mundial de la FIFA<\/strong>. En la segunda parte se cuenta la historia desde 1974 hasta el 2010 de los emotivos momentos que ha vivido la disputa del nuevo trofeo, denominado Copa Mundial de la FIFA, cuyas sedes han sido: 1974 <a href=\"http:\/\/lascopasdelmundo.homestead.com\/alemania74.html\" target=\"_blank\"> Alemania<\/a> , 1978<a href=\"http:\/\/lascopasdelmundo.homestead.com\/argentina78.html\" target=\"_blank\"> Argentina<\/a> , 1982<a href=\"http:\/\/lascopasdelmundo.homestead.com\/espana82.html\" target=\"_blank\"> Espa\u00f1a<\/a> , 1986 <a href=\"http:\/\/lascopasdelmundo.homestead.com\/mexico86.html\" target=\"_blank\"> M\u00e9xico<\/a> ,\u00a0 1990 <a href=\"http:\/\/lascopasdelmundo.homestead.com\/italia90.html\" target=\"_blank\"> Italia<\/a> ,\u00a0 1994  <a href=\"http:\/\/lascopasdelmundo.homestead.com\/usa94.html\" target=\"_blank\">Estados Unidos<\/a> , 1998 <a href=\"http:\/\/lascopasdelmundo.homestead.com\/francia98.html\" target=\"_blank\"> Francia<\/a> , 2002 <a href=\"http:\/\/lascopasdelmundo.homestead.com\/corea02.html\" target=\"_blank\"> Corea \u2013 Jap\u00f3n<\/a> , 2006 Alemania y 2010 Sur \u00c1frica.<a href=\"https:\/\/www.afitecol.com\/wp-content\/uploads\/2010\/05\/Fifa4.jpg\" target=\"_blank\"><img loading=\"lazy\" decoding=\"async\" class=\"alignright size-full wp-image-3276\" style=\"border: 0pt none; margin: 5px;\" title=\"Fifa4\" src=\"https:\/\/www.afitecol.com\/wp-content\/uploads\/2010\/05\/Fifa4.jpg\" alt=\"Fifa4\" width=\"127\" height=\"85\" \/><\/a><\/p>\n<p><strong>Afitecol<\/strong> felicita al colega filatelista tem\u00e1tico Juan Carlos Santacruz (jcsantacruz@digipost-col.net) y le desea muchos \u00e9xitos con su exposici\u00f3n que ser\u00e1 trasladada de Bogot\u00e1 a Johannesburgo, en Sur Africa, sede del Campeonato Mundial de Futbol, entre el 11 de junio y el 11 de julio de 2010.<\/p>\n","protected":false},"excerpt":{"rendered":"<p>Desde el 20 de mayo de 2010 y durante seis semanas, estar\u00e1 abierta al p\u00fablico en general, en las instalaciones de Maloka, en la ciudad de Bogot\u00e1, D.C., Colombia, la Exposici\u00f3n \u201cLa Filatelia en las Copas del Mundo\u201d. El autor de la Exposici\u00f3n \u201cLa Filatelia en las Copas del Mundo\u201d es el filatelista tem\u00e1tico y &hellip; <a href=\"https:\/\/www.afitecol.com\/?p=3271\" class=\"more-link\">Continuar leyendo<span class=\"screen-reader-text\"> \u00abExposici\u00f3n \u201cLa Filatelia en las Copas del Mundo\u201d\u00bb<\/span><\/a><\/p>\n","protected":false},"author":2,"featured_media":0,"comment_status":"open","ping_status":"closed","sticky":false,"template":"","format":"standard","meta":{"footnotes":""},"categories":[9],"tags":[],"class_list":["post-3271","post","type-post","status-publish","format-standard","hentry","category-noticias-filatelicas"],"_links":{"self":[{"href":"https:\/\/www.afitecol.com\/index.php?rest_route=\/wp\/v2\/posts\/3271"}],"collection":[{"href":"https:\/\/www.afitecol.com\/index.php?rest_route=\/wp\/v2\/posts"}],"about":[{"href":"https:\/\/www.afitecol.com\/index.php?rest_route=\/wp\/v2\/types\/post"}],"author":[{"embeddable":true,"href":"https:\/\/www.afitecol.com\/index.php?rest_route=\/wp\/v2\/users\/2"}],"replies":[{"embeddable":true,"href":"https:\/\/www.afitecol.com\/index.php?rest_route=%2Fwp%2Fv2%2Fcomments&post=3271"}],"version-history":[{"count":16,"href":"https:\/\/www.afitecol.com\/index.php?rest_route=\/wp\/v2\/posts\/3271\/revisions"}],"predecessor-version":[{"id":3331,"href":"https:\/\/www.afitecol.com\/index.php?rest_route=\/wp\/v2\/posts\/3271\/revisions\/3331"}],"wp:attachment":[{"href":"https:\/\/www.afitecol.com\/index.php?rest_route=%2Fwp%2Fv2%2Fmedia&parent=3271"}],"wp:term":[{"taxonomy":"category","embeddable":true,"href":"https:\/\/www.afitecol.com\/index.php?rest_route=%2Fwp%2Fv2%2Fcategories&post=3271"},{"taxonomy":"post_tag","embeddable":true,"href":"https:\/\/www.afitecol.com\/index.php?rest_route=%2Fwp%2Fv2%2Ftags&post=3271"}],"curies":[{"name":"wp","href":"https:\/\/api.w.org\/{rel}","templated":true}]}}