{"id":19340,"date":"2026-01-07T18:16:57","date_gmt":"2026-01-07T23:16:57","guid":{"rendered":"https:\/\/www.afitecol.com\/?p=19340"},"modified":"2026-01-15T16:15:42","modified_gmt":"2026-01-15T21:15:42","slug":"conmemoracion-de-los-100-anos-de-la-fundacion-de-la-sociedad-de-cirugia-de-bogota-hospital-de-san-jose","status":"publish","type":"post","link":"https:\/\/www.afitecol.com\/?p=19340","title":{"rendered":"Emisi\u00f3n postal: \u00abAm\u00e9rica UPAEP 2025.  Conmemoraci\u00f3n de los 100 a\u00f1os de la fundaci\u00f3n de la Sociedad de Cirug\u00eda de Bogot\u00e1 &#8211; Hospital de San Jos\u00e9."},"content":{"rendered":"<p><a href=\"https:\/\/www.afitecol.com\/wp-content\/uploads\/2026\/01\/Hospital1.jpeg\"><img loading=\"lazy\" decoding=\"async\" class=\"alignleft wp-image-19352\" src=\"https:\/\/www.afitecol.com\/wp-content\/uploads\/2026\/01\/Hospital1.jpeg\" alt=\"\" width=\"223\" height=\"225\" srcset=\"https:\/\/www.afitecol.com\/wp-content\/uploads\/2026\/01\/Hospital1.jpeg 792w, https:\/\/www.afitecol.com\/wp-content\/uploads\/2026\/01\/Hospital1-297x300.jpeg 297w, https:\/\/www.afitecol.com\/wp-content\/uploads\/2026\/01\/Hospital1-150x150.jpeg 150w, https:\/\/www.afitecol.com\/wp-content\/uploads\/2026\/01\/Hospital1-768x775.jpeg 768w\" sizes=\"(max-width: 223px) 85vw, 223px\" \/><\/a><a href=\"https:\/\/www.afitecol.com\/wp-content\/uploads\/2026\/01\/Hospital2.jpeg\"><img loading=\"lazy\" decoding=\"async\" class=\"alignleft wp-image-19351\" src=\"https:\/\/www.afitecol.com\/wp-content\/uploads\/2026\/01\/Hospital2.jpeg\" alt=\"\" width=\"222\" height=\"224\" srcset=\"https:\/\/www.afitecol.com\/wp-content\/uploads\/2026\/01\/Hospital2.jpeg 792w, https:\/\/www.afitecol.com\/wp-content\/uploads\/2026\/01\/Hospital2-297x300.jpeg 297w, https:\/\/www.afitecol.com\/wp-content\/uploads\/2026\/01\/Hospital2-150x150.jpeg 150w, https:\/\/www.afitecol.com\/wp-content\/uploads\/2026\/01\/Hospital2-768x775.jpeg 768w\" sizes=\"(max-width: 222px) 85vw, 222px\" \/><\/a><br \/>\nA finales de la Guerra de los Mil D\u00edas (1902), un grupo de diez destacados <b>m\u00e9dicos<\/b> bogotanos \u2014con formaci\u00f3n en Europa y Estados Unidos\u2014 se reunieron con un prop\u00f3sito claro: modernizar la medicina en Colombia y fundar un hospital con altos est\u00e1ndares cl\u00ednicos y docentes.<span class=\"Apple-converted-space\">\u00a0<\/span><\/p>\n<p><b>Sociedad de Cirug\u00eda de Bogot\u00e1:\u00a0<\/b>Fue creada el <b>22 de julio de 1902<\/b> como organismo impulsor de la idea de un hospital moderno, inspirado en hospitales europeos y norteamericanos.<span class=\"Apple-converted-space\">\u00a0<\/span><\/p>\n<p><b>Construcci\u00f3n y dise\u00f1o:\u00a0<\/b>La <b>primera piedra<\/b> se coloc\u00f3 el <b>14 de agosto de 1904<\/b> en un lote donado por el doctor <b>Julio Z. Torres Mari\u00f1o<\/b> en lo que hoy es el centro de Bogot\u00e1, cerca de la Plaza Espa\u00f1a.<\/p>\n<p>El dise\u00f1o arquitect\u00f3nico estuvo a cargo del <b>italiano Pietro Cantini<\/b>, inspirado en el Policl\u00ednico de Roma, con amplios ventanales para luz natural y ventilaci\u00f3n.<span class=\"Apple-converted-space\">\u00a0<\/span><\/p>\n<p><b>Apertura oficial:\u00a0<\/b>Tras m\u00e1s de dos d\u00e9cadas de planificaci\u00f3n y construcci\u00f3n, el <b>Hospital de San Jos\u00e9 abri\u00f3 sus puertas el 8 de febrero de 1925<\/b>, marcando el inicio de un siglo de atenci\u00f3n m\u00e9dica y formaci\u00f3n profesional.<span class=\"Apple-converted-space\">\u00a0<\/span><\/p>\n<p><b>Crecimiento, Innovaci\u00f3n y Educaci\u00f3n (1930\u20131970).<\/b><b>Vocaci\u00f3n docente:\u00a0<\/b>Desde sus primeros a\u00f1os, el hospital combin\u00f3 <b>atenci\u00f3n m\u00e9dica con formaci\u00f3n de talento humano<\/b>. Inicialmente ofreci\u00f3 ense\u00f1anza cl\u00ednica para estudiantes de la Universidad Nacional y otras instituciones.<span class=\"Apple-converted-space\">\u00a0<\/span><\/p>\n<p><b>Escuelas fundadas: \u00a0<\/b>Primera <b>Escuela de Enfermer\u00eda<\/b> en 1937.\u00a0<b>Escuela de Instrumentaci\u00f3n Quir\u00fargica<\/b> en 1951.\u00a0La Educaci\u00f3n m\u00e9dica se expandi\u00f3 con el tiempo, lo que impuls\u00f3 la fundaci\u00f3n de la <b>Fundaci\u00f3n Universitaria de Ciencias de la Salud (FUCS)<\/b> en 1976, vinculada estrechamente al hospital.<\/p>\n<p><b>Pioneros en tecnolog\u00eda m\u00e9dica:<\/b><br \/>\nEl hospital introdujo avances importantes, como la <b>primera ambulancia<\/b> y el <b>primer ascensor hospitalario<\/b> en Colombia.<span class=\"Apple-converted-space\">\u00a0<\/span><\/p>\n<p><b>Reconocimiento y Monumento Nacional (1980\u20132000).<\/b><b>Valor patrimonial:\u00a0<\/b>En <b>1984<\/b>, las autoridades colombianas declararon el edificio <b>Monumento Nacional<\/b>, reconociendo tanto su valor arquitect\u00f3nico como hist\u00f3rico.<span class=\"Apple-converted-space\">\u00a0<\/span><\/p>\n<p><b>Ampliaci\u00f3n de servicios:\u00a0<\/b>Durante estas d\u00e9cadas el hospital consolid\u00f3 sus servicios cl\u00ednicos y quir\u00fargicos, incrementando su complejidad y especializaci\u00f3n.<span class=\"Apple-converted-space\">\u00a0<\/span><\/p>\n<p><b>Hospital Universitario de Alta Complejidad (2000\u20132025).<\/b><b>Alta complejidad y docencia:\u00a0<\/b>Hoy, el Hospital de San Jos\u00e9 es una <b>instituci\u00f3n universitaria de IV nivel de complejidad<\/b>, con m\u00faltiples especialidades, unidades de apoyo diagn\u00f3stico y terap\u00e9utico, y atenci\u00f3n en <b>trasplantes, neurocirug\u00eda, cirug\u00eda card\u00edaca, di\u00e1lisis<\/b> y m\u00e1s.<span class=\"Apple-converted-space\">\u00a0<\/span><\/p>\n<p><b>Capacidad y cifras actuales:\u00a0<\/b>Cerca de <b>265 camas hospitalarias<\/b>.\u00a0M\u00e1s de <b>232.000 consultas al a\u00f1o<\/b>.\u00a0Atenci\u00f3n de <b>miles de partos y procedimientos quir\u00fargicos<\/b> anuales.<span class=\"Apple-converted-space\">\u00a0<\/span><\/p>\n<p><b>Formaci\u00f3n profesional:\u00a0<\/b>El hospital participa en la formaci\u00f3n simult\u00e1nea de <b>miles de estudiantes<\/b> a trav\u00e9s de convenios con universidades y programas propios de posgrado.<span class=\"Apple-converted-space\">\u00a0<\/span><\/p>\n<p><strong>Centenario \u2013 100 A\u00f1os (1925\u20132025)\u00a0<\/strong><b>Celebraci\u00f3n:<\/b><br \/>\nEn el a\u00f1o 2025 se conmemoraron <b>100 a\u00f1os de historia<\/b> dedicados a la salud, la educaci\u00f3n y la innovaci\u00f3n m\u00e9dica en Colombia, con eventos, homenajes y actividades acad\u00e9micas, como la emisi\u00f3n postal que se presenta aqu\u00ed.<\/p>\n<p><b>Legado y proyecci\u00f3n:\u00a0<\/b>El <strong>Hospital de San Jos\u00e9<\/strong> no solo ha sido un centro de atenci\u00f3n m\u00e9dica, sino un motor de desarrollo cient\u00edfico, docente y tecnol\u00f3gico en la historia de la medicina colombiana \u2014una instituci\u00f3n que ha evolucionado y se proyecta hacia nuevas tecnolog\u00edas como la <b>cirug\u00eda rob\u00f3tica<\/b> y la modernizaci\u00f3n de infraestructura.<span class=\"Apple-converted-space\">\u00a0<\/span><\/p>\n<p><b>El acto protocolario<\/b>. El Acto Protocolario del lanzamiento de la emisi\u00f3n postal\u00a0<b>\u00a0\u201c\u00b7Conmemoraci\u00f3n de los 100 a\u00f1os de la fundaci\u00f3n de la Sociedad de Cirug\u00eda de Bogot\u00e1 &#8211; Hospital de San Jos\u00e9\u00bb\u00a0<\/b>tuvo lugar el pasado 29 de diciembre de 2025, en Bogot\u00e1, DC.<\/p>\n<p><b>La emisi\u00f3n<\/b>. La emisi\u00f3n postal:\u00a0<b>\u201dConmemoraci\u00f3n de los 100 a\u00f1os de la fundaci\u00f3n de la Sociedad de Cirug\u00eda de Bogot\u00e1 &#8211; Hospital de San Jos\u00e9\u00bb<\/b>\u00a0consta de 5. 200 estampillas. La emisi\u00f3n postal contiene adem\u00e1s, la carpeta, el sobre de primer d\u00eda y un bolet\u00edn informativo.\u00a0 Fue aprobado por Resoluci\u00f3n N\u00ba 4629 del 31 de octubre de 2025 del Ministerio de Tecnolog\u00edas de la Informaci\u00f3n y las Comunicaciones.<\/p>\n<p><b><a href=\"https:\/\/www.afitecol.com\/wp-content\/uploads\/2026\/01\/Hospital3.jpeg\"><img loading=\"lazy\" decoding=\"async\" class=\"alignleft wp-image-19350\" src=\"https:\/\/www.afitecol.com\/wp-content\/uploads\/2026\/01\/Hospital3.jpeg\" alt=\"\" width=\"250\" height=\"275\" srcset=\"https:\/\/www.afitecol.com\/wp-content\/uploads\/2026\/01\/Hospital3.jpeg 702w, https:\/\/www.afitecol.com\/wp-content\/uploads\/2026\/01\/Hospital3-273x300.jpeg 273w\" sizes=\"(max-width: 250px) 85vw, 250px\" \/><\/a>La hoja bloque<\/b>: La hoja bloque numerada, en tama\u00f1o de 50 x 40 cm., contiene cuatro estampilla. En la parte superior aparece el t\u00edtulo de la emisi\u00f3n:\u00a0<b>\u201cUPAEP\u00a0<\/b><b>2025. Conmemoraci\u00f3n de los 100 a\u00f1os de la fundaci\u00f3n de la Sociedad de Cirug\u00eda de Bogot\u00e1: Hospital San Jose\u00b4-<\/b><\/p>\n<p><b>Las estampillas<\/b>. Las estampillas una en tama\u00f1o de 40 x 30 mm., tienen un valor facial de $ 20.000 pesos colombianos, cada una y est\u00e1n confeccionadas en policrom\u00eda, m\u00e1s una tinta especial fluorescente invisible revelable con luz ultravioleta, papel engomado de 110 grs. y goma PVA.<\/p>\n<p><b>La imagen de las estampillas<\/b>:\u00a0La estampillas tienen im\u00e1genes relacionadas con el objetivo primario de la emisi\u00f3n postal: <b>\u201dConmemoraci\u00f3n de los 100 a\u00f1os de la fundaci\u00f3n de la Sociedad de Cirug\u00eda de Bogot\u00e1 &#8211; Hospital de San Jos\u00e9\u00bb.<\/b><b><a href=\"https:\/\/www.afitecol.com\/wp-content\/uploads\/2026\/01\/Hospital3-2.jpeg\"><img loading=\"lazy\" decoding=\"async\" class=\"alignleft wp-image-19347\" src=\"https:\/\/www.afitecol.com\/wp-content\/uploads\/2026\/01\/Hospital3-3.jpeg\" alt=\"\" width=\"160\" height=\"122\" srcset=\"https:\/\/www.afitecol.com\/wp-content\/uploads\/2026\/01\/Hospital3-3.jpeg 346w, https:\/\/www.afitecol.com\/wp-content\/uploads\/2026\/01\/Hospital3-3-300x228.jpeg 300w\" sizes=\"(max-width: 160px) 85vw, 160px\" \/><\/a><br \/>\n<a href=\"https:\/\/www.afitecol.com\/wp-content\/uploads\/2026\/01\/Hospital3-2.jpeg\"><img loading=\"lazy\" decoding=\"async\" class=\"alignleft wp-image-19348\" src=\"https:\/\/www.afitecol.com\/wp-content\/uploads\/2026\/01\/Hospital3-2.jpeg\" alt=\"\" width=\"160\" height=\"122\" srcset=\"https:\/\/www.afitecol.com\/wp-content\/uploads\/2026\/01\/Hospital3-2.jpeg 346w, https:\/\/www.afitecol.com\/wp-content\/uploads\/2026\/01\/Hospital3-2-300x228.jpeg 300w\" sizes=\"(max-width: 160px) 85vw, 160px\" \/><\/a><\/b><b><a href=\"https:\/\/www.afitecol.com\/wp-content\/uploads\/2026\/01\/Hospital3-1.jpeg\"><img loading=\"lazy\" decoding=\"async\" class=\"alignleft wp-image-19349\" src=\"https:\/\/www.afitecol.com\/wp-content\/uploads\/2026\/01\/Hospital3-1.jpeg\" alt=\"\" width=\"158\" height=\"120\" srcset=\"https:\/\/www.afitecol.com\/wp-content\/uploads\/2026\/01\/Hospital3-1.jpeg 346w, https:\/\/www.afitecol.com\/wp-content\/uploads\/2026\/01\/Hospital3-1-300x228.jpeg 300w\" sizes=\"(max-width: 158px) 85vw, 158px\" \/><\/a><\/b><\/p>\n<p><a href=\"https:\/\/www.afitecol.com\/wp-content\/uploads\/2026\/01\/Hospital3-4.jpeg\"><img loading=\"lazy\" decoding=\"async\" class=\"alignleft wp-image-19346\" src=\"https:\/\/www.afitecol.com\/wp-content\/uploads\/2026\/01\/Hospital3-4.jpeg\" alt=\"\" width=\"160\" height=\"122\" srcset=\"https:\/\/www.afitecol.com\/wp-content\/uploads\/2026\/01\/Hospital3-4.jpeg 346w, https:\/\/www.afitecol.com\/wp-content\/uploads\/2026\/01\/Hospital3-4-300x228.jpeg 300w\" sizes=\"(max-width: 160px) 85vw, 160px\" \/><\/a><\/p>\n<p><b><br \/>\n<a href=\"https:\/\/www.afitecol.com\/wp-content\/uploads\/2026\/01\/Hospital4.jpeg\"><img loading=\"lazy\" decoding=\"async\" class=\"alignleft wp-image-19345\" src=\"https:\/\/www.afitecol.com\/wp-content\/uploads\/2026\/01\/Hospital4.jpeg\" alt=\"\" width=\"247\" height=\"128\" srcset=\"https:\/\/www.afitecol.com\/wp-content\/uploads\/2026\/01\/Hospital4.jpeg 970w, https:\/\/www.afitecol.com\/wp-content\/uploads\/2026\/01\/Hospital4-300x155.jpeg 300w, https:\/\/www.afitecol.com\/wp-content\/uploads\/2026\/01\/Hospital4-768x397.jpeg 768w\" sizes=\"(max-width: 247px) 85vw, 247px\" \/><\/a>Sobre de Primer D\u00eda<\/b>.\u00a0\u00a0Se imprimieron 40 sobres numerados de Primer d\u00eda, siendo \u00e9ste el 29 de diciembre de 2025 y matasellado en la ciudad de Bogot\u00e1, D.C, Colombia.<\/p>\n<p>&nbsp;<\/p>\n","protected":false},"excerpt":{"rendered":"<p>A finales de la Guerra de los Mil D\u00edas (1902), un grupo de diez destacados m\u00e9dicos bogotanos \u2014con formaci\u00f3n en Europa y Estados Unidos\u2014 se reunieron con un prop\u00f3sito claro: modernizar la medicina en Colombia y fundar un hospital con altos est\u00e1ndares cl\u00ednicos y docentes.\u00a0 Sociedad de Cirug\u00eda de Bogot\u00e1:\u00a0Fue creada el 22 de julio &hellip; <a href=\"https:\/\/www.afitecol.com\/?p=19340\" class=\"more-link\">Continuar leyendo<span class=\"screen-reader-text\"> \u00abEmisi\u00f3n postal: \u00abAm\u00e9rica UPAEP 2025.  Conmemoraci\u00f3n de los 100 a\u00f1os de la fundaci\u00f3n de la Sociedad de Cirug\u00eda de Bogot\u00e1 &#8211; Hospital de San Jos\u00e9.\u00bb<\/span><\/a><\/p>\n","protected":false},"author":2,"featured_media":0,"comment_status":"open","ping_status":"closed","sticky":false,"template":"","format":"standard","meta":{"footnotes":""},"categories":[5],"tags":[],"class_list":["post-19340","post","type-post","status-publish","format-standard","hentry","category-emisiones"],"_links":{"self":[{"href":"https:\/\/www.afitecol.com\/index.php?rest_route=\/wp\/v2\/posts\/19340"}],"collection":[{"href":"https:\/\/www.afitecol.com\/index.php?rest_route=\/wp\/v2\/posts"}],"about":[{"href":"https:\/\/www.afitecol.com\/index.php?rest_route=\/wp\/v2\/types\/post"}],"author":[{"embeddable":true,"href":"https:\/\/www.afitecol.com\/index.php?rest_route=\/wp\/v2\/users\/2"}],"replies":[{"embeddable":true,"href":"https:\/\/www.afitecol.com\/index.php?rest_route=%2Fwp%2Fv2%2Fcomments&post=19340"}],"version-history":[{"count":11,"href":"https:\/\/www.afitecol.com\/index.php?rest_route=\/wp\/v2\/posts\/19340\/revisions"}],"predecessor-version":[{"id":19370,"href":"https:\/\/www.afitecol.com\/index.php?rest_route=\/wp\/v2\/posts\/19340\/revisions\/19370"}],"wp:attachment":[{"href":"https:\/\/www.afitecol.com\/index.php?rest_route=%2Fwp%2Fv2%2Fmedia&parent=19340"}],"wp:term":[{"taxonomy":"category","embeddable":true,"href":"https:\/\/www.afitecol.com\/index.php?rest_route=%2Fwp%2Fv2%2Fcategories&post=19340"},{"taxonomy":"post_tag","embeddable":true,"href":"https:\/\/www.afitecol.com\/index.php?rest_route=%2Fwp%2Fv2%2Ftags&post=19340"}],"curies":[{"name":"wp","href":"https:\/\/api.w.org\/{rel}","templated":true}]}}