{"id":18833,"date":"2025-07-20T22:40:00","date_gmt":"2025-07-21T03:40:00","guid":{"rendered":"https:\/\/www.afitecol.com\/?p=18833"},"modified":"2025-07-21T11:29:57","modified_gmt":"2025-07-21T16:29:57","slug":"celebracion-215-anos-del-grito-de-independencia-de-colombia","status":"publish","type":"post","link":"https:\/\/www.afitecol.com\/?p=18833","title":{"rendered":"Celebraci\u00f3n 215 a\u00f1os del Grito de Independencia de Colombia."},"content":{"rendered":"<p><b>Colombia celebra hoy 20 de julio de 2025 los 215 a\u00f1os del conocido como \u201cGrito independencia\u201d el cual ocurri\u00f3 el 20 de julio de 1810.<\/b><\/p>\n<p>El <strong>Grito de Independencia<\/strong> no s\u00f3lo represent\u00f3 el inicio de la Independencia de Colombia, sino tambi\u00e9n el deseo de autogobierno y libertad del pueblo.<\/p>\n<p>En 1810, Am\u00e9rica Latina estaba influenciada por: la invasi\u00f3n napole\u00f3nica a Espa\u00f1a (1808), que debilit\u00f3 la autoridad espa\u00f1ola; las ideas ilustradas y los ejemplos de la:\u00a0<strong>Revoluci\u00f3n de los Estados Unidos<\/strong> (1776)<a href=\"https:\/\/www.afitecol.com\/wp-content\/uploads\/2025\/07\/RevolucionUSA.png\"><img loading=\"lazy\" decoding=\"async\" class=\"alignleft wp-image-18839\" src=\"https:\/\/www.afitecol.com\/wp-content\/uploads\/2025\/07\/RevolucionUSA.png\" alt=\"\" width=\"222\" height=\"99\" srcset=\"https:\/\/www.afitecol.com\/wp-content\/uploads\/2025\/07\/RevolucionUSA.png 652w, https:\/\/www.afitecol.com\/wp-content\/uploads\/2025\/07\/RevolucionUSA-300x134.png 300w\" sizes=\"(max-width: 222px) 85vw, 222px\" \/><\/a><\/p>\n<p>&nbsp;<\/p>\n<p>y la <strong>Revoluci\u00f3n Francesa<\/strong>\u00a0(1789).<a href=\"https:\/\/www.afitecol.com\/wp-content\/uploads\"><img loading=\"lazy\" decoding=\"async\" class=\"alignleft wp-image-18838\" src=\"https:\/\/www.afitecol.com\/wp-content\/uploads\/2025\/07\/Captura-de-pantalla-2025-07-20-a-las-2.48.12-p.-m.png\" alt=\"\" width=\"201\" height=\"153\" srcset=\"https:\/\/www.afitecol.com\/wp-content\/uploads\/2025\/07\/Captura-de-pantalla-2025-07-20-a-las-2.48.12-p.-m.png 888w, https:\/\/www.afitecol.com\/wp-content\/uploads\/2025\/07\/Captura-de-pantalla-2025-07-20-a-las-2.48.12-p.-m-300x228.png 300w, https:\/\/www.afitecol.com\/wp-content\/uploads\/2025\/07\/Captura-de-pantalla-2025-07-20-a-las-2.48.12-p.-m-768x584.png 768w\" sizes=\"(max-width: 201px) 85vw, 201px\" \/><\/a><\/p>\n<p>&nbsp;<\/p>\n<p>El hecho simb\u00f3lico que <b>desencaden\u00f3 la revuelta<\/b> fue la negativa del comerciante espa\u00f1ol <b>Jos\u00e9 Gonz\u00e1lez Llorente<\/b> a prestar un florero para una recepci\u00f3n al criollo <b>Antonio Villavicencio<\/b>, enviado del Rey.<\/p>\n<p>Este incidente fue <b>provocado deliberadamente<\/b> por los criollos como <b>Joaqu\u00edn Camacho<\/b>, <b>Jos\u00e9 Acevedo y G\u00f3mez<\/b> y <b>Francisco Jos\u00e9 de Caldas<\/b>, para generar una protesta popular.<\/p>\n<p><a href=\"https:\/\/www.afitecol.com\/wp-content\/uploads\/2025\/07\/Acta.png\"><img loading=\"lazy\" decoding=\"async\" class=\"alignleft wp-image-18841\" src=\"https:\/\/www.afitecol.com\/wp-content\/uploads\/2025\/07\/Acta.png\" alt=\"\" width=\"201\" height=\"150\" srcset=\"https:\/\/www.afitecol.com\/wp-content\/uploads\/2025\/07\/Acta.png 887w, https:\/\/www.afitecol.com\/wp-content\/uploads\/2025\/07\/Acta-300x225.png 300w, https:\/\/www.afitecol.com\/wp-content\/uploads\/2025\/07\/Acta-768x575.png 768w\" sizes=\"(max-width: 201px) 85vw, 201px\" \/><\/a>La tensi\u00f3n explot\u00f3 el <b>20 de julio<\/b>, con disturbios en el centro de la ciudad. Se convoc\u00f3 un <strong>C<\/strong><b>abildo abierto<\/b>, reuni\u00f3n de ciudadanos para discutir la situaci\u00f3n.<span class=\"Apple-converted-space\">\u00a0<\/span><\/p>\n<p>Criollos y mestizos exigieron un <b>gobierno aut\u00f3nomo<\/b>, aunque en nombre del rey Fernando VII, para evitar represalias inmediatas.<\/p>\n<p>Ese mismo d\u00eda se cre\u00f3 la <b>Junta Suprema de Gobierno<\/b>, con mayor\u00eda criolla. Fue un paso <b>decisivo hacia la independencia<\/b>, aunque a\u00fan se dec\u00eda leal a Espa\u00f1a. El liderazgo lo asumieron personajes como<b> Jos\u00e9 Miguel Pey, el primer presidente criollo de la Junta.<\/b><\/p>\n<p><b>Participaci\u00f3n popular. Jos\u00e9 Acevedo y G\u00f3mez<\/b>, conocido como el <i>Tribuno del Pueblo<\/i>, fue clave al pronunciar un encendido discurso desde el balc\u00f3n del Cabildo, que incit\u00f3 al pueblo a actuar. El movimiento no solo fue de \u00e9lites criollas: hubo <b>presi\u00f3n y participaci\u00f3n popular<\/b>, esencial para que se lograra la proclamaci\u00f3n.<\/p>\n<p>En 1819, con la <b>Campa\u00f1a Libertadora de Bol\u00edvar<\/b> y la <b>Batalla de Boyac\u00e1<\/b>, se consolidar\u00eda la <strong>Independencia<\/strong>.<\/p>\n<p><b><span class=\"Apple-converted-space\">\u00a0<\/span><\/b><strong><a href=\"https:\/\/www.afitecol.com\/wp-content\/uploads\/2025\/07\/Independencia.png\"><img loading=\"lazy\" decoding=\"async\" class=\"alignleft wp-image-18843\" src=\"https:\/\/www.afitecol.com\/wp-content\/uploads\/2025\/07\/Independencia.png\" alt=\"\" width=\"201\" height=\"153\" srcset=\"https:\/\/www.afitecol.com\/wp-content\/uploads\/2025\/07\/Independencia.png 884w, https:\/\/www.afitecol.com\/wp-content\/uploads\/2025\/07\/Independencia-300x229.png 300w, https:\/\/www.afitecol.com\/wp-content\/uploads\/2025\/07\/Independencia-768x586.png 768w\" sizes=\"(max-width: 201px) 85vw, 201px\" \/><\/a><\/strong>El hecho marc\u00f3 el inicio del proceso independentista en Colombia (entonces el <b>Virreinato de la Nueva Granada<\/b>). Dio lugar a la <b>Primera Rep\u00fablica de Colombia<\/b>, aunque vendr\u00edan a\u00f1os de guerra civil, conocida como la <b>Patria Boba<\/b> (1810\u20131816). En 1819, con la <b>Campa\u00f1a Libertadora de Bol\u00edvar<\/b> y la <b>Batalla de Boyac\u00e1<\/b>, se consolidar\u00eda la independencia.<span class=\"Apple-converted-space\">\u00a0<\/span><\/p>\n<p>El <b>20 de julio<\/b> es hoy en d\u00eda el <b>D\u00eda Nacional de Colombia<\/b>. Representa no solo el inicio de la independencia, sino tambi\u00e9n el deseo de autogobierno y libertad de los pueblos americanos.<\/p>\n","protected":false},"excerpt":{"rendered":"<p>Colombia celebra hoy 20 de julio de 2025 los 215 a\u00f1os del conocido como \u201cGrito independencia\u201d el cual ocurri\u00f3 el 20 de julio de 1810. El Grito de Independencia no s\u00f3lo represent\u00f3 el inicio de la Independencia de Colombia, sino tambi\u00e9n el deseo de autogobierno y libertad del pueblo. En 1810, Am\u00e9rica Latina estaba influenciada &hellip; <a href=\"https:\/\/www.afitecol.com\/?p=18833\" class=\"more-link\">Continuar leyendo<span class=\"screen-reader-text\"> \u00abCelebraci\u00f3n 215 a\u00f1os del Grito de Independencia de Colombia.\u00bb<\/span><\/a><\/p>\n","protected":false},"author":2,"featured_media":0,"comment_status":"open","ping_status":"closed","sticky":false,"template":"","format":"standard","meta":{"footnotes":""},"categories":[9],"tags":[],"class_list":["post-18833","post","type-post","status-publish","format-standard","hentry","category-noticias-filatelicas"],"_links":{"self":[{"href":"https:\/\/www.afitecol.com\/index.php?rest_route=\/wp\/v2\/posts\/18833"}],"collection":[{"href":"https:\/\/www.afitecol.com\/index.php?rest_route=\/wp\/v2\/posts"}],"about":[{"href":"https:\/\/www.afitecol.com\/index.php?rest_route=\/wp\/v2\/types\/post"}],"author":[{"embeddable":true,"href":"https:\/\/www.afitecol.com\/index.php?rest_route=\/wp\/v2\/users\/2"}],"replies":[{"embeddable":true,"href":"https:\/\/www.afitecol.com\/index.php?rest_route=%2Fwp%2Fv2%2Fcomments&post=18833"}],"version-history":[{"count":10,"href":"https:\/\/www.afitecol.com\/index.php?rest_route=\/wp\/v2\/posts\/18833\/revisions"}],"predecessor-version":[{"id":18846,"href":"https:\/\/www.afitecol.com\/index.php?rest_route=\/wp\/v2\/posts\/18833\/revisions\/18846"}],"wp:attachment":[{"href":"https:\/\/www.afitecol.com\/index.php?rest_route=%2Fwp%2Fv2%2Fmedia&parent=18833"}],"wp:term":[{"taxonomy":"category","embeddable":true,"href":"https:\/\/www.afitecol.com\/index.php?rest_route=%2Fwp%2Fv2%2Fcategories&post=18833"},{"taxonomy":"post_tag","embeddable":true,"href":"https:\/\/www.afitecol.com\/index.php?rest_route=%2Fwp%2Fv2%2Ftags&post=18833"}],"curies":[{"name":"wp","href":"https:\/\/api.w.org\/{rel}","templated":true}]}}