{"id":18785,"date":"2025-06-19T10:20:04","date_gmt":"2025-06-19T15:20:04","guid":{"rendered":"https:\/\/www.afitecol.com\/?p=18785"},"modified":"2025-07-13T20:12:51","modified_gmt":"2025-07-14T01:12:51","slug":"departamentos-de-colombia-departamento-de-sucre","status":"publish","type":"post","link":"https:\/\/www.afitecol.com\/?p=18785","title":{"rendered":"Departamentos de Colombia: \u00abDepartamento de Sucre\u00bb"},"content":{"rendered":"\r\n<p><a href=\"https:\/\/www.afitecol.com\/wp-content\/uploads\/2025\/06\/Sucre11.png\"><img loading=\"lazy\" decoding=\"async\" class=\"alignleft  wp-image-18792\" src=\"https:\/\/www.afitecol.com\/wp-content\/uploads\/2025\/06\/Sucre1-826x1024.png\" alt=\"\" width=\"150\" height=\"186\" srcset=\"https:\/\/www.afitecol.com\/wp-content\/uploads\/2025\/06\/Sucre1-826x1024.png 826w, https:\/\/www.afitecol.com\/wp-content\/uploads\/2025\/06\/Sucre1-242x300.png 242w, https:\/\/www.afitecol.com\/wp-content\/uploads\/2025\/06\/Sucre1-768x952.png 768w, https:\/\/www.afitecol.com\/wp-content\/uploads\/2025\/06\/Sucre1-1239x1536.png 1239w, https:\/\/www.afitecol.com\/wp-content\/uploads\/2025\/06\/Sucre1-1200x1487.png 1200w, https:\/\/www.afitecol.com\/wp-content\/uploads\/2025\/06\/Sucre1.png 1571w\" sizes=\"(max-width: 150px) 85vw, 150px\" \/><\/a><a href=\"https:\/\/www.afitecol.com\/wp-content\/uploads\/2025\/06\/Sucre2.png\"><img loading=\"lazy\" decoding=\"async\" class=\"alignleft  wp-image-18793\" src=\"https:\/\/www.afitecol.com\/wp-content\/uploads\/2025\/06\/Sucre2-826x1024.png\" alt=\"\" width=\"151\" height=\"188\" srcset=\"https:\/\/www.afitecol.com\/wp-content\/uploads\/2025\/06\/Sucre2-826x1024.png 826w, https:\/\/www.afitecol.com\/wp-content\/uploads\/2025\/06\/Sucre2-242x300.png 242w, https:\/\/www.afitecol.com\/wp-content\/uploads\/2025\/06\/Sucre2-768x952.png 768w, https:\/\/www.afitecol.com\/wp-content\/uploads\/2025\/06\/Sucre2-1239x1536.png 1239w, https:\/\/www.afitecol.com\/wp-content\/uploads\/2025\/06\/Sucre2-1200x1487.png 1200w, https:\/\/www.afitecol.com\/wp-content\/uploads\/2025\/06\/Sucre2.png 1571w\" sizes=\"(max-width: 151px) 85vw, 151px\" \/><\/a><a href=\"https:\/\/www.afitecol.com\/wp-content\/uploads\/2025\/06\/Sucre3.png\"><img loading=\"lazy\" decoding=\"async\" class=\"alignleft  wp-image-18794\" src=\"https:\/\/www.afitecol.com\/wp-content\/uploads\/2025\/06\/Sucre3-808x1024.png\" alt=\"\" width=\"151\" height=\"191\" srcset=\"https:\/\/www.afitecol.com\/wp-content\/uploads\/2025\/06\/Sucre3-808x1024.png 808w, https:\/\/www.afitecol.com\/wp-content\/uploads\/2025\/06\/Sucre3-237x300.png 237w, https:\/\/www.afitecol.com\/wp-content\/uploads\/2025\/06\/Sucre3-768x974.png 768w, https:\/\/www.afitecol.com\/wp-content\/uploads\/2025\/06\/Sucre3.png 1168w\" sizes=\"(max-width: 151px) 85vw, 151px\" \/><\/a><br \/>El <strong>departamento de Sucre<\/strong> se encuentra ubicado en el noroeste de la Rep\u00fablica de Colombia, en la regi\u00f3n Caribe. El departamento limita por el norte con el Mar Caribe, por el oriente con el departamento de Bol\u00edvar, \u00a0por el sur con los Departamentos de C\u00f3rdoba y Bol\u00edvar y por el occidente con el Departamento de C\u00f3rdoba. Tiene una franja costera en el <strong>Golfo de Morrosquillo<\/strong>, donde se encuentran municipios como Tol\u00fa y Cove\u00f1as.<\/p>\r\n<p>El <strong>departamento de Sucre<\/strong> fue creado el <strong>18 de agosto de 1966<\/strong>, separado del departamento de Bol\u00edvar. La <strong>Capital del departamen<\/strong>to de Sucre es la ciudad de <strong>Sincelejo.<\/strong><\/p>\r\n<p>El relieve del departamento es predominantemente plano con algunas colinas bajas. Parte del departamento pertenece a la subregi\u00f3n de los <strong>Montes de Mar\u00eda<\/strong>. Los R\u00edos importantes del departamento son el rio San Jorge y el rio Cauca, que tocan el departamento; el clima es tropical c\u00e1lido, con temperaturas promedio de 27\u00ba &#8211; 30\u00b0 C y dos estaciones una seca y otra lluviosa.<br \/><br \/>En cuanto a la <strong>econom\u00eda<\/strong> se destaca la agropecuaria, siendo el principal motor, con productos como yuca, ma\u00edz, \u00f1ame y ganado bovino; la pesca y salinas, especialmente en la zona costera como Tol\u00fa y Cove\u00f1as: El <strong>Turismo<\/strong>, por sus playas en el <strong>Golfo de Morrosquillo<\/strong> y su cultura sabanera, muy arraigada, con expresiones como el porro, la cumbia y festivales folcl\u00f3ricos y las <strong>Fiestas del 20 de enero en Sincelej<\/strong>o, famosas por las corralejas.<br \/><br \/>El <strong>Departamento de Sucre<\/strong> recibi\u00f3 su nombre en honor a <strong>Antonio Jos\u00e9 de Sucre<\/strong>, un destacado pr\u00f3cer de la independencia de Am\u00e9rica del Sur.<\/p>\r\n<p>En cuanto a las <strong>caracter\u00edsticas culturales y sociales<\/strong> est\u00e1n: la Cultura sabanera: m\u00fasica como el porro y la cumbia sabanera, muy representativa.\u00a0<\/p>\r\n<p>El Gobierno de Colombia por intermedio del Ministerio de Comunicaciones autoriz\u00f3 la emisi\u00f3n postal\u00a0<strong>\u201cDepartamentos de Colombia: Sucre\u201d<\/strong>, dentro de la Serie Departamentos de Colombia.<\/p>\r\n<p><strong>El acto protocolario<\/strong>. El acto protocolario de lanzamiento de la emisi\u00f3n postal\u00a0<strong>\u201cDepartamentos de Colombia: Sucre<\/strong>\u201d\u00a0tuvo lugar en la ciudad de Sincelejo, capital del departamento de Sucre, el 1 de marzo de 2007.\u2028\u2028 \u00a0<\/p>\r\n<p><strong>La emisi\u00f3n<\/strong>. La emisi\u00f3n postal\u00a0<strong>\u201cDepartamentos de Colombia: Sucre\u201d<\/strong>, consta de la hojas bloque, adem\u00e1s, la carpeta, el bolet\u00edn informativo y los sobres de primer d\u00eda.<\/p>\r\n<p><strong><a href=\"https:\/\/www.afitecol.com\/wp-content\/uploads\/2025\/06\/Sucre4.png\"><img loading=\"lazy\" decoding=\"async\" class=\"alignleft  wp-image-18795\" src=\"https:\/\/www.afitecol.com\/wp-content\/uploads\/2025\/06\/Sucre4-747x1024.png\" alt=\"\" width=\"200\" height=\"274\" srcset=\"https:\/\/www.afitecol.com\/wp-content\/uploads\/2025\/06\/Sucre4-747x1024.png 747w, https:\/\/www.afitecol.com\/wp-content\/uploads\/2025\/06\/Sucre4-219x300.png 219w, https:\/\/www.afitecol.com\/wp-content\/uploads\/2025\/06\/Sucre4-768x1053.png 768w, https:\/\/www.afitecol.com\/wp-content\/uploads\/2025\/06\/Sucre4-1120x1536.png 1120w, https:\/\/www.afitecol.com\/wp-content\/uploads\/2025\/06\/Sucre4-1200x1645.png 1200w, https:\/\/www.afitecol.com\/wp-content\/uploads\/2025\/06\/Sucre4.png 1232w\" sizes=\"(max-width: 200px) 85vw, 200px\" \/><\/a>La hoja bloqu<\/strong>e. La hoja bloque, en tama\u00f1o de 16 x 20 cm., contiene 12 estampillas, adornada con bandeletas. En la parte superior aparece el t\u00edtulo de la emisi\u00f3n: <strong>\u201cDepartamentos de Colombia: Sucre\u201d<\/strong>.<\/p>\r\n<p><strong>\u2028\u2028Las estampillas<\/strong>. Las estampillas tienen un valor facial de $ 3.300 pesos colombianos, y est\u00e1n confeccionadas en policrom\u00eda, goma tropicalizada y papel sopal.<\/p>\r\n<p>\u2028\u2028<strong>Las Estampillas laterales<\/strong>. Las estampillas laterales, en tama\u00f1o de 30 x 40 mm, tienen los siguientes motivos:\u2028<\/p>\r\n<p><strong><a href=\"https:\/\/www.afitecol.com\/wp-content\/uploads\/2025\/06\/Sucre5.png\"><img loading=\"lazy\" decoding=\"async\" class=\"alignleft  wp-image-18796\" src=\"https:\/\/www.afitecol.com\/wp-content\/uploads\/2025\/06\/Sucre5.png\" alt=\"\" width=\"103\" height=\"142\" srcset=\"https:\/\/www.afitecol.com\/wp-content\/uploads\/2025\/06\/Sucre5.png 301w, https:\/\/www.afitecol.com\/wp-content\/uploads\/2025\/06\/Sucre5-218x300.png 218w\" sizes=\"(max-width: 103px) 85vw, 103px\" \/><\/a>1. Her\u00e1ldica<\/strong>. El escudo del departamento de Sucre est\u00e1 dividido en tres partes y tiene un timbre en forma de sol naciente: en la parte izquierda fondo plata y azul con la cabeza de un ceb\u00fa de plata, simbolizando la riqueza ganadera de la regi\u00f3n; el fondo rojo con una cornucopia de oro, representando la abundancia de frutos locales y la tercera parte paisaje costero &#8211; playa verde, mar azul, veleros y palmeras celebra la geograf\u00eda y vocaci\u00f3n mar\u00edtima sucre\u00f1a.<\/p>\r\n<p><strong><a href=\"https:\/\/www.afitecol.com\/wp-content\/uploads\/2025\/06\/Sucre6.png\"><img loading=\"lazy\" decoding=\"async\" class=\"alignleft  wp-image-18797\" src=\"https:\/\/www.afitecol.com\/wp-content\/uploads\/2025\/06\/Sucre6.png\" alt=\"\" width=\"101\" height=\"139\" srcset=\"https:\/\/www.afitecol.com\/wp-content\/uploads\/2025\/06\/Sucre6.png 301w, https:\/\/www.afitecol.com\/wp-content\/uploads\/2025\/06\/Sucre6-218x300.png 218w\" sizes=\"(max-width: 101px) 85vw, 101px\" \/><\/a>2. Sucre \u2013 Ganader\u00eda<\/strong>. La ganader\u00eda en el departamento de Sucre es una de las actividades econ\u00f3micas m\u00e1s importantes y tradicionales de la regi\u00f3n: representa una fuente de empleo, ingreso y desarrollo para miles de familias en zonas rurales del departamento. Sucre es reconocido especialmente por la ganader\u00eda bovina doble prop\u00f3sito, esto es carne y leche. Estas \u00e1reas concentran grandes hatos ganaderos y una fuerte cultura asociada al campo. La ganader\u00eda en Sucre tambi\u00e9n forma parte del patrimonio cultural: Ferias ganaderas, como la <strong>Feria Nacional Ganadera en Sincelej<\/strong>o. <strong>Corraleja<\/strong>s, expresi\u00f3n cultural local, controvertida, pero tradicional.<br \/><br \/><strong><a href=\"https:\/\/www.afitecol.com\/wp-content\/uploads\/2025\/06\/Sucre7.png\"><img loading=\"lazy\" decoding=\"async\" class=\"alignleft  wp-image-18798\" src=\"https:\/\/www.afitecol.com\/wp-content\/uploads\/2025\/06\/Sucre7.png\" alt=\"\" width=\"120\" height=\"165\" srcset=\"https:\/\/www.afitecol.com\/wp-content\/uploads\/2025\/06\/Sucre7.png 301w, https:\/\/www.afitecol.com\/wp-content\/uploads\/2025\/06\/Sucre7-218x300.png 218w\" sizes=\"(max-width: 120px) 85vw, 120px\" \/><\/a>3. Partitura. \u201cA Sincelejo\u201d<\/strong> \u2013 Himno o canci\u00f3n emblem\u00e1tica del departamento de Sucre, Autor <strong>Francisco Zumaqu\u00e9 G\u00f3me<\/strong>z, reconocido compositor oriundo de Sucre, es uno de los mayores exponentes de la m\u00fasica sinf\u00f3nica y popular de la regi\u00f3n Caribe colombiana. Aunque no es el \u00fanico autor relevante, ha trabajado en la preservaci\u00f3n y adaptaci\u00f3n musical de ritmos tradicionales como el porro, la cumbia sabanera, y el mapal\u00e9. Himno del Departamento de Sucre: Rinde homenaje a la historia, el folclor, el r\u00edo Sin\u00fa y la libertad de la regi\u00f3n.<\/p>\r\n<p><strong><a href=\"https:\/\/www.afitecol.com\/wp-content\/uploads\/2025\/06\/Sucre8.png\"><img loading=\"lazy\" decoding=\"async\" class=\"alignleft  wp-image-18799\" src=\"https:\/\/www.afitecol.com\/wp-content\/uploads\/2025\/06\/Sucre8.png\" alt=\"\" width=\"119\" height=\"164\" srcset=\"https:\/\/www.afitecol.com\/wp-content\/uploads\/2025\/06\/Sucre8.png 301w, https:\/\/www.afitecol.com\/wp-content\/uploads\/2025\/06\/Sucre8-218x300.png 218w\" sizes=\"(max-width: 119px) 85vw, 119px\" \/><\/a>4. Sincelejo. Palma Amarga<\/strong>. El t\u00e9rmino <strong>\u00abPalma Amarga\u00bb<\/strong> hace referirse a una planta nativa. En varias regiones de la Costa Caribe colombiana, la \u00abpalma amarga\u00bb (<strong><em>Sabal mauritiiformis<\/em><\/strong>) es conocida por su resistencia y uso artesanal o agr\u00edcola, especialmente en techado tradicional. Fibras para amarre o sestear\u00eda, Combustible rural (secado y usado como le\u00f1a). En Sincelejo y zonas sabaneras, la palma amarga est\u00e1 asociada a formas de vida rural y tradici\u00f3n campesina. Podr\u00eda figurar en obras folcl\u00f3ricas, d\u00e9cimas o listas patrimoniales como s\u00edmbolo de resistencia natural o de lo aut\u00f3ctono.<\/p>\r\n<p><strong><a href=\"https:\/\/www.afitecol.com\/wp-content\/uploads\/2025\/06\/Sucre9.png\"><img loading=\"lazy\" decoding=\"async\" class=\"alignleft  wp-image-18800\" src=\"https:\/\/www.afitecol.com\/wp-content\/uploads\/2025\/06\/Sucre9.png\" alt=\"\" width=\"120\" height=\"165\" srcset=\"https:\/\/www.afitecol.com\/wp-content\/uploads\/2025\/06\/Sucre9.png 301w, https:\/\/www.afitecol.com\/wp-content\/uploads\/2025\/06\/Sucre9-218x300.png 218w\" sizes=\"(max-width: 120px) 85vw, 120px\" \/><\/a>5. Tol\u00fa<\/strong>. Tol\u00fa es uno de los destinos tur\u00edsticos m\u00e1s importantes del Caribe colombiano: playas tranquilas de arena blanca y aguas c\u00e1lidas del mar Caribe. Paseos en lancha a las <strong>Islas San Bernardo<\/strong>, un archipi\u00e9lago de belleza natural y ecol\u00f3gica. <strong>Malec\u00f3n de Tol\u00fa<\/strong>: zona costera ideal para caminar, andar en bicicleta o tomar transporte de moto-carro. Ecoturismo en zonas de manglares, ca\u00f1os y ci\u00e9nagas cercanas. <strong>Tol\u00fa<\/strong> es un antiguo asentamiento ind\u00edgena zen\u00fa, con gran riqueza cultural precolombina. Su nombre proviene del vocablo ind\u00edgena \u201cTol\u00fa\u201d, que hace referencia a una <strong>resina arom\u00e1tica<\/strong>. Es cuna de ritmos tradicionales como el porro y la cumbia sabanera. Celebraciones tradicionales: Fiestas del Mar, en julio, Fiestas patronales de Santiago Ap\u00f3stol, Carnavales de Tol\u00fa con desfile n\u00e1utico y comparsas. Las principales actividades econ\u00f3micas son: Turismo: motor de empleo y desarrollo local: Pesca artesanal, Comercio local, Artesan\u00edas, trabajos en coco, madera y conchas. Agricultura en peque\u00f1a escala: yuca, ma\u00edz, pl\u00e1tano<br \/>Tol\u00fa es parte de la Ruta del Sol y el Folclor, una iniciativa tur\u00edstica que promueve la cultura coste\u00f1a. Fue uno de los primeros puertos coloniales en la costa Caribe. Muchas de sus casas coloniales est\u00e1n hechas con coral f\u00f3sil y tejas de barro.<\/p>\r\n<p><strong><a href=\"https:\/\/www.afitecol.com\/wp-content\/uploads\/2025\/06\/Sucre10.png\"><img loading=\"lazy\" decoding=\"async\" class=\"alignleft  wp-image-18801\" src=\"https:\/\/www.afitecol.com\/wp-content\/uploads\/2025\/06\/Sucre10.png\" alt=\"\" width=\"121\" height=\"166\" srcset=\"https:\/\/www.afitecol.com\/wp-content\/uploads\/2025\/06\/Sucre10.png 301w, https:\/\/www.afitecol.com\/wp-content\/uploads\/2025\/06\/Sucre10-218x300.png 218w\" sizes=\"(max-width: 121px) 85vw, 121px\" \/><\/a>6. Corozal \u2013 Templo Parroquial<\/strong>. En el Municipio de Corozal, se encuentra en el centro hist\u00f3rico del municipio, en el parque principal el Templo Parroquial, tambi\u00e9n conocido como la Iglesia San Jos\u00e9 de Corozal, en honor a su santo patrono. Es una de las construcciones religiosas m\u00e1s antiguas y representativas del departamento. Su arquitectura mezcla elementos coloniales con adaptaciones posteriores del siglo XX. Fachada sobria en mamposter\u00eda, con torres gemelas y una nave central de influencia cl\u00e1sica. Es el centro espiritual del municipio.<br \/>Se celebran all\u00ed festividades patronales en honor a San Jos\u00e9, con misas, procesiones y actividades culturales. Ha sido testigo del crecimiento urbano y social de Corozal desde la \u00e9poca republicana.<br \/>El templo hace parte del patrimonio arquitect\u00f3nico y religioso del departamento de Sucre. Representa la influencia del catolicismo en la cultura sabanera. Es punto de encuentro tradicional en celebraciones como la Semana Santa, Navidad y fiestas locales.<\/p>\r\n<p><strong><a href=\"https:\/\/www.afitecol.com\/wp-content\/uploads\/2025\/06\/Sucre11.png\"><img loading=\"lazy\" decoding=\"async\" class=\"alignleft  wp-image-18802\" src=\"https:\/\/www.afitecol.com\/wp-content\/uploads\/2025\/06\/Sucre11.png\" alt=\"\" width=\"120\" height=\"165\" srcset=\"https:\/\/www.afitecol.com\/wp-content\/uploads\/2025\/06\/Sucre11.png 301w, https:\/\/www.afitecol.com\/wp-content\/uploads\/2025\/06\/Sucre11-218x300.png 218w\" sizes=\"(max-width: 120px) 85vw, 120px\" \/><\/a>7. Caimito pescador.\u00a0<\/strong>En el departamento de Sucre, \u201cCaimito\u201d no se refiere al fruto, sino a un <b>municipio y pueblo<\/b> cuyo nombre completo es <b>San Juan de Caimito<\/b>. Es una <b>cabecera municipal<\/b> situada al sureste de Sincelejo, en la subregi\u00f3n del r\u00edo San Jorge, Fue fundado el <b>24 de junio de 1607<\/b> por Andr\u00e9s y Cruz Molina, quienes tallaron en un \u00e1rbol de caimito una imagen de San Juan Bautista, de ah\u00ed su nombre. Mantiene una fuerte tradici\u00f3n ganadera y pesquera basada en la<span class=\"Apple-converted-space\">\u00a0 <\/span>movilizaci\u00f3n de reses entre ci\u00e9nagas y potreros, hoy recreada en el <b>Festival Riano Sabanero<\/b> durante las celebraciones de San Juan Bautista. Forma parte de la <b>Depresi\u00f3n Momposina<\/b>, ba\u00f1ada por el r\u00edo San Jorge y diversas ci\u00e9nagas, incluyendo la conocida \u201cci\u00e9naga de Caimito\u201d. Su econom\u00eda se basa en la ganader\u00eda vacuna, cultivos de ma\u00edz, arroz, pl\u00e1tano, yuca, la pesca y el comercio local .<\/p>\r\n<p>Entre los atractivos se encuentra El <b>templo parroquial San Juan Bautista<\/b>, de estilo neog\u00f3tico, junto con el parque principal, son los s\u00edmbolos arquitect\u00f3nicos del municipio. Las actividades tur\u00edsticas incluyen paseos en canoa, pesca recreativa, visitas a la ci\u00e9naga, y degustaci\u00f3n de platos t\u00edpicos.<\/p>\r\n<p><strong><a href=\"https:\/\/www.afitecol.com\/wp-content\/uploads\/2025\/06\/Sucre12.png\"><img loading=\"lazy\" decoding=\"async\" class=\"alignleft  wp-image-18803\" src=\"https:\/\/www.afitecol.com\/wp-content\/uploads\/2025\/06\/Sucre12.png\" alt=\"\" width=\"121\" height=\"167\" srcset=\"https:\/\/www.afitecol.com\/wp-content\/uploads\/2025\/06\/Sucre12.png 301w, https:\/\/www.afitecol.com\/wp-content\/uploads\/2025\/06\/Sucre12-218x300.png 218w\" sizes=\"(max-width: 121px) 85vw, 121px\" \/><\/a>8. Morroa- Hamacas<\/strong>, el departamento de Sucre, es ampliamente conocido por ser la cuna de las hamacas tradicionales de la regi\u00f3n Caribe colombiana. Este municipio, de fuerte herencia ind\u00edgena y campesina, ha desarrollado una identidad cultural muy particular alrededor del arte de tejer hamacas. <strong>Morroa<\/strong> es famoso por sus hamacas tejidas a mano, con dise\u00f1os coloridos y elaborados que combinan tradici\u00f3n, identidad y funcionalidad. Las hamacas no son solo objetos utilitarios, sino tambi\u00e9n s\u00edmbolos culturales y art\u00edsticos. Su fabricaci\u00f3n puede tomar varias semanas, dependiendo del tama\u00f1o y la complejidad del dise\u00f1o. Se utilizan telares de madera y fibras como el algod\u00f3n o materiales sint\u00e9ticos.<\/p>\r\n<p><strong>Estampillas Centrales: <\/strong>Las Estampillas centrales. Las estampillas centrales, en tama\u00f1o de 50 x 40 mm, tienen los siguientes motivos<strong>:<\/strong><\/p>\r\n<p><br \/><strong><a href=\"https:\/\/www.afitecol.com\/wp-content\/uploads\/2025\/06\/Sucre13.png\"><img loading=\"lazy\" decoding=\"async\" class=\"alignleft  wp-image-18804\" src=\"https:\/\/www.afitecol.com\/wp-content\/uploads\/2025\/06\/Sucre13.png\" alt=\"\" width=\"151\" height=\"114\" srcset=\"https:\/\/www.afitecol.com\/wp-content\/uploads\/2025\/06\/Sucre13.png 542w, https:\/\/www.afitecol.com\/wp-content\/uploads\/2025\/06\/Sucre13-300x227.png 300w\" sizes=\"(max-width: 151px) 85vw, 151px\" \/><\/a>1.- Sincelejo &#8211; Catedral<\/strong>. La Catedral de San Francisco de As\u00eds en Sincelejo, capital del departamento de Sucre, es un monumento arquitect\u00f3nico y espiritual emblem\u00e1tico de la regi\u00f3n. La actual edificaci\u00f3n data de los inicios del siglo XX. En 1883 se conform\u00f3 la junta pro-templo que, bajo la direcci\u00f3n del sacerdote italiano Pascual Custode, condujo a la construcci\u00f3n de lo que hoy se conoce como Catedral, inaugurada oficialmente en 1905.<\/p>\r\n<p>En 1969, la Iglesia fue elevada a la categor\u00eda de cabecera de la Di\u00f3cesis. El estilo es predominante republicano con toques neocl\u00e1sicos, visible en las dos torres frontales, fachadas sim\u00e9tricas con robustas columnas. En el interior se destacan: Altar mayor enchapado en m\u00e1rmol espa\u00f1ol, pisos pulidos de baldosas de granito, columnas restauradas y sistema de sonido modernizado.<\/p>\r\n<p>La <strong>Catedral San Francisco de As\u00eds<\/strong> es un s\u00edmbolo arquitect\u00f3nico e hist\u00f3rico de Sincelejo, fruto de un siglo de fe y compromiso comunitario. Su valor radica no solo en su dise\u00f1o, sino tambi\u00e9n en su papel activo en la vida religiosa y cultural sucre\u00f1a.<br \/><br \/><a href=\"https:\/\/www.afitecol.com\/wp-content\/uploads\/2025\/06\/Sucre14.png\"><img loading=\"lazy\" decoding=\"async\" class=\"alignleft  wp-image-18805\" src=\"https:\/\/www.afitecol.com\/wp-content\/uploads\/2025\/06\/Sucre14.png\" alt=\"\" width=\"150\" height=\"114\" srcset=\"https:\/\/www.afitecol.com\/wp-content\/uploads\/2025\/06\/Sucre14.png 542w, https:\/\/www.afitecol.com\/wp-content\/uploads\/2025\/06\/Sucre14-300x227.png 300w\" sizes=\"(max-width: 150px) 85vw, 150px\" \/><\/a>2- <strong>Sincelejo \u2013 Corralejas<\/strong>. Las Corralejas en Sincelejo, uno de los elementos culturales m\u00e1s representativos del municipio y del Caribe colombiano: Las Corralejas son una festividad taurina popular de origen colonial, t\u00edpica de los departamentos de Sucre, C\u00f3rdoba y Bol\u00edvar. A diferencia de la tauromaquia espa\u00f1ola, en las corralejas participan aficionados del pueblo, no toreros profesionales. Se realizan en una plaza de madera desmontable construida por la comunidad, llamada tambi\u00e9n <strong>\u00abplaza de palos\u00bb<\/strong>. Participan vaqueros locales y voluntarios que ingresan al ruedo. Se sueltan toros bravos y el p\u00fablico interact\u00faa con ellos, muchas veces sin medidas de protecci\u00f3n. Se acompa\u00f1a de m\u00fasica de banda sabanera, licor, y feria popular. Se celebran cada a\u00f1o en enero, durante las <strong>Fiestas del Dulce Nombre de Jes\u00fas<\/strong>, patrono de la ciudad. Desde el siglo XIX han sido parte fundamental del folclor local. En los a\u00f1os 2000, las corralejas de Sincelejo fueron una de las m\u00e1s grandes del pa\u00eds.<\/p>\r\n<p>En 1980, ocurri\u00f3 la tragedia de las corralejas de Sincelejo, en la que colaps\u00f3 una tribuna y murieron m\u00e1s de 500 personas. Fue uno de los desastres civiles m\u00e1s graves de Colombia. Este hecho llev\u00f3 a cambios en la seguridad, a que muchos pidan su abolici\u00f3n, y a que varias regiones las proh\u00edban o regulen m\u00e1s estrictamente. Aunque pol\u00e9micas por el maltrato animal y los riesgos humanos, las corralejas siguen siendo consideradas por muchos un s\u00edmbolo de identidad sabanera, valent\u00eda y tradici\u00f3n. Han sido representadas en pinturas, literatura y m\u00fasica popular. <br \/><br \/><strong><a href=\"https:\/\/www.afitecol.com\/wp-content\/uploads\/2025\/06\/Sucre15.png\"><img loading=\"lazy\" decoding=\"async\" class=\"alignleft  wp-image-18806\" src=\"https:\/\/www.afitecol.com\/wp-content\/uploads\/2025\/06\/Sucre15.png\" alt=\"\" width=\"150\" height=\"114\" srcset=\"https:\/\/www.afitecol.com\/wp-content\/uploads\/2025\/06\/Sucre15.png 542w, https:\/\/www.afitecol.com\/wp-content\/uploads\/2025\/06\/Sucre15-300x227.png 300w\" sizes=\"(max-width: 150px) 85vw, 150px\" \/><\/a>3. La Fandanguera.<\/strong>\u00a0La Fandanguera \u2013 S\u00edmbolo Cultural del Departamento de Sucre, es una figura tradicional y folcl\u00f3rica femenina que representa el esp\u00edritu del fandango sabanero: la m\u00fasica, la danza, la alegr\u00eda popular y la libertad de expresi\u00f3n del Caribe colombiano. No se trata solo de una mujer que baila fandango, sino de un \u00edcono festivo cargado de simbolismo local.<br \/>El fandango es un ritmo y danza originario de las sabana de Sucre y C\u00f3rdoba. Se interpreta con bandas de viento (papayeras), tamboras, clarinetes, bombardinos y platillos. El fandango se baila en celebraciones populares, procesiones, corralejas y festividades religiosas. Tiene un paso elegante pero alegre, en el que hombres y mujeres bailan con pa\u00f1uelos en alto y movimientos circulares. La Fandanguera viste generalmente con una falda amplia y colorida, blusa blanca con vuelos, y un pa\u00f1uelo que agita al bailar. Representa la mujer coste\u00f1a fuerte, libre, orgullosa y festiva. En eventos como el Festival del Fandango o las Fiestas del 20 de Enero en Sincelejo, se elige a la \u201cSe\u00f1orita Fandanguera\u201d, quien encarna este papel. Eventos donde aparece: Festival Nacional del Fandango en Betulia (Sucre) son: Fiestas del 20 de Enero en Sincelejo \u2013 cierre con la \u201cGran Fandanguera\u201d, Desfiles folcl\u00f3ricos del Carnaval de Sucre y municipios aleda\u00f1os, Homenajes a Lucho Berm\u00fadez y Francisco Zumaqu\u00e9, quienes integraron el fandango en partituras. Es s\u00edmbolo de resistencia cultural, identidad femenina coste\u00f1a y alegr\u00eda ancestral. Representa la herencia de los pueblos zen\u00faes y la mezcla con tradiciones espa\u00f1olas y africanas. Es s\u00edmbolo de resistencia cultural, identidad femenina coste\u00f1a y alegr\u00eda ancestral. Representa la herencia de los pueblos zen\u00faes y la mezcla con tradiciones espa\u00f1olas y africanas.<\/p>\r\n<p><strong><a href=\"https:\/\/www.afitecol.com\/wp-content\/uploads\/2025\/06\/Sucre16.png\"><img loading=\"lazy\" decoding=\"async\" class=\"alignleft  wp-image-18807\" src=\"https:\/\/www.afitecol.com\/wp-content\/uploads\/2025\/06\/Sucre16.png\" alt=\"\" width=\"151\" height=\"115\" srcset=\"https:\/\/www.afitecol.com\/wp-content\/uploads\/2025\/06\/Sucre16.png 542w, https:\/\/www.afitecol.com\/wp-content\/uploads\/2025\/06\/Sucre16-300x227.png 300w\" sizes=\"(max-width: 151px) 85vw, 151px\" \/><\/a><br \/>4. Sanpu\u00e9s. Tenza de Ca\u00f1as Flechas<\/strong>. Sanpu\u00e9s pueblo ind\u00edgena. La Tenza de Ca\u00f1as Flechas un sistema o territorio tradicionalmente habitado por un grupo ind\u00edgena, donde las ca\u00f1as flechas son probablemente un s\u00edmbolo cultural importante, por los pueblos Zen\u00fa en Colombia para tejer sombreros como el sombrero vueltiao. En la imagen se menciona la importancia del trabajo comunitario: la relaci\u00f3n con el agua y la naturaleza. Pr\u00e1cticas de gobierno o liderazgo dentro del pueblo y Probablemente un enfoque en la defensa del territorio y las tradiciones ancestrales.<\/p>\r\n<p><strong>El sobre de primer d\u00eda<\/strong>.. El primer d\u00eda de circulaci\u00f3n fue el 1 de marzo de 2007 y fue matasellado en la ciudad de Sicelejo, Departamento de Sucre, Colombia.<\/p>\r\n","protected":false},"excerpt":{"rendered":"<p>El departamento de Sucre se encuentra ubicado en el noroeste de la Rep\u00fablica de Colombia, en la regi\u00f3n Caribe. El departamento limita por el norte con el Mar Caribe, por el oriente con el departamento de Bol\u00edvar, \u00a0por el sur con los Departamentos de C\u00f3rdoba y Bol\u00edvar y por el occidente con el Departamento de &hellip; <a href=\"https:\/\/www.afitecol.com\/?p=18785\" class=\"more-link\">Continuar leyendo<span class=\"screen-reader-text\"> \u00abDepartamentos de Colombia: \u00abDepartamento de Sucre\u00bb\u00bb<\/span><\/a><\/p>\n","protected":false},"author":2,"featured_media":0,"comment_status":"open","ping_status":"closed","sticky":false,"template":"","format":"standard","meta":{"footnotes":""},"categories":[20],"tags":[],"class_list":["post-18785","post","type-post","status-publish","format-standard","hentry","category-departamentos"],"_links":{"self":[{"href":"https:\/\/www.afitecol.com\/index.php?rest_route=\/wp\/v2\/posts\/18785"}],"collection":[{"href":"https:\/\/www.afitecol.com\/index.php?rest_route=\/wp\/v2\/posts"}],"about":[{"href":"https:\/\/www.afitecol.com\/index.php?rest_route=\/wp\/v2\/types\/post"}],"author":[{"embeddable":true,"href":"https:\/\/www.afitecol.com\/index.php?rest_route=\/wp\/v2\/users\/2"}],"replies":[{"embeddable":true,"href":"https:\/\/www.afitecol.com\/index.php?rest_route=%2Fwp%2Fv2%2Fcomments&post=18785"}],"version-history":[{"count":10,"href":"https:\/\/www.afitecol.com\/index.php?rest_route=\/wp\/v2\/posts\/18785\/revisions"}],"predecessor-version":[{"id":18812,"href":"https:\/\/www.afitecol.com\/index.php?rest_route=\/wp\/v2\/posts\/18785\/revisions\/18812"}],"wp:attachment":[{"href":"https:\/\/www.afitecol.com\/index.php?rest_route=%2Fwp%2Fv2%2Fmedia&parent=18785"}],"wp:term":[{"taxonomy":"category","embeddable":true,"href":"https:\/\/www.afitecol.com\/index.php?rest_route=%2Fwp%2Fv2%2Fcategories&post=18785"},{"taxonomy":"post_tag","embeddable":true,"href":"https:\/\/www.afitecol.com\/index.php?rest_route=%2Fwp%2Fv2%2Ftags&post=18785"}],"curies":[{"name":"wp","href":"https:\/\/api.w.org\/{rel}","templated":true}]}}