{"id":18603,"date":"2025-05-04T17:03:44","date_gmt":"2025-05-04T22:03:44","guid":{"rendered":"https:\/\/www.afitecol.com\/?p=18603"},"modified":"2025-11-14T20:44:10","modified_gmt":"2025-11-15T01:44:10","slug":"emision-postal-juegos-olimpicos-y-paralimpicos-paris-2024","status":"publish","type":"post","link":"https:\/\/www.afitecol.com\/?p=18603","title":{"rendered":"Emisi\u00f3n postal: \u201cJuegos Ol\u00edmpicos y Paral\u00edmpicos: Par\u00eds 2024\u201d"},"content":{"rendered":"\r\n<p><a href=\"https:\/\/www.afitecol.com\/wp-content\/uploads\/2025\/05\/Caratula.png\"><img loading=\"lazy\" decoding=\"async\" class=\"alignleft  wp-image-18648\" src=\"https:\/\/www.afitecol.com\/wp-content\/uploads\/2025\/05\/Caratula.png\" alt=\"\" width=\"202\" height=\"279\" srcset=\"https:\/\/www.afitecol.com\/wp-content\/uploads\/2025\/05\/Caratula.png 642w, https:\/\/www.afitecol.com\/wp-content\/uploads\/2025\/05\/Caratula-217x300.png 217w\" sizes=\"(max-width: 202px) 85vw, 202px\" \/><\/a>Los <strong>Juegos Ol\u00edmpicos de Par\u00eds 2024<\/strong>, se realizaron entre el 26 de julio y el 11 de agosto de 2024 y tuvieron como sede principal la ciudad de Par\u00eds, Francia, siendo la tercera vez que la ciudad de Par\u00eds alberga los Juegos Ol\u00edmpicos de Verano. Los anteriores Juegos se realizaron en 1900 y 1924, coincidiendo con el Centenario de la \u00faltima vez.<\/p>\r\n<p>En los\u00a0<b>Juegos Ol\u00edmpicos de Par\u00eds 2024, Colombia<\/b>\u00a0tuvo una participaci\u00f3n destacada, logrando tres (3) de medallas de Plata y 1 medalla de Bronce. \u00a0Las tres (3)\u00a0<b>Medallas de Plata\u00a0<\/b>fueron obtenidas as\u00ed: a: \u00a0<strong>\u00c1ngel Barajas<\/strong>: Gimnasia art\u00edstica, barra fija masculina.<span class=\"Apple-converted-space\">\u00a0<\/span>b. <b>Yeison L\u00f3pez <\/b>en\u00a0Halterofilia masculino, 89 kg.<span class=\"Apple-converted-space\">\u00a0<\/span>c. <b>Mari<\/b>\u00a0<b>Leivis S\u00e1nchez<\/b>\u00a0\u00a0Halterofilia femenino, 71 kg.\u00a0Una (1) <strong>Medalla de Bronce<\/strong> fue para: c.\u00a0<b>Tatiana Renter\u00eda,<\/b>\u00a0en Lucha Libre femenina, 76 kg.<\/p>\r\n<p>El\u00a0<b>Equipo femenino de futbol <\/b>obtuvo la\u00a0<b>Primera medalla de Bronce Ol\u00edmpica<\/b>\u00a0del f\u00fatbol colombiano.<\/p>\r\n<p><strong>Otras participaciones<\/strong> destacadas fueron: <b>Atletismo<\/b>:\u00a0<b>Rorisang Lesley Ayala<\/b>\u00a0(400 m con vallas) lleg\u00f3 a la final;\u00a0<b>Boxeo<\/b>:\u00a0<b>Yuberjen Mart\u00ednez<\/b>\u00a0(peso mosca) lleg\u00f3 a cuartos de final.\u00a0<b>Ciclismo de pista: Martha Bayona<\/b>\u00a0compiti\u00f3 en Keirin y velocidad.<\/p>\r\n<p><strong>Desempe\u00f1o general<\/strong>:\u00a0<b>Colombi<\/b>a termin\u00f3 en el\u00a0<b>puesto 60\u00a0del Medallero Ol\u00edmpico<\/b>, manteniendo una presencia constante en deportes como halterofilia, ciclismo y boxeo. Aunque no se super\u00f3 el r\u00e9cord de las 5 medallas de Tokio el bronce del f\u00fatbol femenino fue hist\u00f3rico.<\/p>\r\n<p>En los\u00a0<b>Juegos Paral\u00edmpicos de Par\u00eds 2024<\/b>, Colombia tuvo una participaci\u00f3n destacada, consolid\u00e1ndose como una de las\u00a0<b>Delegaciones m\u00e1s fuertes de Am\u00e9rica Latina.<\/b>\u00a0El Equipo Colombiano gan\u00f3 28 medallas: 7 medallas de Oro, 7 Medallas de Plata y 14 Medallas de Bronce.<\/p>\r\n<p><b>Medallas de Colombia en los Juegos Paral\u00edmpicos Par\u00eds 2024<\/b>. Colombia\u00a0obtuvo dos medallas de Oro, tres de Plata y dos de bronce, as\u00ed:<\/p>\r\n<p><b>Medallas de oro<\/b>:\u00a0<b>Nelson Crispin<\/b>, nataci\u00f3n (Clase S6), 100 metros espalda;\u00a0<b>Martha Liliana Hern\u00e1nde<\/b>z, levantamiento de potencia, 61 kg., Medallas de Plata:\u00a0<b>Carlos Serrano<\/b>, Nataci\u00f3n (Clase S7), 100 m., pecho;\u00a0<b>Diego Due\u00f1as<\/b>, Ciclismo de pista (C4), Persecuci\u00f3n individual; Equipo de Boccia (BC3), Equipo mixto; Medallas de Bronce:\u00a0<b>Jorge Gregorio Lemos<\/b>, Atletismo (T20), 1500 m.;\u00a0<b>Ang\u00e9lica Bernal<\/b>, Judo (B2), 57 Kg.<\/p>\r\n<p><b>Otras participaciones<\/b>: Nataci\u00f3n: Colombia brill\u00f3 con\u00a04 finalistas\u00a0m\u00e1s, incluyendo a\u00a0<b>Sara Vargas<\/b>\u00a0(S6); Atletismo:\u00a0<b>Luis Lucum\u00ed<\/b>\u00a0(T47) qued\u00f3 cerca del podio en salto largo, Ciclismo de ruta:\u00a0<b>Alejandro Perea<\/b>\u00a0(C2) termin\u00f3 5\u00b0 en contrarreloj.<\/p>\r\n<p>En los <strong>Juegos Paral\u00edmpicos Paris 2024<\/strong>, Colombia gan\u00f3 28 medallas ( 7 de oro, 7 de plata y 14 de bronce)<\/p>\r\n<p><b>Colombia<\/b>\u00a0ha participado anteriormente en Eventos Deportivos relacionados con el anterior tema en las siguientes fechas, y publicados por\u00a0<b>AFITECOL<\/b>, los Amigos de la Filatelia Tem\u00e1tica en Colombia, as\u00ed:<\/p>\r\n<p><a href=\"https:\/\/www.afitecol.com\/?p=159\">1- https:\/\/www.afitecol.com\/?p=159<\/a><\/p>\r\n<p>2.\u00a0<a href=\"https:\/\/www.afitecol.com\/?p=6070\">https:\/\/www.afitecol.com\/?p=6070<\/a><\/p>\r\n<p>3. \u00a0<a href=\"https:\/\/www.afitecol.com\/?p=6116\">https:\/\/www.afitecol.com\/?p=6116<\/a><\/p>\r\n<p>4.\u00a0\u00a0\u00a0<a href=\"https:\/\/www.afitecol.com\/?p=6265\">https:\/\/www.afitecol.com\/?p=6265<\/a><\/p>\r\n<p>5.\u00a0\u00a0<a href=\"https:\/\/www.afitecol.com\/?p=7685\">https:\/\/www.afitecol.com\/?p=7685<\/a><\/p>\r\n<p><b>6.\u00a0\u00a0<\/b><a href=\"https:\/\/www.afitecol.com\/?p=10100\">https:\/\/www.afitecol.com\/?p=10100<\/a><\/p>\r\n<p>7.\u00a0\u00a0\u00a0<a href=\"https:\/\/www.afitecol.com\/?p=10691\">https:\/\/www.afitecol.com\/?p=10691<\/a><\/p>\r\n<p>El Gobierno de Colombia por intermedio del Ministerio de Tecnolog\u00edas de la Informaci\u00f3n y las Comunicaciones autoriz\u00f3 la emisi\u00f3n postal\u00a0 denominada\u00a0<b>\u201cJuegos Ol\u00edmpicos y Paral\u00edmpicos: Par\u00eds 2024\u201d<\/b>, mediante la Resoluci\u00f3n N\u00ba 03731 del 3 de octubre de 2024 .<\/p>\r\n<p><b>El acto protocolario<\/b>. El acto protocolario de lanzamiento de la emisi\u00f3n postal\u00a0<b>\u201cJuegos Ol\u00edmpicos y Paral\u00edmpicos: Par\u00eds 2024\u201d<\/b>\u00a0tuvo lugar en la ciudad de Bogot\u00e1, DC, Colombia el 8 de abril de 2025.<\/p>\r\n<p><strong>El acto protocolario<\/strong>. El acto protocolario de lanzamiento de la emisi\u00f3n postal\u00a0<strong>\u201cJuegos Ol\u00edmpicos y Paral\u00edmpicos: Par\u00eds 2024\u201d<\/strong>\u00a0tuvo lugar en la ciudad de Bogot\u00e1, DC, Colombia el 8 de abril de 2025.\u2028<\/p>\r\n<div>\r\n<p><strong>La emisi\u00f3n<\/strong>. La emisi\u00f3n postal\u00a0<strong>\u201cJuegos Ol\u00edmpicos y Paral\u00edmpicos: Par\u00eds 2024\u201d<\/strong>, consta de 1000 hojas bloque, para un total de 12000 estampillas. La emisi\u00f3n postal contiene adem\u00e1s, la carpeta, el bolet\u00edn informativo y los sobres de primer d\u00eda.<strong>\u00a0<\/strong><\/p>\r\n<\/div>\r\n<p><strong><a href=\"https:\/\/www.afitecol.com\/wp-content\/uploads\/2025\/05\/Paris2024.png\"><img loading=\"lazy\" decoding=\"async\" class=\"alignleft  wp-image-18775\" src=\"https:\/\/www.afitecol.com\/wp-content\/uploads\/2025\/05\/Paris2024-1019x1024.png\" alt=\"\" width=\"200\" height=\"201\" srcset=\"https:\/\/www.afitecol.com\/wp-content\/uploads\/2025\/05\/Paris2024-1019x1024.png 1019w, https:\/\/www.afitecol.com\/wp-content\/uploads\/2025\/05\/Paris2024-298x300.png 298w, https:\/\/www.afitecol.com\/wp-content\/uploads\/2025\/05\/Paris2024-150x150.png 150w, https:\/\/www.afitecol.com\/wp-content\/uploads\/2025\/05\/Paris2024-768x772.png 768w, https:\/\/www.afitecol.com\/wp-content\/uploads\/2025\/05\/Paris2024-1200x1206.png 1200w, https:\/\/www.afitecol.com\/wp-content\/uploads\/2025\/05\/Paris2024.png 1309w\" sizes=\"(max-width: 200px) 85vw, 200px\" \/><\/a>La hoja bloque<\/strong>. La hoja bloque, en tama\u00f1o de 16 x 20 cm., contiene 12 estampillas. En la parte superior aparece el t\u00edtulo de la emisi\u00f3n: <strong>\u201cJuegos Ol\u00edmpicos y Paral\u00edmpicos: Par\u00eds 2024\u201d<\/strong>\u00a0<\/p>\r\n<p>\u2028\u2028<strong>Las estampillas<\/strong>. Las estampillas tienen un valor facial de $ 2.000 pesos colombianos, y est\u00e1n confeccionadas en policrom\u00eda, goma tropicalizada de 110 gr. y papel sopal.\u2028\u2028<a href=\"https:\/\/www.afitecol.com\/wp-content\/uploads\/2025\/05\/E1.png\"><br \/><\/a><a href=\"https:\/\/www.afitecol.com\/wp-content\/uploads\/2025\/05\/E6.png\"><img loading=\"lazy\" decoding=\"async\" class=\"alignleft  wp-image-18635\" src=\"https:\/\/www.afitecol.com\/wp-content\/uploads\/2025\/05\/E6.png\" alt=\"\" width=\"102\" height=\"104\" \/><\/a><a href=\"https:\/\/www.afitecol.com\/wp-content\/uploads\/2025\/05\/E7.png\"><img loading=\"lazy\" decoding=\"async\" class=\"alignleft  wp-image-18636\" src=\"https:\/\/www.afitecol.com\/wp-content\/uploads\/2025\/05\/E7.png\" alt=\"\" width=\"101\" height=\"98\" \/><\/a><a href=\"https:\/\/www.afitecol.com\/wp-content\/uploads\/2025\/05\/E8.png\"><img loading=\"lazy\" decoding=\"async\" class=\"alignleft  wp-image-18637\" src=\"https:\/\/www.afitecol.com\/wp-content\/uploads\/2025\/05\/E8.png\" alt=\"\" width=\"101\" height=\"99\" \/><\/a><a href=\"https:\/\/www.afitecol.com\/wp-content\/uploads\/2025\/05\/E7.png\"><img loading=\"lazy\" decoding=\"async\" class=\"alignleft  wp-image-18629\" src=\"https:\/\/www.afitecol.com\/wp-content\/uploads\/2025\/05\/E1.png\" alt=\"\" width=\"103\" height=\"106\" \/><\/a><\/p>\r\n<p><strong><a href=\"https:\/\/www.afitecol.com\/wp-content\/uploads\/2025\/05\/E2.png\"><img loading=\"lazy\" decoding=\"async\" class=\"alignleft  wp-image-18631\" src=\"https:\/\/www.afitecol.com\/wp-content\/uploads\/2025\/05\/E2.png\" alt=\"\" width=\"101\" height=\"98\" \/><\/a><a href=\"https:\/\/www.afitecol.com\/wp-content\/uploads\/2025\/05\/E3.png\"><img loading=\"lazy\" decoding=\"async\" class=\"alignleft  wp-image-18632\" src=\"https:\/\/www.afitecol.com\/wp-content\/uploads\/2025\/05\/E3.png\" alt=\"\" width=\"100\" height=\"99\" srcset=\"https:\/\/www.afitecol.com\/wp-content\/uploads\/2025\/05\/E3.png 190w, https:\/\/www.afitecol.com\/wp-content\/uploads\/2025\/05\/E3-150x150.png 150w\" sizes=\"(max-width: 100px) 85vw, 100px\" \/><\/a><a href=\"https:\/\/www.afitecol.com\/wp-content\/uploads\/2025\/05\/E4.png\"><img loading=\"lazy\" decoding=\"async\" class=\"alignleft  wp-image-18633\" src=\"https:\/\/www.afitecol.com\/wp-content\/uploads\/2025\/05\/E4.png\" alt=\"\" width=\"101\" height=\"99\" \/><\/a><\/strong><\/p>\r\n<p><a href=\"https:\/\/www.afitecol.com\/wp-content\/uploads\/2025\/05\/E5.png\"><img loading=\"lazy\" decoding=\"async\" class=\"alignleft  wp-image-18634\" src=\"https:\/\/www.afitecol.com\/wp-content\/uploads\/2025\/05\/E5.png\" alt=\"\" width=\"101\" height=\"101\" srcset=\"https:\/\/www.afitecol.com\/wp-content\/uploads\/2025\/05\/E5.png 191w, https:\/\/www.afitecol.com\/wp-content\/uploads\/2025\/05\/E5-150x150.png 150w\" sizes=\"(max-width: 101px) 85vw, 101px\" \/><\/a><\/p>\r\n<p>&nbsp;<\/p>\r\n<p>&nbsp;<\/p>\r\n<p>&nbsp;<\/p>\r\n<p><a href=\"https:\/\/www.afitecol.com\/wp-content\/uploads\/2025\/05\/E9.png\"><img loading=\"lazy\" decoding=\"async\" class=\"alignleft  wp-image-18638\" src=\"https:\/\/www.afitecol.com\/wp-content\/uploads\/2025\/05\/E9.png\" alt=\"\" width=\"102\" height=\"104\" \/><\/a><\/p>\r\n<p><a href=\"https:\/\/www.afitecol.com\/wp-content\/uploads\/2025\/05\/E12.png\"><img loading=\"lazy\" decoding=\"async\" class=\"alignleft  wp-image-18641\" src=\"https:\/\/www.afitecol.com\/wp-content\/uploads\/2025\/05\/E12.png\" alt=\"\" width=\"101\" height=\"97\" \/><\/a><a href=\"https:\/\/www.afitecol.com\/wp-content\/uploads\/2025\/05\/E11.png\"><img loading=\"lazy\" decoding=\"async\" class=\"alignleft  wp-image-18640\" src=\"https:\/\/www.afitecol.com\/wp-content\/uploads\/2025\/05\/E11.png\" alt=\"\" width=\"102\" height=\"100\" \/><\/a><a href=\"https:\/\/www.afitecol.com\/wp-content\/uploads\/2025\/05\/E10.png\"><img loading=\"lazy\" decoding=\"async\" class=\"alignleft  wp-image-18639\" src=\"https:\/\/www.afitecol.com\/wp-content\/uploads\/2025\/05\/E10.png\" alt=\"\" width=\"100\" height=\"98\" \/><\/a><\/p>\r\n<p>&nbsp;<\/p>\r\n<p>&nbsp;<\/p>\r\n<p>&nbsp;<\/p>\r\n<p>&nbsp;<\/p>\r\n<p><strong>El sobre primer d\u00eda<\/strong>. Los sobres de primer d\u00eda tienen 3 motivos. El primer d\u00eda de circulaci\u00f3n fue el 8 de abril de 2025 y fue matasellado en la ciudad de Bogot\u00e1, DC, Colombia.<\/p>\r\n<p><strong><a href=\"https:\/\/www.afitecol.com\/wp-content\/uploads\/2025\/05\/S1.png\"><img loading=\"lazy\" decoding=\"async\" class=\"alignleft  wp-image-18645\" src=\"https:\/\/www.afitecol.com\/wp-content\/uploads\/2025\/05\/S1.png\" alt=\"\" width=\"201\" height=\"103\" srcset=\"https:\/\/www.afitecol.com\/wp-content\/uploads\/2025\/05\/S1.png 803w, https:\/\/www.afitecol.com\/wp-content\/uploads\/2025\/05\/S1-300x154.png 300w, https:\/\/www.afitecol.com\/wp-content\/uploads\/2025\/05\/S1-768x395.png 768w\" sizes=\"(max-width: 201px) 85vw, 201px\" \/><\/a><\/strong><strong><a href=\"https:\/\/www.afitecol.com\/wp-content\/uploads\/2025\/05\/S2.png\"><img loading=\"lazy\" decoding=\"async\" class=\"alignleft  wp-image-18646\" src=\"https:\/\/www.afitecol.com\/wp-content\/uploads\/2025\/05\/S2.png\" alt=\"\" width=\"198\" height=\"100\" srcset=\"https:\/\/www.afitecol.com\/wp-content\/uploads\/2025\/05\/S2.png 793w, https:\/\/www.afitecol.com\/wp-content\/uploads\/2025\/05\/S2-300x152.png 300w, https:\/\/www.afitecol.com\/wp-content\/uploads\/2025\/05\/S2-768x389.png 768w\" sizes=\"(max-width: 198px) 85vw, 198px\" \/><\/a><a href=\"https:\/\/www.afitecol.com\/wp-content\/uploads\/2025\/05\/S3.png\"><img loading=\"lazy\" decoding=\"async\" class=\"alignleft  wp-image-18647\" src=\"https:\/\/www.afitecol.com\/wp-content\/uploads\/2025\/05\/S3-1024x519.png\" alt=\"\" width=\"201\" height=\"102\" srcset=\"https:\/\/www.afitecol.com\/wp-content\/uploads\/2025\/05\/S3-1024x519.png 1024w, https:\/\/www.afitecol.com\/wp-content\/uploads\/2025\/05\/S3-300x152.png 300w, https:\/\/www.afitecol.com\/wp-content\/uploads\/2025\/05\/S3-768x390.png 768w, https:\/\/www.afitecol.com\/wp-content\/uploads\/2025\/05\/S3.png 1171w\" sizes=\"(max-width: 201px) 85vw, 201px\" \/><\/a><\/strong><\/p>\r\n<p>&nbsp;<\/p>\r\n<p>&nbsp;<\/p>\r\n<p>&nbsp;<\/p>\r\n<p>&nbsp;<\/p>\r\n<p>&nbsp;<\/p>\r\n<p>&nbsp;<\/p>\r\n<p>&nbsp;<\/p>\r\n<p>&nbsp;<\/p>\r\n<p>&nbsp;<\/p>\r\n","protected":false},"excerpt":{"rendered":"<p>Los Juegos Ol\u00edmpicos de Par\u00eds 2024, se realizaron entre el 26 de julio y el 11 de agosto de 2024 y tuvieron como sede principal la ciudad de Par\u00eds, Francia, siendo la tercera vez que la ciudad de Par\u00eds alberga los Juegos Ol\u00edmpicos de Verano. Los anteriores Juegos se realizaron en 1900 y 1924, coincidiendo &hellip; <a href=\"https:\/\/www.afitecol.com\/?p=18603\" class=\"more-link\">Continuar leyendo<span class=\"screen-reader-text\"> \u00abEmisi\u00f3n postal: \u201cJuegos Ol\u00edmpicos y Paral\u00edmpicos: Par\u00eds 2024\u201d\u00bb<\/span><\/a><\/p>\n","protected":false},"author":2,"featured_media":0,"comment_status":"open","ping_status":"closed","sticky":false,"template":"","format":"standard","meta":{"footnotes":""},"categories":[5],"tags":[],"class_list":["post-18603","post","type-post","status-publish","format-standard","hentry","category-emisiones"],"_links":{"self":[{"href":"https:\/\/www.afitecol.com\/index.php?rest_route=\/wp\/v2\/posts\/18603"}],"collection":[{"href":"https:\/\/www.afitecol.com\/index.php?rest_route=\/wp\/v2\/posts"}],"about":[{"href":"https:\/\/www.afitecol.com\/index.php?rest_route=\/wp\/v2\/types\/post"}],"author":[{"embeddable":true,"href":"https:\/\/www.afitecol.com\/index.php?rest_route=\/wp\/v2\/users\/2"}],"replies":[{"embeddable":true,"href":"https:\/\/www.afitecol.com\/index.php?rest_route=%2Fwp%2Fv2%2Fcomments&post=18603"}],"version-history":[{"count":41,"href":"https:\/\/www.afitecol.com\/index.php?rest_route=\/wp\/v2\/posts\/18603\/revisions"}],"predecessor-version":[{"id":18673,"href":"https:\/\/www.afitecol.com\/index.php?rest_route=\/wp\/v2\/posts\/18603\/revisions\/18673"}],"wp:attachment":[{"href":"https:\/\/www.afitecol.com\/index.php?rest_route=%2Fwp%2Fv2%2Fmedia&parent=18603"}],"wp:term":[{"taxonomy":"category","embeddable":true,"href":"https:\/\/www.afitecol.com\/index.php?rest_route=%2Fwp%2Fv2%2Fcategories&post=18603"},{"taxonomy":"post_tag","embeddable":true,"href":"https:\/\/www.afitecol.com\/index.php?rest_route=%2Fwp%2Fv2%2Ftags&post=18603"}],"curies":[{"name":"wp","href":"https:\/\/api.w.org\/{rel}","templated":true}]}}