{"id":18601,"date":"2025-04-28T17:43:19","date_gmt":"2025-04-28T22:43:19","guid":{"rendered":"https:\/\/www.afitecol.com\/?p=18601"},"modified":"2025-04-28T17:57:24","modified_gmt":"2025-04-28T22:57:24","slug":"la-vida-del-papa-francisco-en-la-filatelia","status":"publish","type":"post","link":"https:\/\/www.afitecol.com\/?p=18601","title":{"rendered":"La vida del Papa Francisco en la Filatelia"},"content":{"rendered":"\r\n<p><a href=\"https:\/\/www.afitecol.com\/wp-content\/uploads\/2025\/04\/Abril162025.png\"><img loading=\"lazy\" decoding=\"async\" class=\"alignleft  wp-image-18606\" src=\"https:\/\/www.afitecol.com\/wp-content\/uploads\/2025\/04\/Abril162025.png\" alt=\"\" width=\"576\" height=\"455\" srcset=\"https:\/\/www.afitecol.com\/wp-content\/uploads\/2025\/04\/Abril162025.png 589w, https:\/\/www.afitecol.com\/wp-content\/uploads\/2025\/04\/Abril162025-300x237.png 300w\" sizes=\"(max-width: 576px) 85vw, 576px\" \/><\/a><br \/>El <strong>Papa Francisco<\/strong>, cuyo nombre de nacimiento fue <strong>Jorge Mario Bergoglio<\/strong>, antes de ser elegido Papa, se distingui\u00f3 de otros Papas por varias razones notables: <br \/>a: <strong>Origen<\/strong>: fue el el Primer Papa procedente de Argentina, en el hemisferio latinoamericano y el Primer Papa Jesuita.<br \/>b. <strong>Estilo de vida<\/strong>: fue conocido por su humildad y por estilo de vida sencillo. Su residencia fue la Casa de Hu\u00e9spedes de Santa Marta en lugar de los tradicionales apartamentos papales. \u00a0Prefiri\u00f3 un enfoque menos formal, a menudo interactuando directamente con la gente y utilizando un lenguaje accesible. Puso un fuerte \u00e9nfasis en la misericordia, la compasi\u00f3n y el acercamiento a los marginados. \u00a0 <br \/>c. <strong>Enfoque general<\/strong>: Fue un firme defensor de los pobres y la justicia social; hizo \u00e9nfasis en la importancia de abordar el cambio clim\u00e1tico, como se puede leer en la Enc\u00edclica \u00abLaudato si'\u00bb. Trabaj\u00f3 para promover el di\u00e1logo y la comprensi\u00f3n entre religiones, e hizo esfuerzos para hacer que la Iglesia Cat\u00f3lica sea m\u00e1s inclusiva. \u00a0 <br \/>d. <strong>Enfoque pastoral<\/strong>: Se enfoc\u00f3 en las necesidades pastorales de la gente, he intent\u00f3 hacer de la Iglesia un lugar de bienvenida para todos. \u00a0<\/p>\r\n<p>Estos factores contribuyeron a su gran popularidad y a su reputaci\u00f3n como un Papa profundamente preocupado por las necesidades del mundo, lo cual se ha observado en todas las manifestaciones con motivo de su deceso, el cual ocurri\u00f3 el 21 de abril del presente a\u00f1o, 2025. en <em>Domus Sanctae Marthae<\/em>, ciudad del Vaticano.<\/p>\r\n<p><strong>La Filatelia en la Vida del Papa Francisco<\/strong><\/p>\r\n<p>La vida del Papa Francisco fue conmemorada en la filatelia a trav\u00e9s de diversas emisiones postales, tanto por el Vaticano como por los pa\u00edses que visit\u00f3 durante sus 47 visitas apost\u00f3licas, a 66 pa\u00edses, de todos los continentes, durante sus 12 a\u00f1os de Pontificado.<\/p>\r\n<p>Estas emisiones sol\u00edan destacar momentos significativos de su pontificado, como la misericordia, la paz, el di\u00e1logo inter religioso y la preocupaci\u00f3n por los pobres y el medio ambiente. En resumen, la filatelia sirvi\u00f3 como un medio para documentar y celebrar la vida y el ministerio del Papa Francisco, destacando sus contribuciones a la Iglesia Cat\u00f3lica y al mundo, en general.<\/p>\r\n<p>Las emisiones postales mostraban im\u00e1genes del Papa durante su visita, as\u00ed como s\u00edmbolos y lugares relevantes del pa\u00eds anfitri\u00f3n. Un ejemplo de esto, fue la emisi\u00f3n postal <strong>\u00abPapa Francisco Visita Apost\u00f3lica Colombia 2017\u00bb<\/strong>, que fue dada a conocer por <strong>AFITECOL<\/strong>, los <strong>Amigos de la Filatelia Tem\u00e1tica en Colombia<\/strong>, en su respectiva fecha de la emisi\u00f3n postal.<\/p>\r\n<div id=\"primary\" class=\"content-area\"><main id=\"main\" class=\"site-main\">\r\n<article id=\"post-11335\" class=\"post-11335 post type-post status-publish format-standard hentry category-emisiones category-tematica-colombia\"><header class=\"entry-header\">\r\n<h1 class=\"entry-title\">Emisi\u00f3n postal: \u00abPapa Francisco Visita Apost\u00f3lica Colombia 2017\u00bb<\/h1>\r\n<\/header>\r\n<div class=\"entry-content\">\r\n<p><a href=\"https:\/\/www.afitecol.com\/wp-content\/uploads\/2017\/08\/PapaFrancisco1-782x1024.jpg\" target=\"_blank\" rel=\"noopener\"><img loading=\"lazy\" decoding=\"async\" class=\"alignnone size-large wp-image-11337\" title=\"PapaFrancisco1\" src=\"https:\/\/www.afitecol.com\/wp-content\/uploads\/2017\/08\/PapaFrancisco1-782x1024.jpg\" sizes=\"(max-width: 101px) 85vw, 101px\" srcset=\"https:\/\/www.afitecol.com\/wp-content\/uploads\/2017\/08\/PapaFrancisco1-782x1024.jpg 782w, https:\/\/www.afitecol.com\/wp-content\/uploads\/2017\/08\/PapaFrancisco1-229x300.jpg 229w, https:\/\/www.afitecol.com\/wp-content\/uploads\/2017\/08\/PapaFrancisco1.jpeg 1684w\" alt=\"PapaFrancisco1\" width=\"101\" height=\"133\" \/><\/a><a href=\"https:\/\/www.afitecol.com\/wp-content\/uploads\/2017\/08\/PapaFrancisco2-782x1024.jpg\" target=\"_blank\" rel=\"noopener\"><img loading=\"lazy\" decoding=\"async\" class=\"alignnone size-large wp-image-11338\" title=\"PapaFrancisco2\" src=\"https:\/\/www.afitecol.com\/wp-content\/uploads\/2017\/08\/PapaFrancisco2-782x1024.jpg\" sizes=\"(max-width: 101px) 85vw, 101px\" srcset=\"https:\/\/www.afitecol.com\/wp-content\/uploads\/2017\/08\/PapaFrancisco2-782x1024.jpg 782w, https:\/\/www.afitecol.com\/wp-content\/uploads\/2017\/08\/PapaFrancisco2-229x300.jpg 229w, https:\/\/www.afitecol.com\/wp-content\/uploads\/2017\/08\/PapaFrancisco2.jpeg 1684w\" alt=\"PapaFrancisco2\" width=\"101\" height=\"133\" \/><\/a>El <strong>Papa Francisco<\/strong> lleg\u00f3 a Colombia el \u00a06 de septiembre de 2017, y permaneci\u00f3 en nuestro territorio colombiano hasta el 11 de septiembre y visit\u00f3 las ciudades de Bogot\u00e1, Medell\u00edn, Cartagena y Villavicencio. Esta fue la tercera visita de un Papa a Colombia.<\/p>\r\n<p><strong>Emisi\u00f3n postal: \u201cPapa Francisco Visita Apost\u00f3lica Colombia 2017\u201d<\/strong><\/p>\r\n<p>El <strong>Papa Francisco<\/strong> nacido en Buenos Aires, Rep\u00fablica Argentina, cuyo nombre secular fue\u00a0<strong>Jorge Mario Bergogli<\/strong>o, fue el Papa n\u00famero 266 de la Iglesia Cat\u00f3lica.<\/p>\r\n<p>Ante la renuncia del Papa Benedicto XVI, el 13 de marzo de 2013, el c\u00f3nclave eligi\u00f3 como Papa a Jorge Mario Bergoglio, quien manifest\u00f3 su voluntad de ser conocido como <strong>Francisco<\/strong>, <em><strong>Franciscus<\/strong><\/em>, en honor a San Francisco de As\u00eds.<\/p>\r\n<p>El <strong>Papa Francisco<\/strong> fue conocido por su humildad, por su afecto a la opci\u00f3n preferencial por los pobres, y su compromiso de di\u00e1logo con personas de diferentes or\u00edgenes y credos.<\/p>\r\n<p>El <strong>Papa Francisco<\/strong> mostr\u00f3 varias caracter\u00edsticas particulares: fue el primer pont\u00edfice originario de Am\u00e9rica; fue el primer Papa Jesuita, y fue el primer Papa no europeo desde el Papa Gregorio III, el Papa n\u00famero 90, procedente de Siria y quien falleci\u00f3 en el a\u00f1o 741.<\/p>\r\n<p>El <strong>Papa Francisco<\/strong> visit\u00f3 las siguientes ciudades colombianas, cada una de las cuales tuvo su propio significado:\u00a0<strong>Bogot\u00e1<\/strong>: Artesanos de paz y promotores de vida;\u00a0<strong>Medell\u00edn<\/strong>: La vida cristiana como discipulado;\u00a0<strong>Cartagena<\/strong>: Dignidad de la persona y derechos humanos y\u00a0<strong>Villavicencio<\/strong>: Reconcili\u00e9monos en Dios, con los colombianos y la naturaleza<\/p>\r\n<p>Como un recordatorio de la visita del Papa Francisco a Colombia, entre muchas de las actividades programadas, el Gobierno de Colombia por intermedio del Ministerio de Tecnolog\u00edas de la Informaci\u00f3n y las Comunicaciones autoriz\u00f3 la Emisi\u00f3n postal <strong>\u201cPapa Francisco Visita Apost\u00f3lica Colombia 2017\u201d<\/strong>, mediante la Resoluci\u00f3n N\u00ba 1495 del 16 de junio de 2017.<\/p>\r\n<p><strong>El acto protocolario.<\/strong> El Acto Protocolario de lanzamiento de la emisi\u00f3n postal <strong>\u201cPapa Francisco Visita Apost\u00f3lica Colombia 2017\u201d<\/strong> tuvo lugar el 28 de agosto de 2017, en la Casa de Nari\u00f1o, sede del gobierno colombiano, en la ciudad de Bogot\u00e1, D.C., con la presencia del Presidente de la Rep\u00fablica, altos dignatarios de la Iglesia colombiana y del gobierno y de invitados especiales.<\/p>\r\n<p><strong>La emisi\u00f3n<\/strong>. La emisi\u00f3n postal: <strong>\u201cPapa Francisco Visita Apost\u00f3lica Colombia 2017\u201d<\/strong>const\u00f3 de 20.500 hojas filat\u00e9licas, para un total de 49.000 estampillas. La emisi\u00f3n postal contuvo adem\u00e1s, la carpeta, el sobre de primer d\u00eda y un bolet\u00edn informativo.<\/p>\r\n<p><strong>Hojas filat\u00e9licas<\/strong>. La emisi\u00f3n postal <strong>\u201cPapa Francisco Visita Apost\u00f3lica Colombia 2017<\/strong>\u201d, const\u00f3 de dos tipos de hojas filat\u00e9licas.<\/p>\r\n<p><strong><a href=\"https:\/\/www.afitecol.com\/wp-content\/uploads\/2017\/08\/PapaFrancisco3.jpeg\" target=\"_blank\" rel=\"noopener\"><img loading=\"lazy\" decoding=\"async\" class=\"alignnone size-full wp-image-11340\" title=\"PapaFrancisco3\" src=\"https:\/\/www.afitecol.com\/wp-content\/uploads\/2017\/08\/PapaFrancisco3.jpeg\" sizes=\"(max-width: 57px) 85vw, 57px\" srcset=\"https:\/\/www.afitecol.com\/wp-content\/uploads\/2017\/08\/PapaFrancisco3.jpeg 730w, https:\/\/www.afitecol.com\/wp-content\/uploads\/2017\/08\/PapaFrancisco3-227x300.jpg 227w\" alt=\"PapaFrancisco3\" width=\"57\" height=\"75\" \/><\/a>Hoja filat\u00e9lica N\u00ba 1<\/strong>. La hoja filat\u00e9lica N\u00ba 1, numerada, de 90 x 120 mm., llev\u00f3 en la parte superior la leyenda <em>Fransciscus<\/em> Visita Apost\u00f3lica Colombia 2017, Bogot\u00e1, Medell\u00edn, Cartagena, Villavicencio, y contuvo 4 estampillas.<\/p>\r\n<p><strong><a href=\"https:\/\/www.afitecol.com\/wp-content\/uploads\/2017\/08\/PapaFrancisco6.jpeg\" target=\"_blank\" rel=\"noopener\"><img loading=\"lazy\" decoding=\"async\" class=\"alignnone size-full wp-image-11341\" title=\"PapaFrancisco6\" src=\"https:\/\/www.afitecol.com\/wp-content\/uploads\/2017\/08\/PapaFrancisco6.jpeg\" sizes=\"(max-width: 64px) 85vw, 64px\" srcset=\"https:\/\/www.afitecol.com\/wp-content\/uploads\/2017\/08\/PapaFrancisco6.jpeg 823w, https:\/\/www.afitecol.com\/wp-content\/uploads\/2017\/08\/PapaFrancisco6-257x300.jpg 257w\" alt=\"PapaFrancisco6\" width=\"64\" height=\"75\" \/><\/a>Hoja filat\u00e9lica N\u00ba 2<\/strong>. La hoja filat\u00e9lica N\u00ba 2, numerada, de 100 x 120 mm., llev\u00f3 en la parte inferior la leyenda <em>Franciscus<\/em> Visita Apost\u00f3lica Bogot\u00e1, Medell\u00edn, Cartagena, Villavicencio, y contiene 1 estampilla.<\/p>\r\n<p><strong>Las estampillas<\/strong>. Las estampillas mostraban la imagen del Papa Francisco. Las estampillas est\u00e1n confeccionadas en policrom\u00eda, m\u00e1s una tinta especial fluorescente invisible, m\u00e1s tintas oro y plata, en papel Truwhite y goma PVA.<\/p>\r\n<p><strong><a href=\"https:\/\/www.afitecol.com\/wp-content\/uploads\/2017\/08\/PapaFrancisco4.jpeg\" target=\"_blank\" rel=\"noopener\"><img loading=\"lazy\" decoding=\"async\" class=\"alignnone size-full wp-image-11342\" title=\"PapaFrancisco4\" src=\"https:\/\/www.afitecol.com\/wp-content\/uploads\/2017\/08\/PapaFrancisco4.jpeg\" sizes=\"(max-width: 72px) 85vw, 72px\" srcset=\"https:\/\/www.afitecol.com\/wp-content\/uploads\/2017\/08\/PapaFrancisco4.jpeg 334w, https:\/\/www.afitecol.com\/wp-content\/uploads\/2017\/08\/PapaFrancisco4-300x242.jpg 300w\" alt=\"PapaFrancisco4\" width=\"72\" height=\"58\" \/><\/a>Las estampillas de la hoja filat\u00e9lica N\u00ba 1<\/strong>, en tama\u00f1o de 40 x 30 mm. tienen un valor facial de $ 5.000.<\/p>\r\n<p><strong><a href=\"https:\/\/www.afitecol.com\/wp-content\/uploads\/2017\/08\/PapaFrancisco7.jpeg\" target=\"_blank\" rel=\"noopener\"><img loading=\"lazy\" decoding=\"async\" class=\"alignnone size-full wp-image-11343\" title=\"PapaFrancisco7\" src=\"https:\/\/www.afitecol.com\/wp-content\/uploads\/2017\/08\/PapaFrancisco7.jpeg\" sizes=\"(max-width: 58px) 85vw, 58px\" srcset=\"https:\/\/www.afitecol.com\/wp-content\/uploads\/2017\/08\/PapaFrancisco7.jpeg 267w, https:\/\/www.afitecol.com\/wp-content\/uploads\/2017\/08\/PapaFrancisco7-230x300.jpg 230w\" alt=\"PapaFrancisco7\" width=\"58\" height=\"75\" \/><\/a>La estampilla de la hoja filat\u00e9lica N\u00ba 2<\/strong>, en tama\u00f1o de 30 x 40 mm, tiene un valor facial de $ 10.000.<\/p>\r\n<p>El dise\u00f1o estuvo a cargo de Diego Fernando Robayo.<\/p>\r\n<p><strong><a href=\"https:\/\/www.afitecol.com\/wp-content\/uploads\/2017\/08\/PapaFrancisco5-1024x542.jpg\" target=\"_blank\" rel=\"noopener\"><img loading=\"lazy\" decoding=\"async\" class=\"alignnone size-large wp-image-11344\" title=\"PapaFrancisco5\" src=\"https:\/\/www.afitecol.com\/wp-content\/uploads\/2017\/08\/PapaFrancisco5-1024x542.jpg\" sizes=\"(max-width: 133px) 85vw, 133px\" srcset=\"https:\/\/www.afitecol.com\/wp-content\/uploads\/2017\/08\/PapaFrancisco5-1024x542.jpg 1024w, https:\/\/www.afitecol.com\/wp-content\/uploads\/2017\/08\/PapaFrancisco5-300x158.jpg 300w, https:\/\/www.afitecol.com\/wp-content\/uploads\/2017\/08\/PapaFrancisco5.jpeg 1314w\" alt=\"PapaFrancisco5\" width=\"133\" height=\"70\" \/><\/a>El sobre de primer d\u00eda<\/strong>. Se imprimieron 900 sobres numerados de primer d\u00eda. El primer d\u00eda de circulaci\u00f3n fue el 30 de agosto de 2017 y fue matasellado en la ciudad de Bogot\u00e1, D.C., Colombia.<\/p>\r\n<\/div>\r\n<\/article>\r\n<div id=\"comments\" class=\"comments-area\">\r\n<p>&nbsp;<\/p>\r\n<\/div>\r\n<\/main><\/div>\r\n","protected":false},"excerpt":{"rendered":"<p>El Papa Francisco, cuyo nombre de nacimiento fue Jorge Mario Bergoglio, antes de ser elegido Papa, se distingui\u00f3 de otros Papas por varias razones notables: a: Origen: fue el el Primer Papa procedente de Argentina, en el hemisferio latinoamericano y el Primer Papa Jesuita.b. Estilo de vida: fue conocido por su humildad y por estilo &hellip; <a href=\"https:\/\/www.afitecol.com\/?p=18601\" class=\"more-link\">Continuar leyendo<span class=\"screen-reader-text\"> \u00abLa vida del Papa Francisco en la Filatelia\u00bb<\/span><\/a><\/p>\n","protected":false},"author":2,"featured_media":0,"comment_status":"open","ping_status":"closed","sticky":false,"template":"","format":"standard","meta":{"footnotes":""},"categories":[6],"tags":[],"class_list":["post-18601","post","type-post","status-publish","format-standard","hentry","category-articulos"],"_links":{"self":[{"href":"https:\/\/www.afitecol.com\/index.php?rest_route=\/wp\/v2\/posts\/18601"}],"collection":[{"href":"https:\/\/www.afitecol.com\/index.php?rest_route=\/wp\/v2\/posts"}],"about":[{"href":"https:\/\/www.afitecol.com\/index.php?rest_route=\/wp\/v2\/types\/post"}],"author":[{"embeddable":true,"href":"https:\/\/www.afitecol.com\/index.php?rest_route=\/wp\/v2\/users\/2"}],"replies":[{"embeddable":true,"href":"https:\/\/www.afitecol.com\/index.php?rest_route=%2Fwp%2Fv2%2Fcomments&post=18601"}],"version-history":[{"count":7,"href":"https:\/\/www.afitecol.com\/index.php?rest_route=\/wp\/v2\/posts\/18601\/revisions"}],"predecessor-version":[{"id":18610,"href":"https:\/\/www.afitecol.com\/index.php?rest_route=\/wp\/v2\/posts\/18601\/revisions\/18610"}],"wp:attachment":[{"href":"https:\/\/www.afitecol.com\/index.php?rest_route=%2Fwp%2Fv2%2Fmedia&parent=18601"}],"wp:term":[{"taxonomy":"category","embeddable":true,"href":"https:\/\/www.afitecol.com\/index.php?rest_route=%2Fwp%2Fv2%2Fcategories&post=18601"},{"taxonomy":"post_tag","embeddable":true,"href":"https:\/\/www.afitecol.com\/index.php?rest_route=%2Fwp%2Fv2%2Ftags&post=18601"}],"curies":[{"name":"wp","href":"https:\/\/api.w.org\/{rel}","templated":true}]}}