{"id":18521,"date":"2025-06-12T16:20:51","date_gmt":"2025-06-12T21:20:51","guid":{"rendered":"https:\/\/www.afitecol.com\/?p=18521"},"modified":"2025-06-12T16:20:51","modified_gmt":"2025-06-12T21:20:51","slug":"emision-postal-departamentos-de-colombia-boyaca","status":"publish","type":"post","link":"https:\/\/www.afitecol.com\/?p=18521","title":{"rendered":"Emisi\u00f3n postal: \u00abDepartamentos de Colombia: Boyac\u00e1\u00bb"},"content":{"rendered":"\r\n<p>El Gobierno de Colombia por intermedio del Ministerio de Comunicaciones autoriz\u00f3 la emisi\u00f3n postal\u00a0<strong>\u201cDepartamentos de Colombia: Boyac\u00e1\u201d<\/strong>, dentro de la Serie Departamentos de Colombia.<br \/><br \/><strong>El acto protocolario<\/strong>. El acto protocolario de lanzamiento de la emisi\u00f3n postal\u00a0<strong>\u201cDepartamentos de Colombia: Boyac\u00e1\u201d<\/strong>\u00a0tuvo lugar en la ciudad de Tunja, capital del departamento de Boyac\u00e1.<br \/><br \/><strong>La emisi\u00f3n<\/strong>. La emisi\u00f3n postal\u00a0<strong>\u201cDepartamentos de Colombia: Boyac\u00e1\u201d<\/strong>, contiene la carpeta, la hoja bloque, el bolet\u00edn informativo y los sobres de primer d\u00eda<\/p>\r\n<p><strong><a href=\"https:\/\/www.afitecol.com\/wp-content\/uploads\/2025\/05\/Boyaca.png\"><img loading=\"lazy\" decoding=\"async\" class=\"alignleft  wp-image-18768\" src=\"https:\/\/www.afitecol.com\/wp-content\/uploads\/2025\/05\/Boyaca-839x1024.png\" alt=\"\" width=\"199\" height=\"243\" srcset=\"https:\/\/www.afitecol.com\/wp-content\/uploads\/2025\/05\/Boyaca-839x1024.png 839w, https:\/\/www.afitecol.com\/wp-content\/uploads\/2025\/05\/Boyaca-246x300.png 246w, https:\/\/www.afitecol.com\/wp-content\/uploads\/2025\/05\/Boyaca-768x938.png 768w, https:\/\/www.afitecol.com\/wp-content\/uploads\/2025\/05\/Boyaca.png 960w\" sizes=\"(max-width: 199px) 85vw, 199px\" \/><\/a>La hoja bloque<\/strong>. La hoja bloque, en tama\u00f1o de 16 x 20 cm., contiene 12 estampillas, adornada con bandeletas. En la parte superior aparece el t\u00edtulo de la emisi\u00f3n: \u00ab<strong>Departamentos de Colombia: Boyac\u00e1<\/strong>\u00ab.<br \/><br \/><strong>Las estampillas<\/strong>. Las estampillas tienen un valor facial de $ 2.000 pesos colombianos, y est\u00e1n confeccionadas en policrom\u00eda, goma tropicalizada y papel sopal.<br \/><br \/><strong>Las Estampillas laterales<\/strong>. Las estampillas laterales, en tama\u00f1o de 30 x 40 mm, tienen los siguientes motivos:\u00a0<\/p>\r\n<ol>\r\n<li><a href=\"https:\/\/www.afitecol.com\/wp-content\/uploads\/2025\/04\/Boyaca2.png\"><img loading=\"lazy\" decoding=\"async\" class=\"alignleft  wp-image-18587\" src=\"https:\/\/www.afitecol.com\/wp-content\/uploads\/2025\/04\/Boyaca2.png\" alt=\"\" width=\"120\" height=\"100\" srcset=\"https:\/\/www.afitecol.com\/wp-content\/uploads\/2025\/04\/Boyaca2.png 472w, https:\/\/www.afitecol.com\/wp-content\/uploads\/2025\/04\/Boyaca2-300x249.png 300w\" sizes=\"(max-width: 120px) 85vw, 120px\" \/><\/a><strong><strong>1. Tunja Plaza de Bol\u00edvar.\u00a0<\/strong><\/strong>En este lugar tambi\u00e9n se encontraba la famosa Pila del Mono, la cual permaneci\u00f3 durante 300 a\u00f1os en la Plaza de Bol\u00edvar. Se menciona que era una pila com\u00fan y corriente donde las mujeres ven\u00edan a recoger agua que tra\u00edan por zanjas de las veredas Var\u00f3n Germania y Tras del Alto. En 1891, cuando inauguraron la estatua de Sim\u00f3n Bol\u00edvar, trasladaron el Mono de la Pila a una plazoleta en el centro de Tunja. Pero debido al mal estado de la original, en 1915 se hizo una r\u00e9plica a cargo del maestro Isidro \u00c1lvarez, que es la que est\u00e1 actualmente en ese lugar.\r\n<p>La primera estatua del libertador Sim\u00f3n Bol\u00edvar fue una escultura pedestre, realizada por el escultor franc\u00e9s Antoine Desprey, \u00a0fue instalada el 20 de julio de 1884 en el Parque Pinz\u00f3n y luego trasladada en 1891 a la plaza Bol\u00edvar, donde permaneci\u00f3 hasta el 20 de julio de 1934, cuando fue llevada al puente de Boyac\u00e1. Desde 1940 hasta la actualidad, permanece en el batall\u00f3n Bol\u00edvar de Tunja.<\/p>\r\n<p>En su lugar, se erigi\u00f3 una estatua ecuestre de Bol\u00edvar montado en su caballo \u00b4Muchacho\u00b4. Esta obra fue dise\u00f1ada por la marmoler\u00eda Tito Ricci en 1930. La escultura en bronce fue realizada por el artista italiano Giovanni Anderlini y fundida por su colega Eugenio Maccagnani en 1934.<\/p>\r\n<p>En 1959, la Plaza Bol\u00edvar fue declarada bien de inter\u00e9s cultural de la naci\u00f3n. En 1974, fue restaurada; se recubri\u00f3 la piedra con m\u00e1rmol y se cambi\u00f3 el jard\u00edn por el c\u00e9lebre cenicero.<\/p>\r\n<a href=\"https:\/\/www.afitecol.com\/wp-content\/uploads\/2025\/04\/Boyaca3.png\"><img loading=\"lazy\" decoding=\"async\" class=\"alignleft  wp-image-18588\" src=\"https:\/\/www.afitecol.com\/wp-content\/uploads\/2025\/04\/Boyaca3.png\" alt=\"\" width=\"127\" height=\"105\" srcset=\"https:\/\/www.afitecol.com\/wp-content\/uploads\/2025\/04\/Boyaca3.png 472w, https:\/\/www.afitecol.com\/wp-content\/uploads\/2025\/04\/Boyaca3-300x249.png 300w\" sizes=\"(max-width: 127px) 85vw, 127px\" \/><\/a><strong>2. Campo de Boyac\u00e1. \u00a0Monumento a Bol\u00edvar<\/strong>. \u00a0Situado en la zona sur sobre una colina, est\u00e1 la estatua de\u00a0<b>Bol\u00edvar<\/b>\u00a0con la bandera de Colombia sobre su pecho, sobre un pedestal sostenido por cinco mujeres haciendo alegor\u00eda a las cinco naciones libertadas por el pr\u00f3cer: Colombia, Venezuela, Per\u00fa, Ecuador y Bolivia. \u00a0En la base de cada una el escudo de cada pa\u00eds. La\u00a0escultura fue hecha por Ferdinand von Miller en M\u00fcnich Alemania en 1830; \u00a0en la base de cada una el escudo de cada pa\u00eds. En la parte inferior Cl\u00edo musa de la historia, cerrando el conjunto 4 \u00e1ngeles anunciando a los 4 puntos cardinales la batalla del Puente de Boyac\u00e1 y la gesta libertadora.<\/li>\r\n<li>\u00a0<\/li>\r\n<li><a href=\"https:\/\/www.afitecol.com\/wp-content\/uploads\/2025\/04\/Boyaca4.png\"><img loading=\"lazy\" decoding=\"async\" class=\"alignleft  wp-image-18589\" src=\"https:\/\/www.afitecol.com\/wp-content\/uploads\/2025\/04\/Boyaca4.png\" alt=\"\" width=\"120\" height=\"99\" srcset=\"https:\/\/www.afitecol.com\/wp-content\/uploads\/2025\/04\/Boyaca4.png 472w, https:\/\/www.afitecol.com\/wp-content\/uploads\/2025\/04\/Boyaca4-300x249.png 300w\" sizes=\"(max-width: 120px) 85vw, 120px\" \/><\/a>3. . <strong><strong>Duitama. Plaza de los Libertadores.\u00a0<\/strong><\/strong>Uno de los lugares m\u00e1s transitados de Duitama es este parque, situado en el centro de la ciudad. En ella se encuentra la Administraci\u00f3n Municipal y a su alrededor funcionan gran cantidad de entidades bancarias y establecimientos comerciales.\r\n<p class=\"font_8 wixui-rich-text__text\"><span class=\"wixui-rich-text__text\">Uno de los lugares m\u00e1s transitados de Duitama es este parque, situado en el centro de la ciudad. En ella se encuentra la Administraci\u00f3n Municipal y a su alrededor funcionan gran cantidad de entidades bancarias y establecimientos comerciales.<\/span><\/p>\r\n<p class=\"font_8 wixui-rich-text__text\"><span class=\"wixui-rich-text__text\">En la parte superior del parque se encuentra la Iglesia Catedral y la estatua del Libertador Sim\u00f3n Bol\u00edvar; mientras que en el centro de este lugar se localiza unos de los s\u00edmbolos de la ciudad: el \u00e1rbol de la Cedrela.<\/span><\/p>\r\n4. <strong><strong>Si<a href=\"https:\/\/www.afitecol.com\/wp-content\/uploads\/2025\/04\/Boyaca2.png\"><img loading=\"lazy\" decoding=\"async\" class=\"alignleft  wp-image-18587\" src=\"https:\/\/www.afitecol.com\/wp-content\/uploads\/2025\/04\/Boyaca2.png\" alt=\"\" width=\"120\" height=\"100\" srcset=\"https:\/\/www.afitecol.com\/wp-content\/uploads\/2025\/04\/Boyaca2.png 472w, https:\/\/www.afitecol.com\/wp-content\/uploads\/2025\/04\/Boyaca2-300x249.png 300w\" sizes=\"(max-width: 120px) 85vw, 120px\" \/><\/a>erra Nevada del Cocuy.\u00a0<\/strong><\/strong>La Sierra Nevada del Cocuy es un \u00e1rea protegida de 306 mil km2 en el que brotan 23 picos nevados, con alrededores pintados por cascadas, lagunas, vegetaci\u00f3n propia de p\u00e1ramo, como el frailej\u00f3n y algunas especies de fauna, entre ellas la danta, el oso de anteojos, el c\u00f3ndor andino, el \u00e1guila y el venado de p\u00e1ramo.\u00a0Es posible llegar caminando a muchos de los esplendorosos lugares que forman la sierra, siempre y cuando el recorrido se haga al lado de gu\u00edas experimentados que operan en el lugar.<\/li>\r\n<li>\u00a0<\/li>\r\n<li><a href=\"https:\/\/www.afitecol.com\/wp-content\/uploads\/2025\/04\/Boyac6.png\"><img loading=\"lazy\" decoding=\"async\" class=\"alignleft  wp-image-18578\" src=\"https:\/\/www.afitecol.com\/wp-content\/uploads\/2025\/04\/Boyac6.png\" alt=\"\" width=\"121\" height=\"100\" srcset=\"https:\/\/www.afitecol.com\/wp-content\/uploads\/2025\/04\/Boyac6.png 472w, https:\/\/www.afitecol.com\/wp-content\/uploads\/2025\/04\/Boyac6-300x249.png 300w\" sizes=\"(max-width: 121px) 85vw, 121px\" \/><\/a>5.\u00a0<strong>Campo de Boyac\u00e1. Comisi\u00f3n Corogr\u00e1fica.<\/strong>\u00a0La\u00a0comisi\u00f3n Corogr\u00e1fica\u00a0fue un proyecto cient\u00edfico interdisciplinario impulsado por el presidente Tom\u00e1s Cipriano de Mosquera (1798-1878) que ten\u00eda como objetivo el levantamiento de la carta general de la Nueva Granada y de una serie de mapas\u00a0<span tabindex=\"0\" role=\"tooltip\"><span class=\"c5aZPb\" tabindex=\"0\" role=\"button\" data-enable-toggle-animation=\"true\" data-extra-container-classes=\"ZLo7Eb\" data-hover-hide-delay=\"1000\" data-hover-open-delay=\"500\" data-send-open-event=\"true\" data-theme=\"0\" data-width=\"250\" data-ved=\"2ahUKEwjdhZnrn8aMAxVpmbAFHT5KPWgQmpgGegQIGxAD\"><span class=\"JPfdse\" data-bubble-link=\"\" data-segment-text=\"corogr\u00e1ficos\">corogr\u00e1ficos<\/span><\/span><\/span>\u00a0de las regiones. \u00a0 Fue una iniciativa que permiti\u00f3 a Colombia conocerse como pa\u00eds, a partir del trabajo consistente en cartografiar el territorio. La Comisi\u00f3n Corogr\u00e1ficafue la empresa cient\u00edfica m\u00e1s importante que se llev\u00f3 a cabo en la Colombia del siglo XIX. Fue un trabajo interdisciplinario y sistem\u00e1tico que se propuso dar a conocer las semejanzas, diferencias y posibilidades de un pa\u00eds que hasta ese momento era desconocido.<\/li>\r\n<li><a href=\"https:\/\/www.afitecol.com\/wp-content\/uploads\/2025\/04\/Boyac7.png\"><img loading=\"lazy\" decoding=\"async\" class=\"alignleft  wp-image-18579\" src=\"https:\/\/www.afitecol.com\/wp-content\/uploads\/2025\/04\/Boyac7.png\" alt=\"\" width=\"120\" height=\"99\" srcset=\"https:\/\/www.afitecol.com\/wp-content\/uploads\/2025\/04\/Boyac7.png 472w, https:\/\/www.afitecol.com\/wp-content\/uploads\/2025\/04\/Boyac7-300x249.png 300w\" sizes=\"(max-width: 120px) 85vw, 120px\" \/><\/a>6. <strong>Garagoa. Panor\u00e1mica<\/strong>. El municipio de Garagoa, ubicado \u00a0espec\u00edficamente en la provincia de Neira, le da un papel importante en la conexi\u00f3n entre varias poblaciones del oriente boyacense.\u00a0Su importancia radica en varios aspectos hist\u00f3ricos, geogr\u00e1ficos, culturales y econ\u00f3micos: Est\u00e1 situado en una zona monta\u00f1osa de la cordillera Oriental de los Andes, lo cual le da un papel importante en la conexi\u00f3n entre varias poblaciones del oriente boyacense. Adem\u00e1s, sirve como punto de paso hacia regiones del piedemonte llanero.<b> <\/b>Garagoa se destaca como uno de los principales centros agr\u00edcolas del oriente de Boyac\u00e1. Sus tierras f\u00e9rtiles permiten el cultivo de productos como: caf\u00e9, pl\u00e1tano. frutas tropicales, ca\u00f1a de az\u00facar, ma\u00edz \u00a0otros productos de pancoger. Tambi\u00e9n tiene ganader\u00eda y producci\u00f3n de panela, lo que impulsa la econom\u00eda local.\u00a0\r\n<p data-start=\"886\" data-end=\"1100\">Garagoa es parte de la cuenca del r\u00edo Garagoa, que alimenta el embalse La Esmeralda, una fuente clave de energ\u00eda hidroel\u00e9ctrica y abastecimiento de agua en la regi\u00f3n. Esto tambi\u00e9n le da valor ambiental y ecol\u00f3gico.\u00a0<\/p>\r\n<a href=\"https:\/\/www.afitecol.com\/wp-content\/uploads\/2025\/04\/Boyac8.png\"><img loading=\"lazy\" decoding=\"async\" class=\"alignleft  wp-image-18580\" src=\"https:\/\/www.afitecol.com\/wp-content\/uploads\/2025\/04\/Boyac8.png\" alt=\"\" width=\"132\" height=\"109\" srcset=\"https:\/\/www.afitecol.com\/wp-content\/uploads\/2025\/04\/Boyac8.png 472w, https:\/\/www.afitecol.com\/wp-content\/uploads\/2025\/04\/Boyac8-300x249.png 300w\" sizes=\"(max-width: 132px) 85vw, 132px\" \/><\/a>7. <strong>Villa de Leyva Plaza Mayor.<\/strong>\u00a0Empedrada y rodeada de arquitectura colonial bien conservadas,\u00a0entro de eventos culturales, mercados y festividades. Villa de Leyva. \u00a0Un pueblo colonial ubicado en el departamento de <strong>Boyac\u00e1, Colombia<\/strong>, incluye su <strong>valor hist\u00f3rico, belleza arquitect\u00f3nica y riqueza natural<\/strong>. Villa de Leyva cuenta con una de las plazas m\u00e1s grandes de Am\u00e9rica Latina, est\u00e1 empedrada y rodeada de arquitectura colonial, bien conservada. \u00a0\r\n<p>Arquitectura Colonial, casas blancas, techos de teja y calles empedradas. Conservaci\u00f3n rigurosa del estilo colonial desde su fundaci\u00f3n en <strong>1572<\/strong>. Ideal para fotograf\u00eda y turismo hist\u00f3rico.\u00a0En Villa de\u00a0Leyva se realizan varios Eventos y Festivales, como el Festival de Luces en diciembre. el festival de Cometas en agosto, el Festival Astron\u00f3mico, por su cielo despejados, Ferias de Artesan\u00edas, gastronom\u00eda t\u00edpica y vino, adem\u00e1s de la cultura locat\u00edpica como la <strong>longaniza<\/strong>, el <strong>aj\u00ed<\/strong> boyacense y las <strong>arepas de ma\u00edz pelao<\/strong>.<\/p>\r\n<ul>\r\n<li><a href=\"https:\/\/www.afitecol.com\/wp-content\/uploads\/2025\/04\/Boyac9.png\"><img loading=\"lazy\" decoding=\"async\" class=\"alignleft  wp-image-18581\" src=\"https:\/\/www.afitecol.com\/wp-content\/uploads\/2025\/04\/Boyac9.png\" alt=\"\" width=\"126\" height=\"104\" srcset=\"https:\/\/www.afitecol.com\/wp-content\/uploads\/2025\/04\/Boyac9.png 472w, https:\/\/www.afitecol.com\/wp-content\/uploads\/2025\/04\/Boyac9-300x249.png 300w\" sizes=\"(max-width: 126px) 85vw, 126px\" \/><\/a><strong><strong>8. Paipa y la Hacienda el Salitre.<\/strong><\/strong>est\u00e1n ubicada en el <strong data-start=\"454\" data-end=\"480\">departamento de Boyac\u00e1<\/strong>, cerca de la ruta que conecta los Llanos Orientales con <strong data-start=\"537\" data-end=\"546\">Tunja<\/strong>y <strong data-start=\"549\" data-end=\"559\">Bogot\u00e1<\/strong>.\u00a0Era un <strong data-start=\"570\" data-end=\"591\">punto estrat\u00e9gico<\/strong> para el paso de tropas y descanso antes de los combates definitivos.\u00a0Fueron importantes durante la <strong data-start=\"69\" data-end=\"110\">\u00e9poca de la Independencia de Colombia<\/strong> por razones <strong data-start=\"123\" data-end=\"163\">estrat\u00e9gicas, militares y log\u00edsticas<\/strong>. Aunque no fueron escenarios de grandes batallas, s\u00ed jugaron un papel clave en el contexto de la <strong data-start=\"261\" data-end=\"292\">Campa\u00f1a Libertadora de 1819<\/strong>, que culmin\u00f3 con la independencia definitiva.\u00a0<strong data-start=\"753\" data-end=\"770\">Sim\u00f3n Bol\u00edvar<\/strong> se hosped\u00f3 en la <strong data-start=\"788\" data-end=\"811\">Hacienda El Salitre<\/strong> en <strong data-start=\"815\" data-end=\"823\">1819<\/strong>, durante su marcha hacia Tunja y luego al <strong data-start=\"866\" data-end=\"886\">Puente de Boyac\u00e1<\/strong>.\u00a0Fue un <strong data-start=\"897\" data-end=\"948\">lugar de descanso, planificaci\u00f3n y reagrupaci\u00f3n<\/strong> para los ej\u00e9rcitos patriotas. durante su marcha hacia Tunja y luego al <strong data-start=\"866\" data-end=\"886\">Puente de Boyac\u00e1<\/strong>. Hoy la Hacienda el Salitre es un Monumento Nacional, conservado como sitio hist\u00f3rico por su relucen directa con Sim\u00f3n Bolivar y la Independencia de Colombia<\/li>\r\n<\/ul>\r\n<\/li>\r\n<\/ol>\r\n<p><strong>Las Estampillas centrales<\/strong>. Las estampillas centrales, en tama\u00f1o de 50 x 40 mm, tienen los siguientes motivos:<\/p>\r\n<p><strong>1.Her\u00e1ldica. \u00a0\u00a0<\/strong><\/p>\r\n<div>\r\n<p data-start=\"786\" data-end=\"974\"><a href=\"https:\/\/www.afitecol.com\/wp-content\/uploads\/2025\/04\/Boyac10.png\"><img loading=\"lazy\" decoding=\"async\" class=\"alignleft  wp-image-18582\" src=\"https:\/\/www.afitecol.com\/wp-content\/uploads\/2025\/04\/Boyac10.png\" alt=\"\" width=\"110\" height=\"174\" srcset=\"https:\/\/www.afitecol.com\/wp-content\/uploads\/2025\/04\/Boyac10.png 237w, https:\/\/www.afitecol.com\/wp-content\/uploads\/2025\/04\/Boyac10-189x300.png 189w\" sizes=\"(max-width: 110px) 85vw, 110px\" \/><\/a><\/p>\r\n<div>\r\n<p>Escudo espa\u00f1ol cl\u00e1sico. Fondo de color verde s\u00edmbolo de esperanza y fertilidad Tiene como elementos principales un sol dorado con rostro humano, representa la libertad y tiene como elementos principales, un sol con rostro humano querepresenta la libertad y el renacer tras la independencia<strong> Un c\u00f3ndor<\/strong> con alas extendidas, com s\u00edmbolo de soberan\u00eda, libertad y vigilancia. r<strong>amas de laurel<\/strong> s\u00edmbolo de la victoria y gloria, aluden al triunfo en la independencia. <strong>Franja azul ondeante<\/strong> en la base, que \u00a0representa el r\u00edo Chicamocha y los recursos naturales del territorio y con la leyenda \u00abLibertad y Orden. \u00a0Significado general:<\/p>\r\n<\/div>\r\n<div>\r\n<p data-start=\"786\" data-end=\"974\">El escudo honra el papel hist\u00f3rico de <strong data-start=\"824\" data-end=\"866\">Boyac\u00e1 en la independencia de Colombia<\/strong>, especialmente con la <strong data-start=\"889\" data-end=\"910\">Batalla de Boyac\u00e1<\/strong>, y destaca sus <strong data-start=\"926\" data-end=\"973\">valores patri\u00f3ticos, naturales y culturales<\/strong><\/p>\r\n<div>\r\n<p><strong><a href=\"https:\/\/www.afitecol.com\/wp-content\/uploads\/2025\/04\/Boyac11.png\"><img loading=\"lazy\" decoding=\"async\" class=\"alignleft  wp-image-18583\" src=\"https:\/\/www.afitecol.com\/wp-content\/uploads\/2025\/04\/Boyac11.png\" alt=\"\" width=\"101\" height=\"161\" srcset=\"https:\/\/www.afitecol.com\/wp-content\/uploads\/2025\/04\/Boyac11.png 237w, https:\/\/www.afitecol.com\/wp-content\/uploads\/2025\/04\/Boyac11-189x300.png 189w\" sizes=\"(max-width: 101px) 85vw, 101px\" \/><\/a>2. Altar de la V\u00edrgen de Chiquinquir\u00e1.\u00a0<\/strong>El altar est\u00e1 ubicado en esta <strong data-start=\"600\" data-end=\"612\">bas\u00edlica<\/strong>, construida entre los siglos XVII y XIX en Chiquinquir\u00e1, Boyac\u00e1. Es uno de los santuarios marianos m\u00e1s importantes de Colombia y Sudam\u00e9rica. El altar<strong data-start=\"761\" data-end=\"776\"> mayor<\/strong> alberga el lienzo original de la Virgen. \u00a0En 1919, la Virgen fue coronada <strong data-start=\"900\" data-end=\"931\">Reina y Patrona de Colombia<\/strong> por el Papa Benedicto XV. \u00a0Cada <strong data-start=\"965\" data-end=\"979\">9 de julio<\/strong> se celebra su fiesta con peregrinaciones, misas y actos culturales. Es s\u00edmbolo de fe, unidad y esperanza para millones de colombianos.<\/p>\r\n<p><strong><a href=\"https:\/\/www.afitecol.com\/wp-content\/uploads\/2025\/04\/Boyac12.png\"><img loading=\"lazy\" decoding=\"async\" class=\"alignleft  wp-image-18584\" src=\"https:\/\/www.afitecol.com\/wp-content\/uploads\/2025\/04\/Boyac12.png\" alt=\"\" width=\"101\" height=\"160\" srcset=\"https:\/\/www.afitecol.com\/wp-content\/uploads\/2025\/04\/Boyac12.png 237w, https:\/\/www.afitecol.com\/wp-content\/uploads\/2025\/04\/Boyac12-189x300.png 189w\" sizes=\"(max-width: 101px) 85vw, 101px\" \/><\/a>3. .Esmeraldas.\u00a0<\/strong>Boyac\u00e1 es el coraz\u00f3n de la <strong data-start=\"233\" data-end=\"267\">zona <\/strong>esmerald\u00edfera de Colombia, junto con Cundinamarca.\u00a0La extracci\u00f3n puede ser artesanal o a gran escala. Existen <strong data-start=\"998\" data-end=\"1031\">minas legales y tradicionales<\/strong>, como: la mina de Muzo, la mina La Pita, la mina Coscuez. Colombia <strong>produce las esmeraldas m\u00e1s finas del mundo, y Boyac\u00e1 <\/strong>es el mayor productor nacional. \u00a0Se destacan por su <strong data-start=\"598\" data-end=\"642\">color verde <\/strong>intenso y pureza excepcional. Las esmeraldas de <strong data-start=\"664\" data-end=\"672\">Muzo<\/strong> son reconocidas mundialmente por su calidad.<\/p>\r\n<p data-start=\"937\" data-end=\"987\">La extracci\u00f3n puede ser artesanal o a gran escala. Existen <strong data-start=\"998\" data-end=\"1031\">minas legales y <\/strong>tradicionales, como:\u00a0<strong data-start=\"1043\" data-end=\"1062\">La mina de Muzo,\u00a0<\/strong><strong data-start=\"1067\" data-end=\"1086\">La mina La Pita y\u00a0<\/strong><strong data-start=\"1091\" data-end=\"1110\">La mina Coscuez.\u00a0<\/strong>Las esmeraldas son una fuente importante de ingresos para el pa\u00eds. Se exportan a Europa, Asia y Estados Unidos. Generan empleo en regiones rurales, aunque tambi\u00e9n han estado asociadas a problemas de ilegalidad y violencia en d\u00e9cadas pasadas.<\/p>\r\n<\/div>\r\n<\/div>\r\n<\/div>\r\n<p data-start=\"1265\" data-end=\"1331\">En general las esmeraldas son una fuente importante de ingresos para el pa\u00eds; se exportan a Europa, Asia y Estados Unidos; generan empleo en regiones rurales, aunque tambi\u00e9n han estado asociadas a problemas de ilegalidad y violencia en d\u00e9cadas pasadas. Surgen en vetas entre rocas sedimentarias, algo \u00fanico a nivel mundial. El <strong data-start=\"1846\" data-end=\"1883\">Museo de las Esmeraldas de Bogot\u00e1,\u00a0<\/strong>aunque est\u00e1 en la capital, muestra piedras de Boyac\u00e1.<\/p>\r\n<ol start=\"3\">\r\n<li style=\"list-style-type: none;\" data-start=\"293\" data-end=\"426\">\r\n<ul data-start=\"341\" data-end=\"426\">\r\n<li style=\"list-style-type: none;\" data-start=\"341\" data-end=\"351\">\r\n<ul data-start=\"204\" data-end=\"426\">\r\n<li style=\"list-style-type: none;\" data-start=\"293\" data-end=\"426\">\r\n<ul data-start=\"341\" data-end=\"426\">\r\n<li data-start=\"369\" data-end=\"382\"><strong>4. <a href=\"https:\/\/www.afitecol.com\/wp-content\/uploads\/2025\/04\/Boyac13.png\"><img loading=\"lazy\" decoding=\"async\" class=\"alignleft  wp-image-18585\" src=\"https:\/\/www.afitecol.com\/wp-content\/uploads\/2025\/04\/Boyac13.png\" alt=\"\" width=\"110\" height=\"174\" srcset=\"https:\/\/www.afitecol.com\/wp-content\/uploads\/2025\/04\/Boyac13.png 237w, https:\/\/www.afitecol.com\/wp-content\/uploads\/2025\/04\/Boyac13-189x300.png 189w\" sizes=\"(max-width: 110px) 85vw, 110px\" \/><\/a>Sogamoso. \u00a0Templo del Sol.\u00a0<\/strong>Ciudad ubicada en el <strong data-start=\"263\" data-end=\"299\">departamento de Boyac\u00e1, Colombia<\/strong>. \u00a0 \u00a0Se conoce como la <strong data-start=\"321\" data-end=\"341\">\u00abCiudad del Sol\u00bb<\/strong> o <strong data-start=\"344\" data-end=\"379\">\u00abCiudad Sagrada de los Muiscas\u00bb<\/strong>.\u00a0Fue un <strong data-start=\"390\" data-end=\"421\">centro religioso y cultural<\/strong> del pueblo <strong data-start=\"433\" data-end=\"443\">muisca<\/strong>, uno de los principales pueblos ind\u00edgenas precolombinos<b>.\u00a0<\/b><strong data-start=\"553\" data-end=\"565\">Sugamuxi<\/strong> era el nombre original de Sogamoso y tambi\u00e9n del <strong data-start=\"615\" data-end=\"651\">\u00faltimo iraca (sacerdote supremo)<\/strong> muisca.\u00a0El <strong data-start=\"665\" data-end=\"683\">Templo del Sol<\/strong> era el centro espiritual m\u00e1s importante de los muiscas.\u00a0Dedicado al dios <strong data-start=\"763\" data-end=\"770\">Su\u00e9<\/strong>, el dios del Sol.\u00a0Ten\u00eda un dise\u00f1o circular y estaba construido en madera, paja y barro.El templo original fue <strong data-start=\"929\" data-end=\"976\">incendiado por los conquistadores espa\u00f1oles<\/strong> en <strong data-start=\"980\" data-end=\"988\">1537<\/strong>, durante la entrada de Gonzalo Jim\u00e9nez de Quesada.\u00a0Su destrucci\u00f3n marc\u00f3 el <strong data-start=\"1066\" data-end=\"1104\">colapso del poder religioso muisca<\/strong>. En la actualidad\u00a0existe una\u00a0<strong data-start=\"1166\" data-end=\"1203\">reconstrucci\u00f3n del Templo del Sol<\/strong>\u00a0dentro del\u00a0<strong data-start=\"1215\" data-end=\"1250\">Parque Arqueol\u00f3gico de Sogamoso<\/strong>.\u00a0Fue inaugurado en la d\u00e9cada de <strong data-start=\"1285\" data-end=\"1293\">1980<\/strong> como parte del <strong data-start=\"1309\" data-end=\"1343\">Museo Arqueol\u00f3gico de Sogamoso.<\/strong><\/li>\r\n<\/ul>\r\n<\/li>\r\n<\/ul>\r\n<\/li>\r\n<\/ul>\r\n<\/li>\r\n<\/ol>\r\n<p><strong>El sobre de primer d\u00eda<\/strong>.. El primer d\u00eda de circulaci\u00f3n fue matasellado en la ciudad de Tunja, Departamento de Boyac\u00e1, Colombia, el 22 de mayo de 2006-<\/p>\r\n<p>&nbsp;<\/p>\r\n","protected":false},"excerpt":{"rendered":"<p>El Gobierno de Colombia por intermedio del Ministerio de Comunicaciones autoriz\u00f3 la emisi\u00f3n postal\u00a0\u201cDepartamentos de Colombia: Boyac\u00e1\u201d, dentro de la Serie Departamentos de Colombia. El acto protocolario. El acto protocolario de lanzamiento de la emisi\u00f3n postal\u00a0\u201cDepartamentos de Colombia: Boyac\u00e1\u201d\u00a0tuvo lugar en la ciudad de Tunja, capital del departamento de Boyac\u00e1. La emisi\u00f3n. La emisi\u00f3n postal\u00a0\u201cDepartamentos &hellip; <a href=\"https:\/\/www.afitecol.com\/?p=18521\" class=\"more-link\">Continuar leyendo<span class=\"screen-reader-text\"> \u00abEmisi\u00f3n postal: \u00abDepartamentos de Colombia: Boyac\u00e1\u00bb\u00bb<\/span><\/a><\/p>\n","protected":false},"author":2,"featured_media":0,"comment_status":"open","ping_status":"closed","sticky":false,"template":"","format":"standard","meta":{"footnotes":""},"categories":[20],"tags":[],"class_list":["post-18521","post","type-post","status-publish","format-standard","hentry","category-departamentos"],"_links":{"self":[{"href":"https:\/\/www.afitecol.com\/index.php?rest_route=\/wp\/v2\/posts\/18521"}],"collection":[{"href":"https:\/\/www.afitecol.com\/index.php?rest_route=\/wp\/v2\/posts"}],"about":[{"href":"https:\/\/www.afitecol.com\/index.php?rest_route=\/wp\/v2\/types\/post"}],"author":[{"embeddable":true,"href":"https:\/\/www.afitecol.com\/index.php?rest_route=\/wp\/v2\/users\/2"}],"replies":[{"embeddable":true,"href":"https:\/\/www.afitecol.com\/index.php?rest_route=%2Fwp%2Fv2%2Fcomments&post=18521"}],"version-history":[{"count":23,"href":"https:\/\/www.afitecol.com\/index.php?rest_route=\/wp\/v2\/posts\/18521\/revisions"}],"predecessor-version":[{"id":18784,"href":"https:\/\/www.afitecol.com\/index.php?rest_route=\/wp\/v2\/posts\/18521\/revisions\/18784"}],"wp:attachment":[{"href":"https:\/\/www.afitecol.com\/index.php?rest_route=%2Fwp%2Fv2%2Fmedia&parent=18521"}],"wp:term":[{"taxonomy":"category","embeddable":true,"href":"https:\/\/www.afitecol.com\/index.php?rest_route=%2Fwp%2Fv2%2Fcategories&post=18521"},{"taxonomy":"post_tag","embeddable":true,"href":"https:\/\/www.afitecol.com\/index.php?rest_route=%2Fwp%2Fv2%2Ftags&post=18521"}],"curies":[{"name":"wp","href":"https:\/\/api.w.org\/{rel}","templated":true}]}}