{"id":1844,"date":"2009-09-26T18:03:33","date_gmt":"2009-09-26T16:03:33","guid":{"rendered":"http:\/\/www.afitecol.com\/?p=1844"},"modified":"2009-09-26T22:31:44","modified_gmt":"2009-09-26T20:31:44","slug":"emision-%e2%80%9cidolos-del-deporte-argentino-ii%e2%80%9d","status":"publish","type":"post","link":"https:\/\/www.afitecol.com\/?p=1844","title":{"rendered":"Emisi\u00f3n: \u201c\u00cddolos del deporte Argentino II\u201d"},"content":{"rendered":"<p><strong>Idolos del Deporte Argentino<\/strong><\/p>\n<p>Hace cerca de un a\u00f1o, Afitecol public\u00f3 en su Categor\u00eda Emisiones Extranjeras, la emisi\u00f3n postal relacionada con <a href=\"https:\/\/www.afitecol.com\/?p=397\" target=\"_blank\">\u00cddolos del Deporte Argentino<\/a>, con los temas: automovilismo, basquetbol, golf y rugby.<\/p>\n<p>Hoy 26 de septiembre de 2009, volvemos sobre la tem\u00e1tica de los deportes para los Amigos de la Filatelia Tem\u00e1tica en Colombia, con los \u00eddolos argentinos de otros cuatro deportes: atletismo, ciclismo, hockey sobre c\u00e9sped y tenis.<\/p>\n<p><strong>Afitecol <\/strong>agradece al Profesor Jorge Casalia del Grupo P\u00f3dium de Argentina, grupo de filatelistas especializado en los temas Juegos Ol\u00edmpicos y Deportes Universales, por el suministro del material filat\u00e9lico.<\/p>\n<p><strong>Delfo Cabrera<\/strong>: Atletismo.<br \/>\n<a href=\"https:\/\/www.afitecol.com\/wp-content\/uploads\/2009\/09\/argcabre.jpg\"><img loading=\"lazy\" decoding=\"async\" class=\"alignleft size-medium wp-image-1848\" style=\"border: 0pt none; margin: 5px;\" title=\"argcabre\" src=\"https:\/\/www.afitecol.com\/wp-content\/uploads\/2009\/09\/argcabre-300x199.jpg\" alt=\"\" width=\"180\" height=\"120\" srcset=\"https:\/\/www.afitecol.com\/wp-content\/uploads\/2009\/09\/argcabre-300x199.jpg 300w, https:\/\/www.afitecol.com\/wp-content\/uploads\/2009\/09\/argcabre.jpg 472w\" sizes=\"(max-width: 180px) 85vw, 180px\" \/><\/a><strong>Hoja filat\u00e9lica<\/strong>: se\u00f1ala la pista del Estadio de Wembley donde Cabrera se coron\u00f3 como Campe\u00f3n Ol\u00edmpico de la Marat\u00f3n en Londres, el 7 de agosto de 1948.<\/p>\n<p><strong>Estampilla<\/strong>: valor facial $ 5; presenta al deportista Cabrera en su arribo a la meta.<br \/>\n<strong>Sobre de primer d\u00eda de emisi\u00f3n<\/strong>: 26 de septiembre de 2009.<a href=\"https:\/\/www.afitecol.com\/wp-content\/uploads\/2009\/09\/argcabresobr.jpg\"><img loading=\"lazy\" decoding=\"async\" class=\"alignright size-medium wp-image-1849\" style=\"border: 1px solid black; margin: 5px;\" title=\"argcabresobr\" src=\"https:\/\/www.afitecol.com\/wp-content\/uploads\/2009\/09\/argcabresobr-300x191.jpg\" alt=\"\" width=\"180\" height=\"114\" srcset=\"https:\/\/www.afitecol.com\/wp-content\/uploads\/2009\/09\/argcabresobr-300x191.jpg 300w, https:\/\/www.afitecol.com\/wp-content\/uploads\/2009\/09\/argcabresobr.jpg 708w\" sizes=\"(max-width: 180px) 85vw, 180px\" \/><\/a><\/p>\n<p><strong>Juan Curuchet<\/strong>: Ciclismo.<br \/>\n<a href=\"https:\/\/www.afitecol.com\/wp-content\/uploads\/2009\/09\/argcuruchet.jpg\"><img loading=\"lazy\" decoding=\"async\" class=\"alignleft size-medium wp-image-1850\" style=\"border: 0pt none; margin: 5px;\" title=\"argcuruchet\" src=\"https:\/\/www.afitecol.com\/wp-content\/uploads\/2009\/09\/argcuruchet-199x300.jpg\" alt=\"\" width=\"120\" height=\"180\" srcset=\"https:\/\/www.afitecol.com\/wp-content\/uploads\/2009\/09\/argcuruchet-199x300.jpg 199w, https:\/\/www.afitecol.com\/wp-content\/uploads\/2009\/09\/argcuruchet.jpg 354w\" sizes=\"(max-width: 120px) 85vw, 120px\" \/><\/a><strong>Hoja filat\u00e9lica<\/strong>: indica el momento en que Curuchet se convierte en ganador de la medalla de oro en los Juegos Ol\u00edmpicos de Pek\u00edn en 2008.\u00a0 Es el deportista argentino con la mayor cantidad de participaciones en este tipo de eventos ol\u00edmpicos.<br \/>\n<strong>Estampilla<\/strong>: valor facial $ 10, un detalle de la llegada de Curuchet a la meta.<br \/>\n<strong>Sobre de primer d\u00eda de emisi\u00f3n<\/strong>: 26 de septiembre de 2009.<a href=\"https:\/\/www.afitecol.com\/wp-content\/uploads\/2009\/09\/argcuruchetsobr.jpg\"><img loading=\"lazy\" decoding=\"async\" class=\"alignright size-medium wp-image-1851\" style=\"border: 1px solid black; margin: 5px;\" title=\"argcuruchetsobr\" src=\"https:\/\/www.afitecol.com\/wp-content\/uploads\/2009\/09\/argcuruchetsobr-207x300.jpg\" alt=\"\" width=\"121\" height=\"180\" \/><\/a><\/p>\n<p><strong>Luciana Aymar<\/strong>: Hockey sobre c\u00e9sped.<br \/>\n<a href=\"https:\/\/www.afitecol.com\/wp-content\/uploads\/2009\/09\/argaymar.jpg\"><img loading=\"lazy\" decoding=\"async\" class=\"alignleft size-medium wp-image-1852\" style=\"border: 0pt none; margin: 5px;\" title=\"argaymar\" src=\"https:\/\/www.afitecol.com\/wp-content\/uploads\/2009\/09\/argaymar-300x198.jpg\" alt=\"\" width=\"180\" height=\"120\" srcset=\"https:\/\/www.afitecol.com\/wp-content\/uploads\/2009\/09\/argaymar-300x198.jpg 300w, https:\/\/www.afitecol.com\/wp-content\/uploads\/2009\/09\/argaymar.jpg 590w\" sizes=\"(max-width: 180px) 85vw, 180px\" \/><\/a><strong>Hoja filat\u00e9lica<\/strong>: Exhibe una de las jugadas de la deportista conocida como la \u00abMaradona del Hockey\u00bb por el gran talento desplegado en su juego.<br \/>\n<strong>Estampilla<\/strong>: Valor facial $ 10, muestra un detalle de los implementos del juego del hockey.<br \/>\n<strong>Sobre de primer d\u00eda de emisi\u00f3n<\/strong>: 26 de septiembre de 2009.<a href=\"https:\/\/www.afitecol.com\/wp-content\/uploads\/2009\/09\/argaymarsobr.jpg\"><img loading=\"lazy\" decoding=\"async\" class=\"alignright size-medium wp-image-1853\" style=\"border: 1px solid black; margin: 5px;\" title=\"argaymarsobr\" src=\"https:\/\/www.afitecol.com\/wp-content\/uploads\/2009\/09\/argaymarsobr-300x201.jpg\" alt=\"\" width=\"180\" height=\"120\" srcset=\"https:\/\/www.afitecol.com\/wp-content\/uploads\/2009\/09\/argaymarsobr-300x201.jpg 300w, https:\/\/www.afitecol.com\/wp-content\/uploads\/2009\/09\/argaymarsobr.jpg 708w\" sizes=\"(max-width: 180px) 85vw, 180px\" \/><\/a><\/p>\n<p><strong>Guillermo Vilas<\/strong>: Tenis<br \/>\n<a href=\"https:\/\/www.afitecol.com\/wp-content\/uploads\/2009\/09\/argvilas.jpg\"><img loading=\"lazy\" decoding=\"async\" class=\"alignleft size-medium wp-image-1854\" style=\"border: 0pt none; margin: 5px;\" title=\"argvilas\" src=\"https:\/\/www.afitecol.com\/wp-content\/uploads\/2009\/09\/argvilas-200x300.jpg\" alt=\"\" width=\"120\" height=\"180\" srcset=\"https:\/\/www.afitecol.com\/wp-content\/uploads\/2009\/09\/argvilas-200x300.jpg 200w, https:\/\/www.afitecol.com\/wp-content\/uploads\/2009\/09\/argvilas.jpg 354w\" sizes=\"(max-width: 120px) 85vw, 120px\" \/><\/a><strong>Hoja filat\u00e9lica<\/strong>: muestra a Vilas, quien lleg\u00f3 a ser el n\u00famero dos del mundo en el ranking de ATP y ganador adem\u00e1s de muchos torneos ATP y Grand Slam, en una de sus jugadas caracter\u00edsticas.<br \/>\n<strong>Estampilla<\/strong>: Valor facial $ 5, se\u00f1ala la pelota propia de este deporte, en una forma redonda de la estampilla.<br \/>\n<strong>Sobre primer d\u00eda de emisi\u00f3n<\/strong>: 26 de septiembre de 2009.<a href=\"https:\/\/www.afitecol.com\/wp-content\/uploads\/2009\/09\/argvilasobr.jpg\"><img loading=\"lazy\" decoding=\"async\" class=\"alignright size-medium wp-image-1855\" style=\"border: 1px solid black; margin: 5px;\" title=\"argvilasobr\" src=\"https:\/\/www.afitecol.com\/wp-content\/uploads\/2009\/09\/argvilasobr-206x300.jpg\" alt=\"\" width=\"121\" height=\"180\" \/><\/a><\/p>\n","protected":false},"excerpt":{"rendered":"<p>Idolos del Deporte Argentino Hace cerca de un a\u00f1o, Afitecol public\u00f3 en su Categor\u00eda Emisiones Extranjeras, la emisi\u00f3n postal relacionada con \u00cddolos del Deporte Argentino, con los temas: automovilismo, basquetbol, golf y rugby. Hoy 26 de septiembre de 2009, volvemos sobre la tem\u00e1tica de los deportes para los Amigos de la Filatelia Tem\u00e1tica en Colombia, &hellip; <a href=\"https:\/\/www.afitecol.com\/?p=1844\" class=\"more-link\">Continuar leyendo<span class=\"screen-reader-text\"> \u00abEmisi\u00f3n: \u201c\u00cddolos del deporte Argentino II\u201d\u00bb<\/span><\/a><\/p>\n","protected":false},"author":2,"featured_media":0,"comment_status":"open","ping_status":"closed","sticky":false,"template":"","format":"standard","meta":{"footnotes":""},"categories":[10],"tags":[],"class_list":["post-1844","post","type-post","status-publish","format-standard","hentry","category-extranjeras"],"_links":{"self":[{"href":"https:\/\/www.afitecol.com\/index.php?rest_route=\/wp\/v2\/posts\/1844"}],"collection":[{"href":"https:\/\/www.afitecol.com\/index.php?rest_route=\/wp\/v2\/posts"}],"about":[{"href":"https:\/\/www.afitecol.com\/index.php?rest_route=\/wp\/v2\/types\/post"}],"author":[{"embeddable":true,"href":"https:\/\/www.afitecol.com\/index.php?rest_route=\/wp\/v2\/users\/2"}],"replies":[{"embeddable":true,"href":"https:\/\/www.afitecol.com\/index.php?rest_route=%2Fwp%2Fv2%2Fcomments&post=1844"}],"version-history":[{"count":10,"href":"https:\/\/www.afitecol.com\/index.php?rest_route=\/wp\/v2\/posts\/1844\/revisions"}],"predecessor-version":[{"id":1868,"href":"https:\/\/www.afitecol.com\/index.php?rest_route=\/wp\/v2\/posts\/1844\/revisions\/1868"}],"wp:attachment":[{"href":"https:\/\/www.afitecol.com\/index.php?rest_route=%2Fwp%2Fv2%2Fmedia&parent=1844"}],"wp:term":[{"taxonomy":"category","embeddable":true,"href":"https:\/\/www.afitecol.com\/index.php?rest_route=%2Fwp%2Fv2%2Fcategories&post=1844"},{"taxonomy":"post_tag","embeddable":true,"href":"https:\/\/www.afitecol.com\/index.php?rest_route=%2Fwp%2Fv2%2Ftags&post=1844"}],"curies":[{"name":"wp","href":"https:\/\/api.w.org\/{rel}","templated":true}]}}