{"id":18389,"date":"2025-05-26T09:47:26","date_gmt":"2025-05-26T14:47:26","guid":{"rendered":"https:\/\/www.afitecol.com\/?p=18389"},"modified":"2025-05-26T09:47:26","modified_gmt":"2025-05-26T14:47:26","slug":"emision-postal-departamentos-de-colombia-narino","status":"publish","type":"post","link":"https:\/\/www.afitecol.com\/?p=18389","title":{"rendered":"Emisi\u00f3n postal \u201dDepartamentos de Colombia: Nari\u00f1o\u201d"},"content":{"rendered":"\r\n<p><br \/><a href=\"https:\/\/www.afitecol.com\/wp-content\/uploads\/2025\/03\/Narino1-1.png\"><img loading=\"lazy\" decoding=\"async\" class=\"alignleft  wp-image-18438\" src=\"https:\/\/www.afitecol.com\/wp-content\/uploads\/2025\/03\/Narino1-1.png\" alt=\"\" width=\"151\" height=\"190\" srcset=\"https:\/\/www.afitecol.com\/wp-content\/uploads\/2025\/03\/Narino1-1.png 774w, https:\/\/www.afitecol.com\/wp-content\/uploads\/2025\/03\/Narino1-1-238x300.png 238w, https:\/\/www.afitecol.com\/wp-content\/uploads\/2025\/03\/Narino1-1-768x967.png 768w\" sizes=\"(max-width: 151px) 85vw, 151px\" \/><\/a><a href=\"https:\/\/www.afitecol.com\/wp-content\/uploads\/2025\/03\/Narino1B-1.png\"><img loading=\"lazy\" decoding=\"async\" class=\"alignleft  wp-image-18422\" src=\"https:\/\/www.afitecol.com\/wp-content\/uploads\/2025\/03\/Narino1B-1.png\" alt=\"\" width=\"149\" height=\"188\" srcset=\"https:\/\/www.afitecol.com\/wp-content\/uploads\/2025\/03\/Narino1B-1.png 780w, https:\/\/www.afitecol.com\/wp-content\/uploads\/2025\/03\/Narino1B-1-239x300.png 239w, https:\/\/www.afitecol.com\/wp-content\/uploads\/2025\/03\/Narino1B-1-768x966.png 768w\" sizes=\"(max-width: 149px) 85vw, 149px\" \/><\/a><a href=\"https:\/\/www.afitecol.com\/wp-content\/uploads\/2025\/03\/Narino2.png\"><img loading=\"lazy\" decoding=\"async\" class=\"alignleft  wp-image-18423\" src=\"https:\/\/www.afitecol.com\/wp-content\/uploads\/2025\/03\/Narino2.png\" alt=\"\" width=\"151\" height=\"191\" srcset=\"https:\/\/www.afitecol.com\/wp-content\/uploads\/2025\/03\/Narino2.png 774w, https:\/\/www.afitecol.com\/wp-content\/uploads\/2025\/03\/Narino2-238x300.png 238w, https:\/\/www.afitecol.com\/wp-content\/uploads\/2025\/03\/Narino2-768x967.png 768w\" sizes=\"(max-width: 151px) 85vw, 151px\" \/><\/a>El <strong>Departamento de Nari\u00f1o<\/strong> est\u00e1 ubicado en el sur occidente de Colombia, en la regi\u00f3n Andina y en la frontera con la Rep\u00fablica del Ecuador. Su capital es <strong>San Juan Pasto<\/strong> y es conocido por su diversidad cultural, geograf\u00eda monta\u00f1osa y bellos paisajes.<\/p>\r\n<p>El <strong>departamento de Nari\u00f1o<\/strong> limita al norte con el departamento del Cauca, al oriente con el departamento del Putumayo, al occidente con el oc\u00e9ano Pac\u00edfico y al sur con la Rep\u00fablica del Ecuador.<\/p>\r\n<p><strong>Nari\u00f1o<\/strong> es un departamento con una gran riqueza hist\u00f3rica, cultural y natural. Fue creado el 6 de agosto de 1904 durante la presidencia de Rafael Reyes.<\/p>\r\n<p><strong>Nari\u00f1o<\/strong> ha sido un territorio clave en la historia de Colombia, con una fuerte influencia ind\u00edgena y colonial. Adem\u00e1s, fue un escenario importante en la lucha por la independencia del pa\u00eds.<\/p>\r\n<p>El nombre del departamento se coloc\u00f3 en honor a <strong>Antonio Nari\u00f1o<\/strong>, pr\u00f3cer de la independencia de Colombia, conocido por traducir y divulgar la <strong>Declaraci\u00f3n de los Derechos del Hombre y del Ciudadano<\/strong> en el pa\u00eds.<\/p>\r\n<p><strong>Nari\u00f1o<\/strong> es un departamento con una gran riqueza hist\u00f3rica, cultural y natural.<br \/><strong>S\u00edmbolos del Departamento<\/strong>: La <strong>Bandera<\/strong> est\u00e1 compuesta por tres franjas horizontales de colores verde, blanco y negro; el <strong>Escudo<\/strong> representa la geograf\u00eda del departamento y su riqueza natural y cultural y el <strong>Himno<\/strong> destaca la valent\u00eda y el esp\u00edritu libertario del pueblo nari\u00f1ense.<\/p>\r\n<p><strong>Nari\u00f1o<\/strong> tiene tres Regiones principales: <strong>Andina<\/strong>, <strong>Costera Pac\u00edfica<\/strong> y <strong>Amaz\u00f3nica;<\/strong>\u00a0cuenta con reservas como el <strong>Santuario de Flora y Fauna Galeras<\/strong> y el <strong>Parque Nacional Sanquianga<\/strong> en la costa. <strong>El Volc\u00e1n Galeras<\/strong>, uno de los volcanes m\u00e1s activos de Colombia es el s\u00edmbolo de la regi\u00f3n.<\/p>\r\n<p><strong>Cultura y Tradiciones:<\/strong> el <strong>Carnaval de Negros y Blancos<\/strong> fue declarado <strong>Patrimonio Cultural Inmaterial de la Humanidad<\/strong> por la <strong>UNESCO<\/strong> en 2009; en cuanto a las <strong>Artesan\u00edas<\/strong> es famosa por el <strong>Barniz de Pasto<\/strong>, una t\u00e9cnica tradicional con ra\u00edces ind\u00edgenas.<\/p>\r\n<p>En cuanto a la <strong>Agricultura<\/strong> el departamento se destaca por la producci\u00f3n de papa, caf\u00e9, ma\u00edz y ca\u00f1a de az\u00facar. Su ubicaci\u00f3n fronteriza con la rep\u00fablica del Ecuador facilita el comercio binacional.<\/p>\r\n<p><strong>Lugares destacados<\/strong> en el Departamento de Nari\u00f1o son: <strong>El Santuario de Las Lajas<\/strong>, considerado uno de los templos m\u00e1s hermosos del mundo, la <strong>Laguna de La Cocha<\/strong>, un ecosistema de gran biodiversidad, el <strong>Volc\u00e1n Galeras<\/strong>, uno de los volcanes m\u00e1s activos de Colombia y las <strong>Playas de Tumaco<\/strong>, un destino tur\u00edstico en la costa pac\u00edfica.<\/p>\r\n<p>El Gobierno de Colombia por intermedio del Ministerio de Comunicaciones autoriz\u00f3 la emisi\u00f3n postal\u00a0\u201c<strong>Departamentos de Colombia: Nari\u00f1o\u201d<\/strong>, dentro de la Serie Departamentos de Colombia, mediante el Acuerdo N\u00ba 003 del 26 de marzo de 2004 .<\/p>\r\n<p>\u2028\u2028<strong>El acto protocolario<\/strong>. El acto protocolario de lanzamiento de la emisi\u00f3n postal\u00a0\u201c<strong>Departamentos de Colombia: Nari\u00f1o<\/strong>\u201d\u00a0tuvo lugar en la ciudad de San Juan de Pasto, capital del departamento de Nari\u00f1o, el 5 de agosto de 2004.\u2028\u2028<\/p>\r\n<p><strong>La emisi\u00f3n<\/strong>. La emisi\u00f3n postal\u00a0<strong>\u201cDepartamentos de Colombia: Nari\u00f1o\u201d<\/strong>, consta de 70.000 hojas bloque, para un total de 840.000 estampillas. La emisi\u00f3n postal contiene adem\u00e1s, la carpeta, el bolet\u00edn informativo y los sobres de primer d\u00eda.<\/p>\r\n<p><strong><a href=\"https:\/\/www.afitecol.com\/wp-content\/uploads\/2025\/03\/Narino3.png\"><img loading=\"lazy\" decoding=\"async\" class=\"alignleft  wp-image-18424\" src=\"https:\/\/www.afitecol.com\/wp-content\/uploads\/2025\/03\/Narino3-833x1024.png\" alt=\"\" width=\"199\" height=\"245\" srcset=\"https:\/\/www.afitecol.com\/wp-content\/uploads\/2025\/03\/Narino3-833x1024.png 833w, https:\/\/www.afitecol.com\/wp-content\/uploads\/2025\/03\/Narino3-244x300.png 244w, https:\/\/www.afitecol.com\/wp-content\/uploads\/2025\/03\/Narino3-768x944.png 768w, https:\/\/www.afitecol.com\/wp-content\/uploads\/2025\/03\/Narino3-1250x1536.png 1250w, https:\/\/www.afitecol.com\/wp-content\/uploads\/2025\/03\/Narino3-1200x1475.png 1200w, https:\/\/www.afitecol.com\/wp-content\/uploads\/2025\/03\/Narino3.png 1278w\" sizes=\"(max-width: 199px) 85vw, 199px\" \/><\/a>La hoja bloque<\/strong>. La hoja bloque, en tama\u00f1o de 16 x 20 cm., contiene 12 estampillas, adornada con bandeletas. En la parte superior aparece el t\u00edtulo de la emisi\u00f3n: <strong>\u00abDepartamentos de Colombia: Nari\u00f1o<\/strong>\u00ab.\u2028\u2028<\/p>\r\n<p><strong>Las estampilla<\/strong>s. Las estampillas tienen un valor facial de $ 1.100 pesos colombianos, y est\u00e1n confeccionadas en policrom\u00eda, goma tropicalizada y papel sopal.\u2028\u2028<\/p>\r\n<p><strong>Las Estampillas laterales<\/strong>. Las estampillas laterales, en tama\u00f1o de 50 x 40 mm, tienen los siguientes motivos:\u2028<br \/><br \/><strong><a href=\"https:\/\/www.afitecol.com\/wp-content\/uploads\/2025\/03\/Narino4.png\"><img loading=\"lazy\" decoding=\"async\" class=\"alignleft  wp-image-18425\" src=\"https:\/\/www.afitecol.com\/wp-content\/uploads\/2025\/03\/Narino4.png\" alt=\"\" width=\"121\" height=\"96\" srcset=\"https:\/\/www.afitecol.com\/wp-content\/uploads\/2025\/03\/Narino4.png 395w, https:\/\/www.afitecol.com\/wp-content\/uploads\/2025\/03\/Narino4-300x238.png 300w\" sizes=\"(max-width: 121px) 85vw, 121px\" \/><\/a>1. San Juan de Pasto. Volc\u00e1n Galeras.<\/strong> Sobre el Valle de Atriz a 2.600 m.s.n.m. se extiende la ciudad de <strong>San Juan de Pasto<\/strong>, capital del departamento de Nari\u00f1o. La ciudad fue fundada por Don Lorenzo de Aldana en 1539 en el sitio de la presente <strong>Yacuanquer<\/strong> en tierra de los Quillasingas y al a\u00f1o siguiente fue trasladada con el nombre de <strong>Juan de Villaviciosa o San Juan de Pasto<\/strong> al sitio presente; al siguiente a\u00f1o, por Pedro de Puelles. Felipe II, en 1559 le otorg\u00f3 el t\u00edtulo de ciudad y el correspondiente escudo de armas. En la parte sueprior de la estampilla se observa el <strong>Volc\u00e1n Galeras<\/strong>, el volc\u00e1n que presenta un mayor registro hist\u00f3rico de actividad con constantes expulsiones de humo y ceniza. Los espa\u00f1oles lo denominaron <strong>Galeras<\/strong> compar\u00e1ndolo con las embarcaciones denominadas galeras del siglo XVI<br \/><br \/><strong><a href=\"https:\/\/www.afitecol.com\/wp-content\/uploads\/2025\/03\/Narino5.png\"><img loading=\"lazy\" decoding=\"async\" class=\"alignleft  wp-image-18426\" src=\"https:\/\/www.afitecol.com\/wp-content\/uploads\/2025\/03\/Narino5.png\" alt=\"\" width=\"120\" height=\"100\" srcset=\"https:\/\/www.afitecol.com\/wp-content\/uploads\/2025\/03\/Narino5.png 380w, https:\/\/www.afitecol.com\/wp-content\/uploads\/2025\/03\/Narino5-300x250.png 300w\" sizes=\"(max-width: 120px) 85vw, 120px\" \/><\/a>2. Catambuco. Cultivo de cereales<\/strong>. La estampilla muestra los campos de los cultivos de cereales en una \u00e9poca pr\u00f3xima a cosechar, en la regi\u00f3n de Catambuco, cercana a la ciudad de San Juan de Pasto Se observan las peque\u00f1as parcelas de explotaci\u00f3n centenaria en cultivos tradicionales de trigo que alternan con la siembra de tub\u00e9rculos, al pie de las viviendas de propietarios y los que pagaban por el uso de la tierra para sus cultivo. La estampilla es un homenaje a la laboriosidad, al apego a su tierra y a sus cultivos del campesino nari\u00f1ense de tierras altas. <br \/><br \/><strong><a href=\"https:\/\/www.afitecol.com\/wp-content\/uploads\/2025\/03\/Narino5.png\"><img loading=\"lazy\" decoding=\"async\" class=\"alignleft  wp-image-18427\" src=\"https:\/\/www.afitecol.com\/wp-content\/uploads\/2025\/03\/Narino6.png\" alt=\"\" width=\"120\" height=\"100\" srcset=\"https:\/\/www.afitecol.com\/wp-content\/uploads\/2025\/03\/Narino6.png 380w, https:\/\/www.afitecol.com\/wp-content\/uploads\/2025\/03\/Narino6-300x250.png 300w\" sizes=\"(max-width: 120px) 85vw, 120px\" \/><\/a>3. Galer\u00eda de espejos<\/strong>. El oleo Galer\u00eda de Espejos del pintor nari\u00f1ense <strong>Homero Aguilar<\/strong>, muestra un dominio de la composici\u00f3n y exquisito manejo t\u00e9cnico del espacio, con la transparencia de las luces y sombras. El artista ha sido galardonado con distinciones en Francia, Italia, B\u00e9lgica y registra una activa producci\u00f3n.<br \/><br \/><strong><a href=\"https:\/\/www.afitecol.com\/wp-content\/uploads\/2025\/03\/Narino7.png\"><img loading=\"lazy\" decoding=\"async\" class=\"alignleft  wp-image-18428\" src=\"https:\/\/www.afitecol.com\/wp-content\/uploads\/2025\/03\/Narino7.png\" alt=\"\" width=\"122\" height=\"102\" srcset=\"https:\/\/www.afitecol.com\/wp-content\/uploads\/2025\/03\/Narino7.png 380w, https:\/\/www.afitecol.com\/wp-content\/uploads\/2025\/03\/Narino7-300x250.png 300w\" sizes=\"(max-width: 122px) 85vw, 122px\" \/><\/a>4. Tumaco. El Morro<\/strong>. Es una singular formaci\u00f3n natural conocida como el Morro en la jurisdicci\u00f3n de Tumaco, puerto mar\u00edtimo. Las edificaciones se levantan sobre una isla de origen aluvial por acumulaci\u00f3n de materiales transportados por los r\u00edos de la ensenada de Tumaco, con una altura de 3 m.s.n.m. Los pobladores mayoritarios del municipio de Tumaco viven en construcciones de madera y son asentamientos de las etnias afro colombianas con sus expresiones tradicionales. Incluye dos resguardos ind\u00edgenas de etnias embera.<br \/><br \/><strong><a href=\"https:\/\/www.afitecol.com\/wp-content\/uploads\/2025\/03\/Narino8.png\"><img loading=\"lazy\" decoding=\"async\" class=\"alignleft  wp-image-18429\" src=\"https:\/\/www.afitecol.com\/wp-content\/uploads\/2025\/03\/Narino8.png\" alt=\"\" width=\"121\" height=\"101\" srcset=\"https:\/\/www.afitecol.com\/wp-content\/uploads\/2025\/03\/Narino8.png 380w, https:\/\/www.afitecol.com\/wp-content\/uploads\/2025\/03\/Narino8-300x250.png 300w\" sizes=\"(max-width: 121px) 85vw, 121px\" \/><\/a>5. San Juan de Pasto. Edificio Gobernaci\u00f3n de Nari\u00f1o<\/strong>. La construcci\u00f3n de la Gobernaci\u00f3n de Nari\u00f1o se inici\u00f3 al inicio de la nueva condici\u00f3n pol\u00edtico &#8211; administrativa. El estilo es el denominado Republicano: muestra un p\u00f3rtico neocl\u00e1sico en piedra sostenido por cuatro columnas en dos niveles. <strong>Don Juli\u00e1n Bucheli<\/strong> fue el Primer Gobernador del departamento de Nari\u00f1o y uno de los impulsadores del establecimiento de la <strong>Universidad de Nari\u00f1o.<\/strong><br \/><br \/><strong><a href=\"https:\/\/www.afitecol.com\/wp-content\/uploads\/2025\/03\/Narino9.png\"><img loading=\"lazy\" decoding=\"async\" class=\"alignleft  wp-image-18430\" src=\"https:\/\/www.afitecol.com\/wp-content\/uploads\/2025\/03\/Narino9.png\" alt=\"\" width=\"121\" height=\"101\" srcset=\"https:\/\/www.afitecol.com\/wp-content\/uploads\/2025\/03\/Narino9.png 380w, https:\/\/www.afitecol.com\/wp-content\/uploads\/2025\/03\/Narino9-300x250.png 300w\" sizes=\"(max-width: 121px) 85vw, 121px\" \/><\/a>6. Sandon\u00e1 Centro Urbano<\/strong>. La ciudad de Sandon\u00e1 inicialmente llamada <strong>El Rosario<\/strong>, desde 1878 se conoce como <strong>Sandon\u00e1<\/strong>. Es famosa por la artesan\u00eda tradicional del tejido de sombreros de <strong>paja toquilla<\/strong>. En el paisaje urbano se observa la hermosura del templo parroquial que se destaca sobre el resto de edificaciones civiles. En Sandon\u00e1 se conserva una construcci\u00f3n de precioso trabajo de canter\u00eda con un dise\u00f1o exquisito de sus dos torres en un estilo neog\u00f3tico. \u00a0Contrasta el <strong>Templo Parroquial<\/strong> con la humildad de las casas de cubiertas de teja de barro que la enmarcan en manzanas con huertas caseras al interior de las viviendas.<br \/><br \/><strong><a href=\"https:\/\/www.afitecol.com\/wp-content\/uploads\/2025\/03\/Narino10.png\"><img loading=\"lazy\" decoding=\"async\" class=\"alignleft  wp-image-18431\" src=\"https:\/\/www.afitecol.com\/wp-content\/uploads\/2025\/03\/Narino10.png\" alt=\"\" width=\"120\" height=\"100\" srcset=\"https:\/\/www.afitecol.com\/wp-content\/uploads\/2025\/03\/Narino10.png 380w, https:\/\/www.afitecol.com\/wp-content\/uploads\/2025\/03\/Narino10-300x250.png 300w\" sizes=\"(max-width: 120px) 85vw, 120px\" \/><\/a>7. Palmas doradas<\/strong>. La obra de la artista nari\u00f1ense <strong>Mar\u00eda Mor\u00e1n<\/strong> ofrece en <strong>Palmas doradas<\/strong> un manejo compositivo y crom\u00e1tico en el que recrea los elementos del paisaje vegetal, donde predominan los colores amarillos. <strong>\u00abPalmeras Doradas\u00bb<\/strong> es una obra emblem\u00e1tica de Mar\u00eda Mor\u00e1n que refleja su profunda conexi\u00f3n con la naturaleza y su entorno natal. Palmas Doradas es una obra emblem\u00e1tica que refleja su profunda conexi\u00f3n con la naturaleza y su entorno natal. <br \/><br \/><strong><a href=\"https:\/\/www.afitecol.com\/wp-content\/uploads\/2025\/03\/Narino11.png\"><img loading=\"lazy\" decoding=\"async\" class=\"alignleft  wp-image-18432\" src=\"https:\/\/www.afitecol.com\/wp-content\/uploads\/2025\/03\/Narino11.png\" alt=\"\" width=\"145\" height=\"121\" srcset=\"https:\/\/www.afitecol.com\/wp-content\/uploads\/2025\/03\/Narino11.png 380w, https:\/\/www.afitecol.com\/wp-content\/uploads\/2025\/03\/Narino11-300x250.png 300w\" sizes=\"(max-width: 145px) 85vw, 145px\" \/><\/a>8. Fiestas de Negros y Blancos<\/strong>. El oleo denominado Fiestas de Negros y Blancos del pintor nari\u00f1ense <strong>Manuel Estrada<\/strong> recrea el ambiente l\u00fadico de la celebraci\u00f3n que es tradicional del sur andino colombiano y que con entusiasmo anual se celebra en la ciudad capital del departamento de Nari\u00f1o, la ciudad de San Juan de Pasto. En el cuadro se observa el grupo con el maquillaje que deja negros al imponer el tizne en los rostros y los abigarrados vestuarios hacen de esta comparsa un especial motivo filat\u00e9lico. La producci\u00f3n de Manuel Estrada se encuentra en museos de Am\u00e9rica.<\/p>\r\n<p><strong>Las Estampillas centrales<\/strong>. Las estampillas centrales, en tama\u00f1o de 2.5 x 4.0 cm, tienen los siguientes motivos:<br \/><br \/><strong><a href=\"https:\/\/www.afitecol.com\/wp-content\/uploads\/2025\/03\/Narino12.png\"><img loading=\"lazy\" decoding=\"async\" class=\"alignleft  wp-image-18433\" src=\"https:\/\/www.afitecol.com\/wp-content\/uploads\/2025\/03\/Narino12.png\" alt=\"\" width=\"101\" height=\"169\" srcset=\"https:\/\/www.afitecol.com\/wp-content\/uploads\/2025\/03\/Narino12.png 189w, https:\/\/www.afitecol.com\/wp-content\/uploads\/2025\/03\/Narino12-179x300.png 179w\" sizes=\"(max-width: 101px) 85vw, 101px\" \/><\/a>1. General Antonio Nari\u00f1o<\/strong>. La estampilla muestra la estatua del Nari\u00f1o, destacado personaje como periodista, librero y militar. La estatua, construida en bronce, del escultor franc\u00e9s Henri Le\u00f3n Graber, fue fundida con ocasi\u00f3n del centenario de la <strong>Independencia Nacional<\/strong>. La estatua est\u00e1 localizada en la Plaza Mayor de la ciudad de San Juan de Pasto, que lleva su nombre. El <strong>General Nari\u00f1o<\/strong> comandante de los ej\u00e9rcitos de las Provincias Unidas de la Nueva Granada en Junio de 1813 march\u00f3 a la <strong>Campa\u00f1a del Sur<\/strong>, donde venci\u00f3 a los Ej\u00e9rcitos realistas en combates del Alto Purac\u00e9. Fue hecho prisionero despu\u00e9s de la derrota en los <strong>Ejidos de Pasto<\/strong> y permaneci\u00f3 all\u00ed encarcelado 13 meses. Se escogi\u00f3 el apellido para designar al Nuevo Departamento, aunque un religioso hab\u00eda solicitado se le diera el nombre de <strong>Departamento de la Inmaculada. <\/strong><br \/><br \/><strong><a href=\"https:\/\/www.afitecol.com\/wp-content\/uploads\/2025\/03\/Narino13.png\"><img loading=\"lazy\" decoding=\"async\" class=\"alignleft  wp-image-18434\" src=\"https:\/\/www.afitecol.com\/wp-content\/uploads\/2025\/03\/Narino13.png\" alt=\"\" width=\"101\" height=\"170\" srcset=\"https:\/\/www.afitecol.com\/wp-content\/uploads\/2025\/03\/Narino13.png 189w, https:\/\/www.afitecol.com\/wp-content\/uploads\/2025\/03\/Narino13-179x300.png 179w\" sizes=\"(max-width: 101px) 85vw, 101px\" \/><\/a>2. Ipiales. Santuario de Nuestra Se\u00f1ora de las Lajas<\/strong>. El Santuario de Nuestra Se\u00f1ora de las Lajas se levanta desde el cause del rio Gu\u00e1itara, en columnas en arco y varios niveles volum\u00e9tricos, en ca\u00f1\u00f3n abrupto, en columnas en arco y varios niveles volum\u00e9tricos, que rematan en tres torres y una profusi\u00f3n de agujas en las fachadas laterales, adornadas con motivos ecl\u00e9cticos. Se trata de una construcci\u00f3n a comienzos del siglo XX, a una altura de 1898 m.s.n.m. y 11 grados de temperatura. El <strong>Santuario de las Lajas<\/strong> es para el nari\u00f1ense el centro emblem\u00e1tico de la religiosidad popular y es muy visitado por peregrinaciones tanto nacionales como de otros pa\u00edses vecinos como Venezuela y Ecuador.<br \/><br \/><strong><a href=\"https:\/\/www.afitecol.com\/wp-content\/uploads\/2025\/03\/Narino14.png\"><img loading=\"lazy\" decoding=\"async\" class=\"alignleft  wp-image-18435\" src=\"https:\/\/www.afitecol.com\/wp-content\/uploads\/2025\/03\/Narino14.png\" alt=\"\" width=\"102\" height=\"172\" srcset=\"https:\/\/www.afitecol.com\/wp-content\/uploads\/2025\/03\/Narino14.png 189w, https:\/\/www.afitecol.com\/wp-content\/uploads\/2025\/03\/Narino14-179x300.png 179w\" sizes=\"(max-width: 102px) 85vw, 102px\" \/><\/a>3. Barnizadores de Pasto<\/strong>. <strong>Comisi\u00f3n Corogr\u00e1fica. 1853<\/strong>. En 1853 la Expedici\u00f3n Sur de la Comisi\u00f3n Corogr\u00e1fica recorri\u00f3 los territorios andinos del antiguo Estado Soberano del Cauca, entre estos la Provincia de San Juan de Pasto y los territorios de las Comunidades Indias de Sibundoy, dejando acuarelas del paisaje y tipos humanos. Aqu\u00ed se registra la acuarela <strong>Barnizadores de Pasto<\/strong>, de <strong>Manuel Mar\u00eda Paz<\/strong> y que se conserva en la Biblioteca Nacional de Colombia, imagen que registra un taller de artesanos dedicados a decorar las tallas de madera con un recubrimiento en varias capas de la pel\u00edcula de resina vegetal, extra\u00edda de la planta conocida como <strong>Mopa-mopa<\/strong>. Se muestra la aplicaci\u00f3n del barniz a la superficie de las tallas, constituy\u00e9ndose cada pieza en \u00fanica.<br \/><br \/><strong><a href=\"https:\/\/www.afitecol.com\/wp-content\/uploads\/2025\/03\/Narino15.png\"><img loading=\"lazy\" decoding=\"async\" class=\"alignleft  wp-image-18436\" src=\"https:\/\/www.afitecol.com\/wp-content\/uploads\/2025\/03\/Narino15.png\" alt=\"\" width=\"110\" height=\"185\" srcset=\"https:\/\/www.afitecol.com\/wp-content\/uploads\/2025\/03\/Narino15.png 189w, https:\/\/www.afitecol.com\/wp-content\/uploads\/2025\/03\/Narino15-179x300.png 179w\" sizes=\"(max-width: 110px) 85vw, 110px\" \/><\/a>4. San Pablo. Santuario Virgen de la Playa<\/strong>. San Pablo fue fundado en 1793 por Miguel Su\u00e1rez de Bola\u00f1os; est\u00e1 localizado a un altura de 1750 m.s.n.m. y fue erigido distrito Parroquial en el Gobierno Federal de 1863. Se encuentra a 113 kms de la capital de Nari\u00f1o. <strong>San Pablo<\/strong> se distingue por estar situado en su jurisdicci\u00f3n este segundo <strong>Santuario Mariano<\/strong> bajo la advocaci\u00f3n de la <strong>Virgen de la Playa<\/strong>, imagen pintada seg\u00fan la tradici\u00f3n Manuel Fern\u00e1ndez de C\u00f3rdoba. El nombre espec\u00edfico de la playa se encuentra vinculado al espacio ribere\u00f1o de la cuenca hidrogr\u00e1fica del Rio Mayo. Singular por su construcci\u00f3n en la vertiente de la cuenca y su disposici\u00f3n en tres en tres niveles, con fachadas en columnas y arcos en tres \u00f3rdenes y remate en una torre central. Tres naves forman el espacio interior. El Santuario se localiza en cercan\u00edas del centro urbano de San Pablo.<\/p>\r\n<p><strong><a href=\"https:\/\/www.afitecol.com\/wp-content\/uploads\/2025\/03\/Narino16-1.png\"><img loading=\"lazy\" decoding=\"async\" class=\"alignleft  wp-image-18437\" src=\"https:\/\/www.afitecol.com\/wp-content\/uploads\/2025\/03\/Narino16-1.png\" alt=\"\" width=\"229\" height=\"126\" srcset=\"https:\/\/www.afitecol.com\/wp-content\/uploads\/2025\/03\/Narino16-1.png 647w, https:\/\/www.afitecol.com\/wp-content\/uploads\/2025\/03\/Narino16-1-300x165.png 300w\" sizes=\"(max-width: 229px) 85vw, 229px\" \/><\/a>El sobre de primer d\u00eda<\/strong>.. El primer d\u00eda de circulaci\u00f3n fue el 5 de Agosto de 2004 y fue matasellado en la ciudad de San Juan de Pasto, Departamento de Nari\u00f1o, Colombia.<\/p>\r\n","protected":false},"excerpt":{"rendered":"<p>El Departamento de Nari\u00f1o est\u00e1 ubicado en el sur occidente de Colombia, en la regi\u00f3n Andina y en la frontera con la Rep\u00fablica del Ecuador. Su capital es San Juan Pasto y es conocido por su diversidad cultural, geograf\u00eda monta\u00f1osa y bellos paisajes. El departamento de Nari\u00f1o limita al norte con el departamento del Cauca, &hellip; <a href=\"https:\/\/www.afitecol.com\/?p=18389\" class=\"more-link\">Continuar leyendo<span class=\"screen-reader-text\"> \u00abEmisi\u00f3n postal \u201dDepartamentos de Colombia: Nari\u00f1o\u201d\u00bb<\/span><\/a><\/p>\n","protected":false},"author":2,"featured_media":0,"comment_status":"open","ping_status":"closed","sticky":false,"template":"","format":"standard","meta":{"footnotes":""},"categories":[20],"tags":[],"class_list":["post-18389","post","type-post","status-publish","format-standard","hentry","category-departamentos"],"_links":{"self":[{"href":"https:\/\/www.afitecol.com\/index.php?rest_route=\/wp\/v2\/posts\/18389"}],"collection":[{"href":"https:\/\/www.afitecol.com\/index.php?rest_route=\/wp\/v2\/posts"}],"about":[{"href":"https:\/\/www.afitecol.com\/index.php?rest_route=\/wp\/v2\/types\/post"}],"author":[{"embeddable":true,"href":"https:\/\/www.afitecol.com\/index.php?rest_route=\/wp\/v2\/users\/2"}],"replies":[{"embeddable":true,"href":"https:\/\/www.afitecol.com\/index.php?rest_route=%2Fwp%2Fv2%2Fcomments&post=18389"}],"version-history":[{"count":9,"href":"https:\/\/www.afitecol.com\/index.php?rest_route=\/wp\/v2\/posts\/18389\/revisions"}],"predecessor-version":[{"id":18716,"href":"https:\/\/www.afitecol.com\/index.php?rest_route=\/wp\/v2\/posts\/18389\/revisions\/18716"}],"wp:attachment":[{"href":"https:\/\/www.afitecol.com\/index.php?rest_route=%2Fwp%2Fv2%2Fmedia&parent=18389"}],"wp:term":[{"taxonomy":"category","embeddable":true,"href":"https:\/\/www.afitecol.com\/index.php?rest_route=%2Fwp%2Fv2%2Fcategories&post=18389"},{"taxonomy":"post_tag","embeddable":true,"href":"https:\/\/www.afitecol.com\/index.php?rest_route=%2Fwp%2Fv2%2Ftags&post=18389"}],"curies":[{"name":"wp","href":"https:\/\/api.w.org\/{rel}","templated":true}]}}