{"id":18320,"date":"2025-05-23T10:06:09","date_gmt":"2025-05-23T15:06:09","guid":{"rendered":"https:\/\/www.afitecol.com\/?p=18320"},"modified":"2025-05-24T11:03:55","modified_gmt":"2025-05-24T16:03:55","slug":"emision-postal-departamentos-de-colombia-santander","status":"publish","type":"post","link":"https:\/\/www.afitecol.com\/?p=18320","title":{"rendered":"Emisi\u00f3n postal: \u201cDepartamentos de Colombia: Santander\u201d."},"content":{"rendered":"\r\n<p><strong>Santander<\/strong> es uno de los treinta y dos departamentos\u00a0de la Rep\u00fablica de Colombia, siendo <strong>Bucaramanga<\/strong> la capital, una ciudad destacada por su desarrollo industrial, comercial y educativo, conocida como la <strong>\u00abCiudad Bonita\u00bb<\/strong> por su belleza natural y urban\u00edstica.<\/p>\r\n<p>El <strong>Departamento de Santander<\/strong> est\u00e1 ubicado en el nororiente de Colombia, en la regi\u00f3n Andina, limitando con los departamentos de Norte de Santander, Boyac\u00e1, Cesar, y la regi\u00f3n del Magdalena Medio.<br \/>\u00a0 <br \/>El <strong>Departamento de Santander<\/strong>, una de las regiones de Colombia con mayor riqueza hist\u00f3rica; recibi\u00f3 su nombre en alusi\u00f3n a <strong>Francisco de Paula Santander,<\/strong> pr\u00f3cer de la independencia de la Nueva Granada.<br \/><br \/><strong>Santander<\/strong> fue una de las regiones protagonistas en la <strong>Independencia de Colombia<\/strong>, con figuras como <strong>Antonia Santos<\/strong> y <strong>Jos\u00e9 Antonio Gal\u00e1n<\/strong>, el <strong>l\u00edder<\/strong> de la <strong>Revoluci\u00f3n de los Comuneros en 1781.<\/strong><br \/><br \/><strong>Bucaramanga<\/strong> es un centro universitario importante, con instituciones como la <strong>Universidad Industrial de Santander<\/strong> (<strong>UIS<\/strong>).<br \/><br \/>El <strong>Departamento de Santander<\/strong> ocupa en el pa\u00eds el cuarto lugar despu\u00e9s del Departamento del Valle del Cauca, por su importancia poblacional y econ\u00f3mica. La mayor parte de los r\u00edos y quebradas son afluentes del Rio Magdalena; e. ste corre de sur a norte por el costado occidental de su geograf\u00eda en una longitud de 289\u00a0km.<\/p>\r\n<p>El <strong>Departamento de Santander<\/strong> presenta una variedad de paisajes, desde monta\u00f1as en la regi\u00f3n andina hasta valles y llanuras. El clima var\u00eda desde templado en las zonas altas hasta c\u00e1lido en las \u00e1reas bajas<\/p>\r\n<p>El <strong>Departamento de Santander<\/strong> tiene una rica tradici\u00f3n cultural con influencias ind\u00edgenas, mestizas y afro colombianas. Es conocido por festividades como la <strong>Feria Bonita<\/strong> en Bucaramanga y la celebraci\u00f3n del <strong>Festival de Barichara<\/strong>.<\/p>\r\n<p>El Gobierno de Colombia por intermedio del Ministerio de Comunicaciones autoriz\u00f3 la emisi\u00f3n postal\u00a0<strong>\u201cDepartamentos de Colombia: Santander\u201d<\/strong>, dentro de la Serie Departamentos de Colombia, mediante el Acuerdo N\u00ba 002 del 27 de marzo de 2003 .\u2028\u2028<\/p>\r\n<p><strong>El acto protocolario<\/strong>. El acto protocolario de lanzamiento de la emisi\u00f3n postal\u00a0<strong>\u201cDepartamentos de Colombia: Santander\u201d<\/strong>\u00a0tuvo lugar en la ciudad de Bucaramanga, capital del departamento de Santander, el 22 de julio de 2003.\u2028\u2028\u00a0<\/p>\r\n<p><strong>La emisi\u00f3n postal<\/strong>. La emisi\u00f3n postal <strong>\u201cDepartamentos de Colombia: Santander\u201d,<\/strong>. contiene la hoja bloque, la carpeta, el bolet\u00edn informativo y los sobres de primer d\u00eda.\u00a0<\/p>\r\n<p><strong><a href=\"https:\/\/www.afitecol.com\/wp-content\/uploads\/2025\/03\/Santander1.png\"><img loading=\"lazy\" decoding=\"async\" class=\"alignleft  wp-image-18362\" src=\"https:\/\/www.afitecol.com\/wp-content\/uploads\/2025\/03\/Santander1.png\" alt=\"\" width=\"203\" height=\"252\" srcset=\"https:\/\/www.afitecol.com\/wp-content\/uploads\/2025\/03\/Santander1.png 617w, https:\/\/www.afitecol.com\/wp-content\/uploads\/2025\/03\/Santander1-241x300.png 241w\" sizes=\"(max-width: 203px) 85vw, 203px\" \/><\/a>La hoja bloque<\/strong>. La hoja bloque, en tama\u00f1o de 16 x 20 cm., contiene 12 estampillas, adornada con bandeletas. En la parte superior aparece el t\u00edtulo de la emisi\u00f3n: <strong>\u201cDepartamentos de Colombia: Santander\u201d<\/strong>.\u2028<\/p>\r\n<p><strong>Estampillas laterales:<\/strong><\/p>\r\n<p><strong><a href=\"https:\/\/www.afitecol.com\/wp-content\/uploads\/2025\/03\/Santander2-png.png\"><img loading=\"lazy\" decoding=\"async\" class=\"alignleft  wp-image-18363\" src=\"https:\/\/www.afitecol.com\/wp-content\/uploads\/2025\/03\/Santander2-png.png\" alt=\"\" width=\"100\" height=\"130\" srcset=\"https:\/\/www.afitecol.com\/wp-content\/uploads\/2025\/03\/Santander2-png.png 238w, https:\/\/www.afitecol.com\/wp-content\/uploads\/2025\/03\/Santander2-png-231x300.png 231w\" sizes=\"(max-width: 100px) 85vw, 100px\" \/><\/a>1. Barichara<\/strong>, Centro hist\u00f3rico, fue fundado en 1705. Su nombre proviene de una palabra ind\u00edgena Guane que significa \u00ablugar de descanso\u00bb. En 1978 fue declarado Monumento Nacional debido a su conservaci\u00f3n arquitect\u00f3nica y cultural.<\/p>\r\n<p><strong>Barichara<\/strong> se diferencia de otras localidades en Colombia, por sus calles empedradas, sus casas de color blanco con techos de teja de barro y puertas de madera. La mayor\u00eda de las construcciones se han mantenido con las t\u00e9cnicas tradicionales, usando piedra y barro. Se destacan edificaciones, entre otras, como la <strong>Catedral de la Inmaculada Concepci\u00f3n<\/strong>, construida en piedra amarilla en el siglo XVIII.<br \/><br \/><strong><a href=\"https:\/\/www.afitecol.com\/wp-content\/uploads\/2025\/03\/Santander3.png\"><img loading=\"lazy\" decoding=\"async\" class=\"alignleft  wp-image-18364\" src=\"https:\/\/www.afitecol.com\/wp-content\/uploads\/2025\/03\/Santander3.png\" alt=\"\" width=\"101\" height=\"131\" srcset=\"https:\/\/www.afitecol.com\/wp-content\/uploads\/2025\/03\/Santander3.png 238w, https:\/\/www.afitecol.com\/wp-content\/uploads\/2025\/03\/Santander3-231x300.png 231w\" sizes=\"(max-width: 101px) 85vw, 101px\" \/><\/a>2. Festival Internacional del piano de Bucaramanga<\/strong>, es uno de los eventos culturales m\u00e1s destacados de Colombia y Latinoam\u00e9rica y la regi\u00f3n de Santander y tiene su sede en la Universidad Industrial de Santander, en Bucaramanga,. Desde su inicio en 1984, ha sido una plataforma para la difusi\u00f3n de la m\u00fasica pian\u00edstica, reuniendo a artistas de renombre y fomentando el talento local.\u200b<br \/><br \/><strong><a href=\"https:\/\/www.afitecol.com\/wp-content\/uploads\/2025\/03\/Santander4.png\"><img loading=\"lazy\" decoding=\"async\" class=\"alignleft  wp-image-18365\" src=\"https:\/\/www.afitecol.com\/wp-content\/uploads\/2025\/03\/Santander4.png\" alt=\"\" width=\"103\" height=\"134\" srcset=\"https:\/\/www.afitecol.com\/wp-content\/uploads\/2025\/03\/Santander4.png 238w, https:\/\/www.afitecol.com\/wp-content\/uploads\/2025\/03\/Santander4-231x300.png 231w\" sizes=\"(max-width: 103px) 85vw, 103px\" \/><\/a>3. Gustavo Cote Uribe<\/strong>, poeta colombiano nacido en Bucaramanga, es reconocido por su poes\u00eda intensa y profunda, marcada por una visi\u00f3n cr\u00edtica de la vida y la sociedad. Desde joven mostr\u00f3 inter\u00e9s por la literatura y la poes\u00eda. Aunque su producci\u00f3n fue limitada, tuvo un gran impacto en la poes\u00eda colombiana. Su principal obra publicada es \u00abEl regreso y otros poemas\u00bb, un libro que muestra su talento y sensibilidad po\u00e9tica. Falleci\u00f3 prematuramente en 1969. <br \/><br \/><strong><a href=\"https:\/\/www.afitecol.com\/wp-content\/uploads\/2025\/03\/Santander5.png\"><img loading=\"lazy\" decoding=\"async\" class=\"alignleft  wp-image-18366\" src=\"https:\/\/www.afitecol.com\/wp-content\/uploads\/2025\/03\/Santander5.png\" alt=\"\" width=\"106\" height=\"138\" srcset=\"https:\/\/www.afitecol.com\/wp-content\/uploads\/2025\/03\/Santander5.png 238w, https:\/\/www.afitecol.com\/wp-content\/uploads\/2025\/03\/Santander5-231x300.png 231w\" sizes=\"(max-width: 106px) 85vw, 106px\" \/><\/a>4. Albania. Centro Hist\u00f3rico<\/strong>. El centro hist\u00f3rico se destaca por su arquitectura colonial, con casas tradicionales y calles empedradas que transportan a los visitantes a \u00e9pocas pasadas. Albania es conocida por su riqueza cultural, celebrando festivales y eventos tradicionales que reflejan el folclore, la gastronom\u00eda y la artesan\u00eda de la regi\u00f3n. <br \/><br \/><strong><a href=\"https:\/\/www.afitecol.com\/wp-content\/uploads\/2025\/03\/Santander6.png\"><img loading=\"lazy\" decoding=\"async\" class=\"alignleft  wp-image-18367\" src=\"https:\/\/www.afitecol.com\/wp-content\/uploads\/2025\/03\/Santander6.png\" alt=\"\" width=\"101\" height=\"131\" srcset=\"https:\/\/www.afitecol.com\/wp-content\/uploads\/2025\/03\/Santander6.png 238w, https:\/\/www.afitecol.com\/wp-content\/uploads\/2025\/03\/Santander6-231x300.png 231w\" sizes=\"(max-width: 101px) 85vw, 101px\" \/><\/a>5. Gir\u00f3n Quebrada de las Nieves<\/strong>: importante cuerpo de agua que atraviesa el municipio de Gir\u00f3n, que ha sido objeto de diversas iniciativas de limpieza y mantenimiento para preservar su estado natural y garantizar su funci\u00f3n ecol\u00f3gica.<br \/><br \/><strong><a href=\"https:\/\/www.afitecol.com\/wp-content\/uploads\/2025\/03\/Santander7.png\"><img loading=\"lazy\" decoding=\"async\" class=\"alignleft  wp-image-18368\" src=\"https:\/\/www.afitecol.com\/wp-content\/uploads\/2025\/03\/Santander7.png\" alt=\"\" width=\"101\" height=\"131\" srcset=\"https:\/\/www.afitecol.com\/wp-content\/uploads\/2025\/03\/Santander7.png 238w, https:\/\/www.afitecol.com\/wp-content\/uploads\/2025\/03\/Santander7-231x300.png 231w\" sizes=\"(max-width: 101px) 85vw, 101px\" \/><\/a>6. San Andr\u00e9s, Templo parroquial.<\/strong> Templo cat\u00f3lico localizado en el municipio de San Andr\u00e9s, ubicado en la v\u00eda Curos &#8211; <a href=\"https:\/\/www.afitecol.com\/wp-content\/uploads\/2025\/05\/Copia-de-Santander17.png\"><img loading=\"lazy\" decoding=\"async\" class=\"alignleft  wp-image-18712\" src=\"https:\/\/www.afitecol.com\/wp-content\/uploads\/2025\/05\/Copia-de-Santander17.png\" alt=\"\" width=\"4\" height=\"5\" \/><\/a>M\u00e1laga, a escasas horas de la ciudad de Bucaramanga. El templo es un punto de encuentro para los fieles y un lugar donde se celebran diversas actividades religiosas y comunitarias. El templo es un punto de encuentro para los fieles y un lugar donde se celebran diversas actividades religiosas y comunitarias.<br \/><br \/><strong>7<a href=\"https:\/\/www.afitecol.com\/wp-content\/uploads\/2025\/03\/Santander8.png\"><img loading=\"lazy\" decoding=\"async\" class=\"alignleft  wp-image-18369\" src=\"https:\/\/www.afitecol.com\/wp-content\/uploads\/2025\/03\/Santander8.png\" alt=\"\" width=\"101\" height=\"131\" srcset=\"https:\/\/www.afitecol.com\/wp-content\/uploads\/2025\/03\/Santander8.png 238w, https:\/\/www.afitecol.com\/wp-content\/uploads\/2025\/03\/Santander8-231x300.png 231w\" sizes=\"(max-width: 101px) 85vw, 101px\" \/><\/a>. Bucaramanga. Carnaval del oriente Colombiano<\/strong>. El Carnaval se lleva a cabo en M\u00e1laga; es una festividad destacada en la regi\u00f3n oriental de Colombia, durante las Ferias y Fiestas de San Jer\u00f3nimo, que tienen lugar en las primeras dos semanas de enero. Esta festividad es reconocida por su diversidad cultural, desfiles de carrozas, comparsas, m\u00fasica en vivo y muestras gastron\u00f3micas que reflejan la riqueza de la regi\u00f3n. Aunque tradicionalmente se celebra en la ciudad de M\u00e1laga, tambi\u00e9n ha tenido presencia en Bucaramanga, la capital departamental.\u200b<\/p>\r\n<p><strong>8. Entreguerras<\/strong>.\u00a0 El \u00abcuadro entre guerras\u00bb en el departamento de Santander, hace referencia al contexto hist\u00f3rico, pol\u00edtico, social y econ\u00f3mico que vivi\u00f3 esta regi\u00f3n del pa\u00eds entre los dos grandes conflictos mundiales: la Primera Guerra Mundial 1914-1918 y la Segunda Guerra Mundial 1939-1945.\u00a0<a href=\"https:\/\/www.afitecol.com\/wp-content\/uploads\/2025\/05\/Copia-de-Santander17.png\"><img loading=\"lazy\" decoding=\"async\" class=\"alignleft  wp-image-18712\" src=\"https:\/\/www.afitecol.com\/wp-content\/uploads\/2025\/05\/Copia-de-Santander17.png\" alt=\"\" width=\"100\" height=\"119\" \/><\/a><\/p>\r\n<p>&nbsp;<\/p>\r\n<p>&nbsp;<\/p>\r\n<p><strong>Estampillas centrales:<\/strong><\/p>\r\n<p><strong><a href=\"https:\/\/www.afitecol.com\/wp-content\/uploads\/2025\/03\/Santander10.png\"><img loading=\"lazy\" decoding=\"async\" class=\"alignleft  wp-image-18371\" src=\"https:\/\/www.afitecol.com\/wp-content\/uploads\/2025\/03\/Santander10.png\" alt=\"\" width=\"120\" height=\"101\" srcset=\"https:\/\/www.afitecol.com\/wp-content\/uploads\/2025\/03\/Santander10.png 367w, https:\/\/www.afitecol.com\/wp-content\/uploads\/2025\/03\/Santander10-300x253.png 300w\" sizes=\"(max-width: 120px) 85vw, 120px\" \/><\/a>1. Bucaramanga. Fundaci\u00f3n oftalmol\u00f3gica<\/strong>. La Fundaci\u00f3n Oftalmol\u00f3gica de Santander es una de las instituciones de salud m\u00e1s prestigiosas de Bucaramanga y de Colombia. La Fundaci\u00f3n est\u00e1 ubicada en Floridablanca, \u00e1rea metropolitana de Bucaramanga, especializada en oftalmolog\u00eda, cuenta con tecnolog\u00eda avanzada pero tambi\u00e9n ofrece servicios en m\u00faltiples especialidades m\u00e9dicas.<\/p>\r\n<p><strong><a href=\"https:\/\/www.afitecol.com\/wp-content\/uploads\/2025\/03\/Santander17-1.png\"><img loading=\"lazy\" decoding=\"async\" class=\"alignleft  wp-image-18379\" src=\"https:\/\/www.afitecol.com\/wp-content\/uploads\/2025\/03\/Santander17-1.png\" alt=\"\" width=\"121\" height=\"104\" \/><\/a>2. Barrancabermeja. Refiner\u00eda. Cristo petrolero.<\/strong> El <strong>Cristo Petrolero<\/strong> es un monumento ic\u00f3nico de la ciudad de Barrancabermeja, y est\u00e1 ubicado en el lago del corregimiento El Centro, cerca de la <strong>Refiner\u00eda de<\/strong> <strong>Ecopetrol<\/strong>. Fue inaugurado como s\u00edmbolo de la relaci\u00f3n entre la industria petrolera y la comunidad. El <strong>Cristo Petrolero<\/strong> representa a Cristo con los brazos abiertos sobre una estructura que simula una plataforma petrolera. Mide 7 metros de altura y est\u00e1 hecho de bronce. Se ha convertido en un sitio tur\u00edstico importante en Barrancabermeja.<\/p>\r\n<p><strong><a href=\"https:\/\/www.afitecol.com\/wp-content\/uploads\/2025\/03\/Santander12.png\"><img loading=\"lazy\" decoding=\"async\" class=\"alignleft  wp-image-18374\" src=\"https:\/\/www.afitecol.com\/wp-content\/uploads\/2025\/03\/Santander12.png\" alt=\"\" width=\"120\" height=\"101\" srcset=\"https:\/\/www.afitecol.com\/wp-content\/uploads\/2025\/03\/Santander12.png 367w, https:\/\/www.afitecol.com\/wp-content\/uploads\/2025\/03\/Santander12-300x253.png 300w\" sizes=\"(max-width: 120px) 85vw, 120px\" \/><\/a>3. Bucaramanga. Club del Comercio<\/strong>. El Club del Comercio de Bucaramanga, ubicado en el centro de la ciudad, es una de las instituciones sociales m\u00e1s exclusivas y tradicionales de la ciudad. Se trata de un edificio hist\u00f3rico con arquitectura elegante, fundado en 1873, y desde entonces ha sido un punto de encuentro para la \u00e9lite empresarial, pol\u00edtica y social de la regi\u00f3n.<\/p>\r\n<p><strong><a href=\"https:\/\/www.afitecol.com\/wp-content\/uploads\/2025\/03\/Santander17-1.png\"><img loading=\"lazy\" decoding=\"async\" class=\"alignleft  wp-image-18379\" src=\"https:\/\/www.afitecol.com\/wp-content\/uploads\/2025\/03\/Santander17-1.png\" alt=\"\" width=\"121\" height=\"104\" \/><\/a>4. Cepit\u00e1. Ca\u00f1\u00f3n del Chicamocha<\/strong>. Cepit\u00e1 es un peque\u00f1o municipio ubicado en el departamento de Santander, rodeado de monta\u00f1as y con un clima c\u00e1lido. Es un destino ideal para quienes buscan tranquilidad y contacto con la naturaleza. El Ca\u00f1\u00f3n del Chicamocha es uno de los ca\u00f1ones m\u00e1s impresionantes de Am\u00e9rica Latina, con paisajes espectaculares e ideal para realizar actividades como senderismo y parapente, y cuenta con el famoso Parque Nacional del Chicamocha o Panachi, que cuenta con telef\u00e9rico y otras atracciones.<br \/><br \/><strong><a href=\"https:\/\/www.afitecol.com\/wp-content\/uploads\/2025\/03\/Santander18.png\"><img loading=\"lazy\" decoding=\"async\" class=\"alignleft  wp-image-18383\" src=\"https:\/\/www.afitecol.com\/wp-content\/uploads\/2025\/03\/Santander18.png\" alt=\"\" width=\"200\" height=\"108\" srcset=\"https:\/\/www.afitecol.com\/wp-content\/uploads\/2025\/03\/Santander18.png 995w, https:\/\/www.afitecol.com\/wp-content\/uploads\/2025\/03\/Santander18-300x162.png 300w, https:\/\/www.afitecol.com\/wp-content\/uploads\/2025\/03\/Santander18-768x414.png 768w\" sizes=\"(max-width: 200px) 85vw, 200px\" \/><\/a><a href=\"https:\/\/www.afitecol.com\/wp-content\/uploads\/2025\/03\/Santander19.png\"><img loading=\"lazy\" decoding=\"async\" class=\"alignleft  wp-image-18384\" src=\"https:\/\/www.afitecol.com\/wp-content\/uploads\/2025\/03\/Santander19.png\" alt=\"\" width=\"200\" height=\"111\" srcset=\"https:\/\/www.afitecol.com\/wp-content\/uploads\/2025\/03\/Santander19.png 987w, https:\/\/www.afitecol.com\/wp-content\/uploads\/2025\/03\/Santander19-300x167.png 300w, https:\/\/www.afitecol.com\/wp-content\/uploads\/2025\/03\/Santander19-768x426.png 768w\" sizes=\"(max-width: 200px) 85vw, 200px\" \/><\/a><a href=\"https:\/\/www.afitecol.com\/wp-content\/uploads\/2025\/03\/Santander20.png\"><img loading=\"lazy\" decoding=\"async\" class=\"alignleft  wp-image-18385\" src=\"https:\/\/www.afitecol.com\/wp-content\/uploads\/2025\/03\/Santander20.png\" alt=\"\" width=\"202\" height=\"112\" srcset=\"https:\/\/www.afitecol.com\/wp-content\/uploads\/2025\/03\/Santander20.png 987w, https:\/\/www.afitecol.com\/wp-content\/uploads\/2025\/03\/Santander20-300x167.png 300w, https:\/\/www.afitecol.com\/wp-content\/uploads\/2025\/03\/Santander20-768x426.png 768w\" sizes=\"(max-width: 202px) 85vw, 202px\" \/><\/a>El sobre de primer d\u00eda<\/strong>.. El primer d\u00eda de circulaci\u00f3n fue el 22 de julio de 2003 y fue matasellado en la ciudad de Bucaramanga, capital del Departamento de Santander, Colombia.<\/p>\r\n","protected":false},"excerpt":{"rendered":"<p>Santander es uno de los treinta y dos departamentos\u00a0de la Rep\u00fablica de Colombia, siendo Bucaramanga la capital, una ciudad destacada por su desarrollo industrial, comercial y educativo, conocida como la \u00abCiudad Bonita\u00bb por su belleza natural y urban\u00edstica. El Departamento de Santander est\u00e1 ubicado en el nororiente de Colombia, en la regi\u00f3n Andina, limitando con &hellip; <a href=\"https:\/\/www.afitecol.com\/?p=18320\" class=\"more-link\">Continuar leyendo<span class=\"screen-reader-text\"> \u00abEmisi\u00f3n postal: \u201cDepartamentos de Colombia: Santander\u201d.\u00bb<\/span><\/a><\/p>\n","protected":false},"author":2,"featured_media":0,"comment_status":"open","ping_status":"closed","sticky":false,"template":"","format":"standard","meta":{"footnotes":""},"categories":[20,9],"tags":[],"class_list":["post-18320","post","type-post","status-publish","format-standard","hentry","category-departamentos","category-noticias-filatelicas"],"_links":{"self":[{"href":"https:\/\/www.afitecol.com\/index.php?rest_route=\/wp\/v2\/posts\/18320"}],"collection":[{"href":"https:\/\/www.afitecol.com\/index.php?rest_route=\/wp\/v2\/posts"}],"about":[{"href":"https:\/\/www.afitecol.com\/index.php?rest_route=\/wp\/v2\/types\/post"}],"author":[{"embeddable":true,"href":"https:\/\/www.afitecol.com\/index.php?rest_route=\/wp\/v2\/users\/2"}],"replies":[{"embeddable":true,"href":"https:\/\/www.afitecol.com\/index.php?rest_route=%2Fwp%2Fv2%2Fcomments&post=18320"}],"version-history":[{"count":10,"href":"https:\/\/www.afitecol.com\/index.php?rest_route=\/wp\/v2\/posts\/18320\/revisions"}],"predecessor-version":[{"id":18715,"href":"https:\/\/www.afitecol.com\/index.php?rest_route=\/wp\/v2\/posts\/18320\/revisions\/18715"}],"wp:attachment":[{"href":"https:\/\/www.afitecol.com\/index.php?rest_route=%2Fwp%2Fv2%2Fmedia&parent=18320"}],"wp:term":[{"taxonomy":"category","embeddable":true,"href":"https:\/\/www.afitecol.com\/index.php?rest_route=%2Fwp%2Fv2%2Fcategories&post=18320"},{"taxonomy":"post_tag","embeddable":true,"href":"https:\/\/www.afitecol.com\/index.php?rest_route=%2Fwp%2Fv2%2Ftags&post=18320"}],"curies":[{"name":"wp","href":"https:\/\/api.w.org\/{rel}","templated":true}]}}