{"id":18310,"date":"2025-05-21T11:17:46","date_gmt":"2025-05-21T16:17:46","guid":{"rendered":"https:\/\/www.afitecol.com\/?p=18310"},"modified":"2025-05-21T11:17:46","modified_gmt":"2025-05-21T16:17:46","slug":"emision-postal-departamentos-de-colombia-tolima","status":"publish","type":"post","link":"https:\/\/www.afitecol.com\/?p=18310","title":{"rendered":"Emisi\u00f3n postal: Departamentos de Colombia: Tolima\u201d."},"content":{"rendered":"\r\n<p>El <strong>departamento del Tolima<\/strong>, situado en el centro &#8211; occidente de Colombia, en la regi\u00f3n Andina, limita con los departamentos de Caldas, Risaralda, Quind\u00edo, Valle del Cauca, Huila, y Cundinamarca.<\/p>\r\n<p>Su capital es la ciudad de <strong>Ibagu\u00e9<\/strong>, una ciudad importante conocida como la <strong>\u00abCiudad Musical de Colombia\u00bb<\/strong> por su rica tradici\u00f3n en m\u00fasica y cultura.<\/p>\r\n<p>El <strong>departamento del Tolima<\/strong> es conocido por su rica herencia cultural, con influencias ind\u00edgenas y mestizas, lo que se refleja en eventos culturales como el <strong>Festival Nacional de la M\u00fasica Colombiana<\/strong> que se realiza en la capital Ibagu\u00e9 y las diferentes festividades locales, las cuales son un reflejo de la tradici\u00f3n cultural.<\/p>\r\n<p>El <strong>departamento del Tolima<\/strong> recibe su nombre de la palabra ind\u00edgena <strong>\u00abTolim\u00e1\u00bb<\/strong>, que proviene de la lengua de los Pijaos, un grupo ind\u00edgena que habitaba la regi\u00f3n antes de la llegada de los espa\u00f1oles. Se cree que <strong>\u00abTolim\u00e1\u00bb<\/strong> significa <strong>\u00abr\u00edo de nieve\u00bb<\/strong>, <strong>\u00abnube de agua\u00bb<\/strong> o <strong>\u00abesmeralda resplandeciente\u00bb<\/strong>, en referencia a la geograf\u00eda monta\u00f1osa y los nevados que caracterizan el territorio.<br \/><br \/>El <strong>Tolima<\/strong> fue una zona habitada por los ind\u00edgenas Pijaos, un pueblo guerrero que resisti\u00f3 la colonizaci\u00f3n espa\u00f1ola. <br \/><br \/>En cuanto a su denominaci\u00f3n como departamento, esta surge tras la reorganizaci\u00f3n pol\u00edtica y territorial de Colombia en el siglo XIX. Antes de ser departamento, el <strong>Tolima<\/strong> formaba parte de la <strong>Provincia de Mariquita<\/strong> y m\u00e1s tarde del <strong>Estado Soberano del Tolima<\/strong> durante la \u00e9poca de la Confederaci\u00f3n Granadina. Finalmente, con la Constituci\u00f3n de 1886, se estableci\u00f3 oficialmente como el <strong>Departamento del Tolima<\/strong> dentro de la Rep\u00fablica de Colombia.<\/p>\r\n<p>El <strong>departamento del Tolima<\/strong> presenta una variedad de paisajes, incluyendo monta\u00f1as en la cordillera de los Andes, valles, y zonas llanas. El clima var\u00eda desde templado en las regiones monta\u00f1osas hasta c\u00e1lido en las \u00e1reas bajas.<\/p>\r\n<p>La <strong>capital del departamento, Ibagu\u00e9<\/strong>, es el principal centro de infraestructura del departamento, con buenas conexiones de transporte, servicios educativos y de salud que facilitan el comercio y el desarrollo regional.<\/p>\r\n<p>La <strong>econom\u00eda del departamento del Tolima<\/strong> se basa en la agricultura, con cultivos de caf\u00e9, arroz, ma\u00edz, y ca\u00f1a de az\u00facar, la ganader\u00eda y la producci\u00f3n de bienes de consumo. Tambi\u00e9n tiene un sector en crecimiento en el turismo, aprovechando sus paisajes naturales, su diversidad geogr\u00e1fica que abarca monta\u00f1as y llanuras, y adem\u00e1s por su rica tradici\u00f3n cultural y musical. <br \/><br \/>El Gobierno de Colombia por intermedio del Ministerio de Comunicaciones autoriz\u00f3 la emisi\u00f3n postal\u00a0<strong>\u201cDepartamentos de Colombia: Tolima\u201d<\/strong>, dentro de la Serie Departamentos de Colombia, mediante el Acuerdo N\u00ba 003 del 26 de marzo de 2004.\u2028\u2028<\/p>\r\n<p><strong>El acto protocolario<\/strong>. El acto protocolario de lanzamiento de la emisi\u00f3n postal\u00a0<strong>\u201cDepartamentos de Colombia: Tolima\u201d<\/strong>\u00a0tuvo lugar en la ciudad de Ibagu\u00e9, capital del departamento del Tolimas, el 16 de abril de 2004.<\/p>\r\n<p><strong>\u2028\u2028La emisi\u00f3n<\/strong>. La emisi\u00f3n postal\u00a0<strong>\u201cDepartamentos de Colombia: Tolima\u201d<\/strong>, consta de 25.000 hojas bloque, para un total de 300.000 estampillas. La emisi\u00f3n postal contiene adem\u00e1s, la carpeta, el bolet\u00edn informativo y los sobres de primer d\u00eda.<\/p>\r\n<p><strong><a href=\"https:\/\/www.afitecol.com\/wp-content\/uploads\/2025\/03\/Tolima1-1.png\"><img loading=\"lazy\" decoding=\"async\" class=\"alignleft  wp-image-18392\" src=\"https:\/\/www.afitecol.com\/wp-content\/uploads\/2025\/03\/Tolima1-1.png\" alt=\"\" width=\"226\" height=\"287\" srcset=\"https:\/\/www.afitecol.com\/wp-content\/uploads\/2025\/03\/Tolima1-1.png 598w, https:\/\/www.afitecol.com\/wp-content\/uploads\/2025\/03\/Tolima1-1-237x300.png 237w\" sizes=\"(max-width: 226px) 85vw, 226px\" \/><\/a>La hoja bloque<\/strong>. La hoja bloque, en tama\u00f1o de 15.5 x 19.5 cm., contiene 12 estampillas, adornada con bandeletas. En la parte superior aparece el t\u00edtulo de la emisi\u00f3n: <strong>\u201cDepartamentos de Colombia: Tolima\u201d<\/strong>.<\/p>\r\n<p>\u2028\u2028<strong>Las estampillas<\/strong>. Las estampillas tienen un valor facial de $ 2.000 pesos colombianos, y est\u00e1n confeccionadas en policrom\u00eda, goma tropicalizada y papel sopal.\u2028\u2028<\/p>\r\n<p><strong>Las Estampillas laterales<\/strong>. Las estampillas laterales, en tama\u00f1o de 50 x 40 mm, tienen los siguientes motivos:<\/p>\r\n<p><strong><a href=\"https:\/\/www.afitecol.com\/wp-content\/uploads\/2025\/03\/Tolima2-1.png\"><img loading=\"lazy\" decoding=\"async\" class=\"alignleft  wp-image-18393\" src=\"https:\/\/www.afitecol.com\/wp-content\/uploads\/2025\/03\/Tolima2-1.png\" alt=\"\" width=\"121\" height=\"102\" srcset=\"https:\/\/www.afitecol.com\/wp-content\/uploads\/2025\/03\/Tolima2-1.png 390w, https:\/\/www.afitecol.com\/wp-content\/uploads\/2025\/03\/Tolima2-1-300x252.png 300w\" sizes=\"(max-width: 121px) 85vw, 121px\" \/><\/a>1. Nevado del Tolima. V<\/strong>olc\u00e1n ubicado en la Cordillera Central de los Andes, con una altura aproximada de 5.200 m.s.n.m, hace parte del <strong>Parque Nacional Natural Los Nevados<\/strong>. Ha tenido m\u00faltiples erupciones en el pasado, pero la \u00faltima registrada fue en 1943. Debido al cambio clim\u00e1tico su actividad ha disminuido considerablemente, pero sigue siendo monitoreado por el Servicio Geol\u00f3gico Colombiano. Se encuentra dentro de un ecosistema de p\u00e1ramo y bosque altoandino, con especies como frailejones, musgos y l\u00edquenes. Es h\u00e1bitat de especies como el oso de anteojos, el c\u00f3ndor andino y varias aves end\u00e9micas.<\/p>\r\n<p><strong><a href=\"https:\/\/www.afitecol.com\/wp-content\/uploads\/2025\/03\/Tolima3-1.png\"><img loading=\"lazy\" decoding=\"async\" class=\"alignleft  wp-image-18396\" src=\"https:\/\/www.afitecol.com\/wp-content\/uploads\/2025\/03\/Tolima3-1.png\" alt=\"\" width=\"124\" height=\"108\" srcset=\"https:\/\/www.afitecol.com\/wp-content\/uploads\/2025\/03\/Tolima3-1.png 360w, https:\/\/www.afitecol.com\/wp-content\/uploads\/2025\/03\/Tolima3-1-300x262.png 300w\" sizes=\"(max-width: 124px) 85vw, 124px\" \/><\/a>2. La Chamba<\/strong>. <strong>Artesan\u00eda tradicional<\/strong>. La Chamba es una artesan\u00eda tradicional del departamento del Tolima, conocida por su distintiva cer\u00e1mica negra y roja. Se elabora en el <strong>municipio del Guamo<\/strong>, espec\u00edficamente en la <strong>vereda La Chamba<\/strong>, de donde toma su nombre. Se elabora con arcilla negra y roja, extra\u00edda de los alrededores del r\u00edo Magdalena El negro se obtiene mediante un proceso de ahumado en el horno, y el rojo se logra puliendo la pieza con piedra antes de la cocci\u00f3n. La cer\u00e1mica es moldeada a mano, cocida en hornos r\u00fasticos y luego pulida con piedras de r\u00edo para lograr su acabado brillante Es famosa por su capacidad para retener el calor y mejorar el sabor de los alimentos.Tiene un gran valor cultural y es considerada <strong>Patrimonio Cultural del Tolima<\/strong>. La cer\u00e1mica de La Chamba no solo es apreciada en Colombia, sino que tambi\u00e9n ha ganado reconocimiento internacional por su calidad y belleza artesanal.<br \/><br \/><a href=\"https:\/\/www.afitecol.com\/wp-content\/uploads\/2025\/03\/Tolima4-1.png\"><img loading=\"lazy\" decoding=\"async\" class=\"alignleft  wp-image-18397\" src=\"https:\/\/www.afitecol.com\/wp-content\/uploads\/2025\/03\/Tolima4-1.png\" alt=\"\" width=\"121\" height=\"106\" srcset=\"https:\/\/www.afitecol.com\/wp-content\/uploads\/2025\/03\/Tolima4-1.png 360w, https:\/\/www.afitecol.com\/wp-content\/uploads\/2025\/03\/Tolima4-1-300x262.png 300w\" sizes=\"(max-width: 121px) 85vw, 121px\" \/><\/a>3. <strong>Los Matachines<\/strong>. Los Matachines son figuras carnavalescas y burlescas que hacen parte de las danzas tradicionales y comparsas en las festividades de la regi\u00f3n como el <strong>Festival Folcl\u00f3rico Colombiano<\/strong> en Ibagu\u00e9 y el <strong>Festival del San Pedro<\/strong> en el Huila. Suelen representar personajes de la cultura popular, la s\u00e1tira pol\u00edtica o la cr\u00edtica social a trav\u00e9s de disfraces llamativos y movimientos exagerados. Los <strong>Matachines<\/strong> utilizan trajes coloridos, m\u00e1scaras grotescas y sombreros adornados con cintas y plumas. Sus danzas incluyen movimientos exagerados y burlones, acompa\u00f1ados de m\u00fasica t\u00edpica como sanjuaneros y bambucos. Se cree que su tradici\u00f3n viene de la mezcla de influencias espa\u00f1olas e ind\u00edgenas, con ra\u00edces en las danzas de los bufones medievales y las expresiones rituales prehisp\u00e1nicas. (<strong>Aclaraci\u00f3n<\/strong> en la estampilla aparece el nombre de <strong>Matachos<\/strong>, lo cual no es correcto).<br \/><br \/><strong><a href=\"https:\/\/www.afitecol.com\/wp-content\/uploads\/2025\/03\/Tolima5-1.png\"><img loading=\"lazy\" decoding=\"async\" class=\"alignleft  wp-image-18394\" src=\"https:\/\/www.afitecol.com\/wp-content\/uploads\/2025\/03\/Tolima5-1.png\" alt=\"\" width=\"124\" height=\"108\" srcset=\"https:\/\/www.afitecol.com\/wp-content\/uploads\/2025\/03\/Tolima5-1.png 360w, https:\/\/www.afitecol.com\/wp-content\/uploads\/2025\/03\/Tolima5-1-300x262.png 300w\" sizes=\"(max-width: 124px) 85vw, 124px\" \/><\/a>4. Rio Magdalena. Pescadores<\/strong>. Los pescadores del r\u00edo Magdalena son comunidades tradicionales que han dependido hist\u00f3ricamente de la pesca como su principal medio de vida. A lo largo del <strong>r\u00edo Magdalena<\/strong>, que es el m\u00e1s importante de Colombia, la pesca no solo ha sido una actividad econ\u00f3mica, sino tambi\u00e9n un pilar cultural y social. Para la pesca utilizan m\u00e9todos tradicionales como atarrayas, anzuelos, y trampas. En algunas regiones, practican la <strong>pesca artesanal<\/strong> con canoas o balsas hechas de madera. Algunas comunidades han heredado t\u00e9cnicas ind\u00edgenas para capturar peces de forma sostenible. La pesca ha sido un sustento por generaciones, transmitida de padres a hijos. Muchos pescadores viven en <strong>palafitos<\/strong>, o sea las casas sobre el agua o comunidades ribere\u00f1as. La gastronom\u00eda local depende en gran parte del pescado fresco, con platos t\u00edpicos como el viudo de pescado.<br \/><br \/><strong><a href=\"https:\/\/www.afitecol.com\/wp-content\/uploads\/2025\/03\/Tolima6-1.png\"><img loading=\"lazy\" decoding=\"async\" class=\"alignleft  wp-image-18398\" src=\"https:\/\/www.afitecol.com\/wp-content\/uploads\/2025\/03\/Tolima6-1.png\" alt=\"\" width=\"123\" height=\"107\" srcset=\"https:\/\/www.afitecol.com\/wp-content\/uploads\/2025\/03\/Tolima6-1.png 360w, https:\/\/www.afitecol.com\/wp-content\/uploads\/2025\/03\/Tolima6-1-300x262.png 300w\" sizes=\"(max-width: 123px) 85vw, 123px\" \/><\/a>5. Ambalema. Comisi\u00f3n Corogr\u00e1fica 1852<\/strong>. Ambalema, ubicada a orillas del r\u00edo Magdalena, fue un centro econ\u00f3mico y comercial de gran importancia durante la <strong>\u00e9poca de la colonia<\/strong> en Colombia. Su historia est\u00e1 marcada por la producci\u00f3n de tabaco y su papel como puerto fluvial clave en la ruta comercial del r\u00edo Magdalena. Su cercan\u00eda con el r\u00edo Magdalena la convirti\u00f3 en un punto de conexi\u00f3n entre el interior del pa\u00eds y la costa Caribe. Hoy en d\u00eda, <strong>Ambalema<\/strong> es reconocida por su legado hist\u00f3rico y arquitect\u00f3nico, con antiguas casonas y calles empedradas que recuerdan su pasado glorioso como un epicentro del comercio colonial en el r\u00edo Magdalena. La <strong>Comisi\u00f3n Corogr\u00e1fic<\/strong>a fue una expedici\u00f3n cient\u00edfica y geogr\u00e1fica ordenada por el gobierno de la Nueva Granada, actual Colombia, en el siglo XIX. Su objetivo era explorar y documentar el territorio nacional para impulsar el desarrollo econ\u00f3mico y social. En 1852, la Comisi\u00f3n Corogr\u00e1fica lleg\u00f3 a la regi\u00f3n del Tolima, dirigida por el ge\u00f3grafo y cart\u00f3grafo <strong>Agust\u00edn Codazzi.<\/strong> Esta visita permiti\u00f3 un detallado estudio de su geograf\u00eda, recursos naturales, econom\u00eda y costumbres de la \u00e9poca. Se documentaron monta\u00f1as, valles, r\u00edos y nevados como el <strong>Nevado del Tolima<\/strong>; se describi\u00f3 el r\u00edo Magdalena como una arteria fundamental para el comercio y la comunicaci\u00f3n. Se registraron costumbres de la poblaci\u00f3n, incluyendo las tradiciones ind\u00edgenas y mestizas. Se hicieron ilustraciones de vestimenta, arquitectura y formas de vida de los habitantes y se describieron las festividades populares y la importancia de la m\u00fasica y la danza en la regi\u00f3n. Se identificaron problemas en los caminos y la necesidad de mejorar las v\u00edas de comunicaci\u00f3n, y entre muchos otros se destac\u00f3 la importancia de los puertos fluviales en el r\u00edo Magdalena. <br \/><br \/><strong><a href=\"https:\/\/www.afitecol.com\/wp-content\/uploads\/2025\/03\/Tolima7-1.png\"><img loading=\"lazy\" decoding=\"async\" class=\"alignleft  wp-image-18399\" src=\"https:\/\/www.afitecol.com\/wp-content\/uploads\/2025\/03\/Tolima7-1.png\" alt=\"\" width=\"122\" height=\"106\" srcset=\"https:\/\/www.afitecol.com\/wp-content\/uploads\/2025\/03\/Tolima7-1.png 360w, https:\/\/www.afitecol.com\/wp-content\/uploads\/2025\/03\/Tolima7-1-300x262.png 300w\" sizes=\"(max-width: 122px) 85vw, 122px\" \/><\/a>6. Mariquita. Ermita<\/strong>. Mariquita, cuyo nombre completo es <strong>San Sebasti\u00e1n de Mariquita<\/strong>, es una de las ciudades m\u00e1s antiguas y con mayor valor hist\u00f3rico en el departamento del Tolima. Fue un importante centro comercial y cient\u00edfico durante la \u00e9poca de la colonia y sigue siendo un destino tur\u00edstico clave en la regi\u00f3n. Fue una de las principales ciudades comerciales del <strong>Virreinato de la Nueva Granada<\/strong>, centro de explotaci\u00f3n del oro en la regi\u00f3n, con una gran presencia de mineros y comerciantes, base de la Real Expedici\u00f3n Bot\u00e1nica, liderada por <strong>Jos\u00e9 Celestino Mutis<\/strong>, donde se estudiaron miles de especies de flora y fauna y punto clave en la ruta del r\u00edo Magdalena, facilitando el comercio entre Santaf\u00e9 de Bogot\u00e1 y la Costa Caribe. La <strong>Ermita de Mariquita<\/strong> es un sitio hist\u00f3rico y religioso de gran importancia en la ciudad de <strong>San Sebasti\u00e1n de Mariquita<\/strong>. Se trata de una de las construcciones m\u00e1s antiguas del municipio y un testimonio del pasado colonial de la regi\u00f3n. Se cree que fue construida en el siglo XVI o XVII, durante el per\u00edodo colonial espa\u00f1ol. Su funci\u00f3n principal era servir como capilla para los primeros evangelizadores y los habitantes de la zona. En la \u00e9poca colonial, Mariquita fue un centro de comercio y miner\u00eda, por lo que la ermita era un lugar de reuni\u00f3n para mineros y viajeros.<br \/><br \/><strong><a href=\"https:\/\/www.afitecol.com\/wp-content\/uploads\/2025\/03\/Tolima8-1.png\"><img loading=\"lazy\" decoding=\"async\" class=\"alignleft  wp-image-18400\" src=\"https:\/\/www.afitecol.com\/wp-content\/uploads\/2025\/03\/Tolima8-1.png\" alt=\"\" width=\"124\" height=\"108\" srcset=\"https:\/\/www.afitecol.com\/wp-content\/uploads\/2025\/03\/Tolima8-1.png 360w, https:\/\/www.afitecol.com\/wp-content\/uploads\/2025\/03\/Tolima8-1-300x262.png 300w\" sizes=\"(max-width: 124px) 85vw, 124px\" \/><\/a>7. Ibagu\u00e9. Conservatorio Castilla<\/strong>. El <strong>Conservatorio del Tolima<\/strong> es una de las instituciones musicales m\u00e1s importantes de Colombia; dentro de sus instalaciones se destaca la <strong>Sala de Conciertos Alberto Castilla<\/strong>, un espacio emblem\u00e1tico para la m\u00fasica en Ibagu\u00e9, llamada la <strong>\u00abCapital Musical de Colombia\u00bb<\/strong>. Fue Inaugurada como parte del Conservatorio del Tolima; su arquitectura mezcla un dise\u00f1o cl\u00e1sico con una ac\u00fastica excepcional. Ha sido remodelada y adaptada con el tiempo para ofrecer mejores condiciones para conciertos y eventos culturales. El maestro <strong>Alberto Castilla<\/strong>, fue el fundador del Conservatorio y el compositor del <strong>Himno del Tolima.<\/strong><br \/><br \/><strong><a href=\"https:\/\/www.afitecol.com\/wp-content\/uploads\/2025\/03\/Tolima9-1.png\"><img loading=\"lazy\" decoding=\"async\" class=\"alignleft  wp-image-18401\" src=\"https:\/\/www.afitecol.com\/wp-content\/uploads\/2025\/03\/Tolima9-1.png\" alt=\"\" width=\"121\" height=\"106\" srcset=\"https:\/\/www.afitecol.com\/wp-content\/uploads\/2025\/03\/Tolima9-1.png 360w, https:\/\/www.afitecol.com\/wp-content\/uploads\/2025\/03\/Tolima9-1-300x262.png 300w\" sizes=\"(max-width: 121px) 85vw, 121px\" \/><\/a>8. Ibagu\u00e9. Museo de Arte del Tolima.<\/strong> El Museo de Arte del Tolima (MAT) es uno de los espacios culturales m\u00e1s importantes de la regi\u00f3n y un referente para la promoci\u00f3n y conservaci\u00f3n del arte en Colombia. Se encuentra en la ciudad de Ibagu\u00e9, cerca del <strong>Conservatorio del Tolim<\/strong>a; fue fundado en el a\u00f1o 2003 con el prop\u00f3sito de impulsar el arte y la cultura en la regi\u00f3n. Alberga una importante colecci\u00f3n de arte moderno y contempor\u00e1neo colombiano. \u00a0Cuenta con obras de reconocidos artistas nacionales e internacionales y sus exposiciones incluyen pintura, escultura, fotograf\u00eda y arte conceptual.<\/p>\r\n<p><strong>Las Estampillas centrales<\/strong>. Las estampillas centrales, en tama\u00f1o de 50 x 40 mm, tienen los siguientes motivos:<\/p>\r\n<p><strong><a href=\"https:\/\/www.afitecol.com\/wp-content\/uploads\/2025\/03\/TolimaA-2.png\"><img loading=\"lazy\" decoding=\"async\" class=\"alignleft  wp-image-18403\" src=\"https:\/\/www.afitecol.com\/wp-content\/uploads\/2025\/03\/TolimaA-2.png\" alt=\"\" width=\"78\" height=\"122\" \/><\/a>1. Her\u00e1ldica<\/strong>. La her\u00e1ldica del Departamento del Tolima est\u00e1 representada en su escudo, el cual simboliza la historia, riqueza y valores de este departamento colombiano. El escudo refleja la historia, cultura, econom\u00eda y naturaleza del Tolima. Destaca el esp\u00edritu de lucha de sus pueblos originarios, su biodiversidad y su importancia en la econom\u00eda colombiana. Es un emblema de orgullo para los tolimenses, recordando su pasado ind\u00edgena, su participaci\u00f3n en la independencia y su riqueza agr\u00edcola y natural. Elementos principales: el volc\u00e1n nevado del Tolima, un ind\u00edgena pijao con arco y flecha, una cornucopia o cuerno de la abundancia, una espada en alto, ramas de caf\u00e9 y tabaco y la cinta con la frase: <strong>Departamento del Tolima.<\/strong><\/p>\r\n<p><strong><a href=\"https:\/\/www.afitecol.com\/wp-content\/uploads\/2025\/03\/TolimaB-1.png\"><img loading=\"lazy\" decoding=\"async\" class=\"alignleft  wp-image-18404\" src=\"https:\/\/www.afitecol.com\/wp-content\/uploads\/2025\/03\/TolimaB-1.png\" alt=\"\" width=\"76\" height=\"124\" \/><\/a>2. Icononzo<\/strong>. Icononzo es un municipio del departamento del Tolima, Colombia, se encuentra en la zona oriental del Tolima, cerca del departamento de Cundinamarca, es conocido por su historia, paisajes naturales y su importancia en la regi\u00f3n. Tiene una serie de atractivos naturales y tur\u00edsticos como el <strong>Puente Natural de Icononzo<\/strong> una formaci\u00f3n rocosa con un impresionante arco de piedra natural, considerado un fen\u00f3meno geol\u00f3gico \u00fanico. Tiene valor hist\u00f3rico, ya que fue un paso clave en la \u00e9poca de la independencia. <strong>La Cueva de los Guacharos<\/strong> es un importante atractivo para los amantes de la espeleolog\u00eda y la biodiversidad, fue asi mismo una Zona de resistencia ind\u00edgena en la \u00e9poca colonial y jug\u00f3 un papel importante en la independencia de Colombia.<\/p>\r\n<p><strong><a href=\"https:\/\/www.afitecol.com\/wp-content\/uploads\/2025\/03\/TolimaC-1.png\"><img loading=\"lazy\" decoding=\"async\" class=\"alignleft  wp-image-18405\" src=\"https:\/\/www.afitecol.com\/wp-content\/uploads\/2025\/03\/TolimaC-1.png\" alt=\"\" width=\"77\" height=\"120\" \/><\/a>3. Ibagu\u00e9<\/strong>. <strong>Pan\u00f3ptico<\/strong>. El <strong>Pan\u00f3ptico de Ibagu\u00e9<\/strong>, tambi\u00e9n conocido como la <strong>C\u00e1rcel Nacional de Ibagu\u00e9<\/strong>, es un edificio hist\u00f3rico ubicado en la capital del Tolima. Fue una de las prisiones m\u00e1s importantes de la regi\u00f3n y hoy es un espacio cultural y museo. La construcci\u00f3nse inici\u00f3 en 1895 y fue dise\u00f1ado bajo el <strong>modelo pan\u00f3ptico<\/strong>, un sistema arquitect\u00f3nico ideado para facilitar la vigilancia de los presos desde un solo punto. Sirvi\u00f3 como c\u00e1rcel hasta el a\u00f1o 2003, cuando fue cerrada por problemas de infraestructura y derechos humanos.<br \/><br \/><strong><a href=\"https:\/\/www.afitecol.com\/wp-content\/uploads\/2025\/03\/TolimaD-1.png\"><img loading=\"lazy\" decoding=\"async\" class=\"alignleft  wp-image-18406\" src=\"https:\/\/www.afitecol.com\/wp-content\/uploads\/2025\/03\/TolimaD-1.png\" alt=\"\" width=\"79\" height=\"121\" \/><\/a>4. Cacique Calarc<\/strong>\u00e1. El Cacique Calarc\u00e1 fue un l\u00edder ind\u00edgena de la tribu Pijao, reconocido por su valent\u00eda y resistencia contra la colonizaci\u00f3n espa\u00f1ola en el territorio que hoy comprende los departamentos de Tolima, Quind\u00edo y Huila. El <strong>Cacique Calarc\u00e1<\/strong> es recordado como un guerrero indomable, cuyo legado sigue vivo en la historia del Tolima y el pa\u00eds. Pertenec\u00eda a la <strong>naci\u00f3n Pijao<\/strong>, un grupo ind\u00edgena guerrero que habitaba la regi\u00f3n central de Colombia. Se destac\u00f3 por su feroz resistencia contra los espa\u00f1oles, defendiendo su territorio y cultura. Su nombre se asocia con la actual ciudad de<strong> Calarc\u00e1<\/strong>, en el Quind\u00edo, donde se cree que tuvo influencia. Lider\u00f3 varios ataques contra los conquistadores espa\u00f1oles en el siglo XVI. Fue uno de los principales oponentes de Baltasar Maldonado, un capit\u00e1n espa\u00f1ol enviado para someter a los Pijaos. Se dice que el <strong>Cacique Calarc\u00e1<\/strong> logr\u00f3 reunir un gran ej\u00e9rcito de guerreros, utilizando estrategias de guerra basadas en su conocimiento del territorio. Calarc\u00e1 es un s\u00edmbolo de la lucha ind\u00edgena en Colombia. Se ha convertido en una figura legendaria, inspirando la identidad de la ciudad de Calarc\u00e1 y la regi\u00f3n.<br \/><br \/><strong><a href=\"https:\/\/www.afitecol.com\/wp-content\/uploads\/2025\/03\/Tolima10-1.png\"><img loading=\"lazy\" decoding=\"async\" class=\"alignleft  wp-image-18402\" src=\"https:\/\/www.afitecol.com\/wp-content\/uploads\/2025\/03\/Tolima10-1.png\" alt=\"\" width=\"204\" height=\"112\" srcset=\"https:\/\/www.afitecol.com\/wp-content\/uploads\/2025\/03\/Tolima10-1.png 647w, https:\/\/www.afitecol.com\/wp-content\/uploads\/2025\/03\/Tolima10-1-300x165.png 300w\" sizes=\"(max-width: 204px) 85vw, 204px\" \/><\/a>El sobre de primer d\u00eda<\/strong>.. El primer d\u00eda de circulaci\u00f3n fue el 16 de abril de 2004 y fue matasellado en la ciudad de Ibagu\u00e9, Departamento del Tolima, Colombia.<\/p>\r\n","protected":false},"excerpt":{"rendered":"<p>El departamento del Tolima, situado en el centro &#8211; occidente de Colombia, en la regi\u00f3n Andina, limita con los departamentos de Caldas, Risaralda, Quind\u00edo, Valle del Cauca, Huila, y Cundinamarca. Su capital es la ciudad de Ibagu\u00e9, una ciudad importante conocida como la \u00abCiudad Musical de Colombia\u00bb por su rica tradici\u00f3n en m\u00fasica y cultura. &hellip; <a href=\"https:\/\/www.afitecol.com\/?p=18310\" class=\"more-link\">Continuar leyendo<span class=\"screen-reader-text\"> \u00abEmisi\u00f3n postal: Departamentos de Colombia: Tolima\u201d.\u00bb<\/span><\/a><\/p>\n","protected":false},"author":2,"featured_media":0,"comment_status":"open","ping_status":"closed","sticky":false,"template":"","format":"standard","meta":{"footnotes":""},"categories":[20],"tags":[],"class_list":["post-18310","post","type-post","status-publish","format-standard","hentry","category-departamentos"],"_links":{"self":[{"href":"https:\/\/www.afitecol.com\/index.php?rest_route=\/wp\/v2\/posts\/18310"}],"collection":[{"href":"https:\/\/www.afitecol.com\/index.php?rest_route=\/wp\/v2\/posts"}],"about":[{"href":"https:\/\/www.afitecol.com\/index.php?rest_route=\/wp\/v2\/types\/post"}],"author":[{"embeddable":true,"href":"https:\/\/www.afitecol.com\/index.php?rest_route=\/wp\/v2\/users\/2"}],"replies":[{"embeddable":true,"href":"https:\/\/www.afitecol.com\/index.php?rest_route=%2Fwp%2Fv2%2Fcomments&post=18310"}],"version-history":[{"count":6,"href":"https:\/\/www.afitecol.com\/index.php?rest_route=\/wp\/v2\/posts\/18310\/revisions"}],"predecessor-version":[{"id":18445,"href":"https:\/\/www.afitecol.com\/index.php?rest_route=\/wp\/v2\/posts\/18310\/revisions\/18445"}],"wp:attachment":[{"href":"https:\/\/www.afitecol.com\/index.php?rest_route=%2Fwp%2Fv2%2Fmedia&parent=18310"}],"wp:term":[{"taxonomy":"category","embeddable":true,"href":"https:\/\/www.afitecol.com\/index.php?rest_route=%2Fwp%2Fv2%2Fcategories&post=18310"},{"taxonomy":"post_tag","embeddable":true,"href":"https:\/\/www.afitecol.com\/index.php?rest_route=%2Fwp%2Fv2%2Ftags&post=18310"}],"curies":[{"name":"wp","href":"https:\/\/api.w.org\/{rel}","templated":true}]}}