{"id":18179,"date":"2025-01-17T16:04:25","date_gmt":"2025-01-17T21:04:25","guid":{"rendered":"https:\/\/www.afitecol.com\/?p=18179"},"modified":"2025-01-17T16:04:25","modified_gmt":"2025-01-17T21:04:25","slug":"emision-postal-navidad-2024-jardin-botanico-bogota","status":"publish","type":"post","link":"https:\/\/www.afitecol.com\/?p=18179","title":{"rendered":"Emisi\u00f3n postal: \u201cNavidad 2024: Jard\u00edn Bot\u00e1nico. Bogot\u00e1\u00bb"},"content":{"rendered":"\r\n<p><a href=\"https:\/\/www.afitecol.com\/wp-content\/uploads\/2025\/01\/Navdad24a.jpeg\"><img loading=\"lazy\" decoding=\"async\" class=\"alignleft  wp-image-18205\" src=\"https:\/\/www.afitecol.com\/wp-content\/uploads\/2025\/01\/Navdad24a.jpeg\" alt=\"\" width=\"200\" height=\"201\" srcset=\"https:\/\/www.afitecol.com\/wp-content\/uploads\/2025\/01\/Navdad24a.jpeg 817w, https:\/\/www.afitecol.com\/wp-content\/uploads\/2025\/01\/Navdad24a-298x300.jpeg 298w, https:\/\/www.afitecol.com\/wp-content\/uploads\/2025\/01\/Navdad24a-150x150.jpeg 150w, https:\/\/www.afitecol.com\/wp-content\/uploads\/2025\/01\/Navdad24a-768x773.jpeg 768w\" sizes=\"(max-width: 200px) 85vw, 200px\" \/><\/a><a href=\"https:\/\/www.afitecol.com\/wp-content\/uploads\/2025\/01\/Nvidad24C.jpeg\"><img loading=\"lazy\" decoding=\"async\" class=\"alignleft  wp-image-18209\" src=\"https:\/\/www.afitecol.com\/wp-content\/uploads\/2025\/01\/Nvidad24C.jpeg\" alt=\"\" width=\"110\" height=\"199\" srcset=\"https:\/\/www.afitecol.com\/wp-content\/uploads\/2025\/01\/Nvidad24C.jpeg 453w, https:\/\/www.afitecol.com\/wp-content\/uploads\/2025\/01\/Nvidad24C-165x300.jpeg 165w\" sizes=\"(max-width: 110px) 85vw, 110px\" \/><\/a><a href=\"https:\/\/www.afitecol.com\/wp-content\/uploads\/2025\/01\/Navidad24b.jpeg\"><img loading=\"lazy\" decoding=\"async\" class=\"alignleft  wp-image-18206\" src=\"https:\/\/www.afitecol.com\/wp-content\/uploads\/2025\/01\/Navidad24b.jpeg\" alt=\"\" width=\"200\" height=\"202\" srcset=\"https:\/\/www.afitecol.com\/wp-content\/uploads\/2025\/01\/Navidad24b.jpeg 814w, https:\/\/www.afitecol.com\/wp-content\/uploads\/2025\/01\/Navidad24b-297x300.jpeg 297w, https:\/\/www.afitecol.com\/wp-content\/uploads\/2025\/01\/Navidad24b-768x776.jpeg 768w\" sizes=\"(max-width: 200px) 85vw, 200px\" \/><\/a>El a\u00f1o 2024 que termin\u00f3, tuvo una serie de dificultades en cuanto a las emisiones postales en Colombia, por causa de algunos cambios en la secci\u00f3n dedicada a la producci\u00f3n de las emisiones postales.<br \/><br \/>En Colombia, al igual que lo hacen muchos otros pa\u00edses en el mundo, el 25 de Diciembre de cada a\u00f1o se celebra la Festividad conocida como La <strong>Navidad<\/strong>, y los Correos emiten unas estampillas para conmemorar este acontecimiento, con temas propios de la ocasi\u00f3n.<br \/><br \/>En cumplimiento de un Acuerdo entre los Miembros de la Uni\u00f3n Postal Universal U.P.U., entre ellos Colombia, se emiten en esta \u00e9poca una serie de estampillas que tienen como motivo el referente a la <strong>Natividad<\/strong> o <strong>Navidad<\/strong>.<br \/><br \/>Se ha indicado en varias oportunidades que el Tema Navidad es una de los asuntos de colecci\u00f3n m\u00e1s populares alrededor del mundo, por lo tanto los filatelistas esperan con avidez estas emisiones postales.\u00a0<\/p>\r\n<p><blockquote class=\"wp-embedded-content\" data-secret=\"giKoGDSBWF\"><a href=\"https:\/\/www.afitecol.com\/?p=18127\">Navidad: 25 de diciembre<\/a><\/blockquote><iframe loading=\"lazy\" class=\"wp-embedded-content\" sandbox=\"allow-scripts\" security=\"restricted\" style=\"position: absolute; visibility: hidden;\" title=\"\u00abNavidad: 25 de diciembre\u00bb \u2014 AFITECOL - Amigos de la Filatelia Tem\u00e1tica en Colombia | 2008 - 2023\" src=\"https:\/\/www.afitecol.com\/?p=18127&#038;embed=true#?secret=b6oWq9Hvnc#?secret=giKoGDSBWF\" data-secret=\"giKoGDSBWF\" width=\"600\" height=\"338\" frameborder=\"0\" marginwidth=\"0\" marginheight=\"0\" scrolling=\"no\"><\/iframe><\/p>\r\n<p>Para celebrar la <strong>\u201cNavidad 2024: Jard\u00edn Bot\u00e1nico. Bogot\u00e1\u00bb<\/strong>, Colombia, por intermedio del Ministerio de Tecnolog\u00edas de la Informaci\u00f3n y las Comunicaciones, autoriz\u00f3 la Emisi\u00f3n Postal denominada <strong>\u201cNavidad 2024\u201d<\/strong>, mediante la Resoluci\u00f3n N\u00ba 04569 del 14 de noviembre de 2024.<br \/><br \/><strong>Acto protocolario<\/strong>. El acto protocolario de lanzamiento de la Emisi\u00f3n postal <strong>\u201cNavidad 2024: Jard\u00edn Bot\u00e1nico. Bogot\u00e1\u00bb<\/strong>, se llev\u00f3 a cabo en la ciudad de Bogot\u00e1, D. C., Colombia, el d\u00eda 20 de diciembre de 2024.<br \/><br \/><strong>La emisi\u00f3n<\/strong>. La emisi\u00f3n postal <strong>\u201cNavidad 2024: Jard\u00edn Bot\u00e1nico. Bogot\u00e1\u00bb<\/strong>\u00a0consta de 3.215 hojas-bloque, para un total de 12.860 estampillas. La emisi\u00f3n contiene adem\u00e1s la carpeta, el bolet\u00edn informativo y el sobre de primer d\u00eda.<br \/><br \/><strong><a href=\"https:\/\/www.afitecol.com\/wp-content\/uploads\/2025\/01\/Navidad24Hoja.jpeg\"><img loading=\"lazy\" decoding=\"async\" class=\"alignleft  wp-image-18208\" src=\"https:\/\/www.afitecol.com\/wp-content\/uploads\/2025\/01\/Navidad24Hoja.jpeg\" alt=\"\" width=\"229\" height=\"252\" srcset=\"https:\/\/www.afitecol.com\/wp-content\/uploads\/2025\/01\/Navidad24Hoja.jpeg 749w, https:\/\/www.afitecol.com\/wp-content\/uploads\/2025\/01\/Navidad24Hoja-273x300.jpeg 273w\" sizes=\"(max-width: 229px) 85vw, 229px\" \/><\/a>La hoja-bloque<\/strong>. La hoja-bloque, en tama\u00f1o de 9 x 10 cm, contiene 4 estampillas. En la parte superior aparece el t\u00edtulo de la emisi\u00f3n postal: <strong>\u201cNavidad 2024: Jard\u00edn Bot\u00e1nico. Bogot\u00e1\u00bb<\/strong>.<br \/><br \/><strong>Las estampillas<\/strong>. Las estampillas tienen un tama\u00f1o de 40 x 30 mm, en policrom\u00eda, m\u00e1s una tinta especial fluorescente invisible, revelable con luz ultravioleta, en papel engomado de 110 grs. y un valor facial de $ 2.000 pesos colombianos.<br \/><br \/><strong>Imagen de las Estampillas<\/strong>: La imagen de las estampillas no est\u00e1 directamente relacionada con im\u00e1genes concernientes con la Navidad, pero que tienen relaci\u00f3n de lo que acontece en determinadas festividades, como la Navidad, con elementos que se encuentran en el <strong>Jard\u00edn Bot\u00e1nico de Bogot\u00e1, Colombia.<\/strong><br \/><br \/><strong><a href=\"https:\/\/www.afitecol.com\/wp-content\/uploads\/2025\/01\/Captura-de-pantalla-2025-01-14-a-las-6.24.09-p.-m-1.png\"><img loading=\"lazy\" decoding=\"async\" class=\"alignleft  wp-image-18186\" src=\"https:\/\/www.afitecol.com\/wp-content\/uploads\/2025\/01\/Captura-de-pantalla-2025-01-14-a-las-6.24.09-p.-m.png\" alt=\"\" width=\"150\" height=\"114\" \/><\/a> <br \/>1.\u2060 Reinita Gorginaranja<\/strong> (\u2060<strong><em>Setophaga fusca<\/em><\/strong>). \u00a0La reinita Gorginaranja migra desde el norte de Am\u00e9rica y llega a Colombia en el mes de agosto para pasar la Navidad en Colombia, el pa\u00eds con mayor diversidad de aves en el mundo, un lugar \u00fanico que la acoge a\u00f1o tras a\u00f1o.<br \/><br \/>Aqu\u00ed, encuentra un banquete navide\u00f1o en los bosques colombianos, con una variedad de insectos como: zancudos, escarabajos, mariposas y grillos, entre otros. <br \/><br \/><a href=\"https:\/\/www.afitecol.com\/wp-content\/uploads\/2025\/01\/Captura-de-pantalla-2025-01-14-a-las-6.25.02-p.-m.png\"><img loading=\"lazy\" decoding=\"async\" class=\"alignleft  wp-image-18188\" src=\"https:\/\/www.afitecol.com\/wp-content\/uploads\/2025\/01\/Captura-de-pantalla-2025-01-14-a-las-6.25.02-p.-m.png\" alt=\"\" width=\"151\" height=\"121\" \/><\/a>2.\u2060 <strong>Orqu\u00eddea banderita u orqu\u00eddea llama<\/strong> (\u2060<strong><em>Masdevalia \u00edgnea<\/em><\/strong>)<br \/><br \/>La orqu\u00eddea banderita\u00a0es una especie de orqu\u00eddea ep\u00edfita originaria de Colombia. <em>Ignea<\/em>, que significa \u201cardiente\u201d o \u201cde fuego\u201d.Esta especie de orqu\u00eddea ilumina las monta\u00f1as de algunas regiones de Colombia con su belleza. Sus flores forman una estructura que parece una antorcha en miniatura, mientras que sus vibrantes tonos de naranja, rojo y amarillo parecen peque\u00f1as llamas llenas de vida.<br \/><br \/>A pesar de su peque\u00f1o tama\u00f1o, esta joya de las orqu\u00eddeas se destaca por su impresionante impacto visual. Su forma \u00fanica y sus colores intensos simbolizan amor, calidez y energ\u00eda, ideales para celebrar la Navidad y nuestras tradiciones.<br \/><br \/><a href=\"https:\/\/www.afitecol.com\/wp-content\/uploads\/2025\/01\/Captura-de-pantalla-2025-01-14-a-las-6.25.19-p.-m.png\"><img loading=\"lazy\" decoding=\"async\" class=\"alignleft  wp-image-18189\" src=\"https:\/\/www.afitecol.com\/wp-content\/uploads\/2025\/01\/Captura-de-pantalla-2025-01-14-a-las-6.25.19-p.-m.png\" alt=\"\" width=\"150\" height=\"121\" \/><\/a>3.\u2060 \u2060 <strong>Bromelia antorcha<\/strong> (<strong><em>Guzmania con\u00edfera<\/em><\/strong>); en particular, se reconoce por sus brillantes flores agrupadas en un racimo central. Su llamativa inflorescencia, que var\u00eda entre tonos rojos y amarillos, crea un contraste espectacular con el verde intenso de sus hojas. En su h\u00e1bitat natural, se adapta a las ramas de los \u00e1rboles, donde obtiene agua y nutrientes del aire y de la humedad acumulada en la base de sus hojas,<br \/><br \/>Esta planta, al igual que otras bromelias, son recolectadas para adornar pesebres, afectando sus poblaciones silvestres.<br \/><br \/><strong><a href=\"https:\/\/www.afitecol.com\/wp-content\/uploads\/2025\/01\/Captura-de-pantalla-2025-01-14-a-las-6.24.39-p.-m.png\"><img loading=\"lazy\" decoding=\"async\" class=\"alignleft  wp-image-18187\" src=\"https:\/\/www.afitecol.com\/wp-content\/uploads\/2025\/01\/Captura-de-pantalla-2025-01-14-a-las-6.24.39-p.-m.png\" alt=\"\" width=\"150\" height=\"109\" \/><\/a>4.\u2060 \u2060Cascada Jard\u00edn Bot\u00e1nico<\/strong><br \/><br \/>La Cascada del Jard\u00edn Bot\u00e1nico de Bogot\u00e1 es un refugio atractivo en medio de la ciudad, que cautiva con el sonido del agua y la magia de su iluminaci\u00f3n navide\u00f1a. <br \/><br \/>Durante la temporada de Navidad, el murmullo del agua al caer entre las rocas se fusiona con las luces brillantes, creando un ambiente lleno de serenidad y encanto.<br \/><br \/>En medio del fr\u00edo y la calma de esta \u00e9poca, la cascada se convierte en un recordatorio de la belleza de los peque\u00f1os momentos de paz.<br \/><br \/><strong>La diagramaci\u00f3n:<\/strong> La diagramaci\u00f3n estuvo a cargo de Daniel Amaya.<br \/><br \/><strong><a href=\"https:\/\/www.afitecol.com\/wp-content\/uploads\/2025\/01\/Navidad24H.jpeg\"><img loading=\"lazy\" decoding=\"async\" class=\"alignleft  wp-image-18207\" src=\"https:\/\/www.afitecol.com\/wp-content\/uploads\/2025\/01\/Navidad24H.jpeg\" alt=\"\" width=\"231\" height=\"123\" srcset=\"https:\/\/www.afitecol.com\/wp-content\/uploads\/2025\/01\/Navidad24H.jpeg 657w, https:\/\/www.afitecol.com\/wp-content\/uploads\/2025\/01\/Navidad24H-300x160.jpeg 300w\" sizes=\"(max-width: 231px) 85vw, 231px\" \/><\/a>El sobre de primer d\u00eda<\/strong>. Se imprimieron 45 sobres numerados de Primer D\u00eda de Servicio, siendo el primer d\u00eda de servicio el 20 de diciembre de 2024 y matasellado en la ciudad de Bogot\u00e1, D. C., Colombia.<br \/><br \/><strong>Valor de la emisi\u00f3n postal.<\/strong> La emisi\u00f3n postal que contiene la carpeta, el bolet\u00edn informativo, la hoja bloque y el sobre de primer d\u00eda tiene un valor de $ 84.900 pesos colombianos.<br \/><br \/><strong>AFITECOL<\/strong> aprovecha esta grandiosa oportunidad para agradecer a sus continuos lectores por sus comentarios y sus voces de apoyo.<\/p>\r\n<p>Continuaremos en este a\u00f1o 2025 dando la informaci\u00f3n filat\u00e9lica correspondiente a todos los <strong>Amigos de la Filatelia Tem\u00e1tica<\/strong> en Colombia (<strong>AFITECOL<\/strong>), tanto en Colombia como de muchos pa\u00edses del mundo.<\/p>\r\n","protected":false},"excerpt":{"rendered":"<p>El a\u00f1o 2024 que termin\u00f3, tuvo una serie de dificultades en cuanto a las emisiones postales en Colombia, por causa de algunos cambios en la secci\u00f3n dedicada a la producci\u00f3n de las emisiones postales. En Colombia, al igual que lo hacen muchos otros pa\u00edses en el mundo, el 25 de Diciembre de cada a\u00f1o se &hellip; <a href=\"https:\/\/www.afitecol.com\/?p=18179\" class=\"more-link\">Continuar leyendo<span class=\"screen-reader-text\"> \u00abEmisi\u00f3n postal: \u201cNavidad 2024: Jard\u00edn Bot\u00e1nico. Bogot\u00e1\u00bb\u00bb<\/span><\/a><\/p>\n","protected":false},"author":2,"featured_media":0,"comment_status":"open","ping_status":"closed","sticky":false,"template":"","format":"standard","meta":{"footnotes":""},"categories":[5],"tags":[],"class_list":["post-18179","post","type-post","status-publish","format-standard","hentry","category-emisiones"],"_links":{"self":[{"href":"https:\/\/www.afitecol.com\/index.php?rest_route=\/wp\/v2\/posts\/18179"}],"collection":[{"href":"https:\/\/www.afitecol.com\/index.php?rest_route=\/wp\/v2\/posts"}],"about":[{"href":"https:\/\/www.afitecol.com\/index.php?rest_route=\/wp\/v2\/types\/post"}],"author":[{"embeddable":true,"href":"https:\/\/www.afitecol.com\/index.php?rest_route=\/wp\/v2\/users\/2"}],"replies":[{"embeddable":true,"href":"https:\/\/www.afitecol.com\/index.php?rest_route=%2Fwp%2Fv2%2Fcomments&post=18179"}],"version-history":[{"count":16,"href":"https:\/\/www.afitecol.com\/index.php?rest_route=\/wp\/v2\/posts\/18179\/revisions"}],"predecessor-version":[{"id":18211,"href":"https:\/\/www.afitecol.com\/index.php?rest_route=\/wp\/v2\/posts\/18179\/revisions\/18211"}],"wp:attachment":[{"href":"https:\/\/www.afitecol.com\/index.php?rest_route=%2Fwp%2Fv2%2Fmedia&parent=18179"}],"wp:term":[{"taxonomy":"category","embeddable":true,"href":"https:\/\/www.afitecol.com\/index.php?rest_route=%2Fwp%2Fv2%2Fcategories&post=18179"},{"taxonomy":"post_tag","embeddable":true,"href":"https:\/\/www.afitecol.com\/index.php?rest_route=%2Fwp%2Fv2%2Ftags&post=18179"}],"curies":[{"name":"wp","href":"https:\/\/api.w.org\/{rel}","templated":true}]}}