{"id":17804,"date":"2024-09-07T09:35:13","date_gmt":"2024-09-07T14:35:13","guid":{"rendered":"https:\/\/www.afitecol.com\/?p=17804"},"modified":"2024-09-07T09:35:13","modified_gmt":"2024-09-07T14:35:13","slug":"emision-postal-90-anos-escuela-naval-de-suboficiales-a-r-c-barranquilla-1934-2024","status":"publish","type":"post","link":"https:\/\/www.afitecol.com\/?p=17804","title":{"rendered":"Emisi\u00f3n postal: \u201c90 a\u00f1os Escuela Naval de Suboficiales A.R.C. \u201cBarranquilla\u201d. 1934 \u2013 2024\u201d"},"content":{"rendered":"\r\n<p><a href=\"https:\/\/www.afitecol.com\/wp-content\/uploads\/2024\/09\/EscuelaNaval1.png\"><img loading=\"lazy\" decoding=\"async\" class=\"alignleft  wp-image-17829\" src=\"https:\/\/www.afitecol.com\/wp-content\/uploads\/2024\/09\/EscuelaNaval1.png\" alt=\"\" width=\"200\" height=\"271\" srcset=\"https:\/\/www.afitecol.com\/wp-content\/uploads\/2024\/09\/EscuelaNaval1.png 601w, https:\/\/www.afitecol.com\/wp-content\/uploads\/2024\/09\/EscuelaNaval1-221x300.png 221w\" sizes=\"(max-width: 200px) 85vw, 200px\" \/><\/a><a href=\"https:\/\/www.afitecol.com\/wp-content\/uploads\/2024\/09\/EscuelaNaval2-1.png\"><img loading=\"lazy\" decoding=\"async\" class=\"alignleft  wp-image-17830\" src=\"https:\/\/www.afitecol.com\/wp-content\/uploads\/2024\/09\/EscuelaNaval2-1.png\" alt=\"\" width=\"201\" height=\"275\" srcset=\"https:\/\/www.afitecol.com\/wp-content\/uploads\/2024\/09\/EscuelaNaval2-1.png 601w, https:\/\/www.afitecol.com\/wp-content\/uploads\/2024\/09\/EscuelaNaval2-1-220x300.png 220w\" sizes=\"(max-width: 201px) 85vw, 201px\" \/><\/a>La <strong>Escuela Naval de Suboficiales A.R.C. Barranquilla<\/strong> comenz\u00f3 a funcionar el 20 de Abril de 1934, con el nombre de <strong>\u201cEscuela de Maquinistas y Grumetes\u201d<\/strong>.<br \/><br \/>El nombre que tiene actualmente la <strong>Escuela Naval de Suboficiales A.R.C. \u201cBarranquilla\u201d<\/strong> lo tom\u00f3 a finales de 1991.<br \/><br \/>Con motivo de los <strong>75 a\u00f1os de la Escuela Naval de Suboficiales A.R.C. \u201cBarranquilla\u201d<\/strong>, <strong>AFITECOL<\/strong> public\u00f3 la emisi\u00f3n postal dedicada a los 75 a\u00f1os.<\/p>\r\n<p><blockquote class=\"wp-embedded-content\" data-secret=\"OAvxuC8Ijk\"><a href=\"https:\/\/www.afitecol.com\/?p=982\">Emisi\u00f3n postal: 75 a\u00f1os Escuela Naval de Suboficiales A.R.C. \u201cBarranquilla\u201d<\/a><\/blockquote><iframe loading=\"lazy\" class=\"wp-embedded-content\" sandbox=\"allow-scripts\" security=\"restricted\" style=\"position: absolute; clip: rect(1px, 1px, 1px, 1px);\" title=\"\u00abEmisi\u00f3n postal: 75 a\u00f1os Escuela Naval de Suboficiales A.R.C. \u201cBarranquilla\u201d\u00bb \u2014 AFITECOL - Amigos de la Filatelia Tem\u00e1tica en Colombia | 2008 - 2023\" src=\"https:\/\/www.afitecol.com\/?p=982&#038;embed=true#?secret=IeKbWp3I9L#?secret=OAvxuC8Ijk\" data-secret=\"OAvxuC8Ijk\" width=\"600\" height=\"338\" frameborder=\"0\" marginwidth=\"0\" marginheight=\"0\" scrolling=\"no\"><\/iframe><\/p>\r\n<p>En el a\u00f1o 2004, con base en la excelencia de los programas de Tecnolog\u00eda Naval en Electr\u00f3nica y Naviera, el Gobierno Nacional, por intermedio del Ministerio de Educaci\u00f3n le confiri\u00f3 a la Escuela Naval la Orden \u201cLuis L\u00f3pez De Mesa\u201d. <br \/><br \/>El Ministerio de Educaci\u00f3n Nacional le confiri\u00f3 Acreditaci\u00f3n Institucional de Alta Calidad en el a\u00f1o 2008, previo el concepto favorable de Consejo Nacional de Acreditaci\u00f3n<br \/><br \/>De esta Escuela Naval de Suboficiales A.R.C. \u201cBarranquilla\u201d 1934 \u2013 2024\u201d<br \/>han egresado miles de suboficiales, excelentes profesionales, que han contribuido al progreso de Colombia al incrementar el poder mar\u00edtimo de la naci\u00f3n.<br \/><br \/>La emisi\u00f3n: denominada <strong>\u201c90 a\u00f1os de Escuela Naval de Suboficiales A.R.C. \u201cBarranquilla 1934 \u2013 2024\u201d<\/strong>, fue autorizada por Resoluci\u00f3n N\u00ba 01849 del 21 de mayo de 2024 del Ministerio de Tecnolog\u00edas de la Informaci\u00f3n y las Comunicaciones. <br \/><br \/><strong>Acto protocolario<\/strong>. El acto protocolario del lanzamiento de la Emisi\u00f3n postal: <strong>\u201c90 a\u00f1os Escuela Naval de Suboficiales A.R.C. \u201cBarranquilla\u201d 1934 \u2013 2024\u201d<\/strong> tuvo lugar en la ciudad de Barranquilla, Colombia, el d\u00eda 23 de agosto de 2024.<br \/><br \/><strong>La emisi\u00f3n<\/strong>. La Emisi\u00f3n postal: <strong>\u201c90 a\u00f1os Escuela Naval de Suboficiales A.R.C. \u201cBarranquilla\u201d 1934 \u2013 2024\u201d<\/strong>, consta de 2.500 hojas bloque, para un total de 10.000 estampillas. La emisi\u00f3n postal contiene adem\u00e1s la carpeta, el bolet\u00edn informativo y el sobre de primer d\u00eda.<br \/><br \/><strong><a href=\"https:\/\/www.afitecol.com\/wp-content\/uploads\/2024\/09\/EscuelaNaval3.png\"><img loading=\"lazy\" decoding=\"async\" class=\"alignleft  wp-image-17831\" src=\"https:\/\/www.afitecol.com\/wp-content\/uploads\/2024\/09\/EscuelaNaval3.png\" alt=\"\" width=\"150\" height=\"238\" srcset=\"https:\/\/www.afitecol.com\/wp-content\/uploads\/2024\/09\/EscuelaNaval3.png 438w, https:\/\/www.afitecol.com\/wp-content\/uploads\/2024\/09\/EscuelaNaval3-189x300.png 189w\" sizes=\"(max-width: 150px) 85vw, 150px\" \/><\/a>La hoja bloque.<\/strong> La hoja bloque, numerada, est\u00e1 compuesta por 4 estampillas. La parte superior de la hoja lleva como t\u00edtulo: <strong>\u201cArmada de Colombia 90 a\u00f1os Escuela Naval de Suboficiales A.R.C. \u201cBarranquilla,\u00a0 1934 \u2013 2024\u201d<\/strong><br \/><br \/><strong>Las estampillas<\/strong>. Las 4 estampillas, en tama\u00f1o de 30 x 40 mm, en policrom\u00eda, m\u00e1s una tinta especial fluorescente invisible, revelable con luz ultravioleta, papel engomado de 110 grs. y goma PVA tienen un valor facial de $ 10.000 pesos colombianos.<br \/><br \/><a href=\"https:\/\/www.afitecol.com\/wp-content\/uploads\/2024\/09\/EscuelaNaval4.png\"><img loading=\"lazy\" decoding=\"async\" class=\"alignleft  wp-image-17833\" src=\"https:\/\/www.afitecol.com\/wp-content\/uploads\/2024\/09\/EscuelaNaval4.png\" alt=\"\" width=\"119\" height=\"149\" srcset=\"https:\/\/www.afitecol.com\/wp-content\/uploads\/2024\/09\/EscuelaNaval4.png 270w, https:\/\/www.afitecol.com\/wp-content\/uploads\/2024\/09\/EscuelaNaval4-240x300.png 240w\" sizes=\"(max-width: 119px) 85vw, 119px\" \/><\/a>Las<strong> estampilla<\/strong>s tienen como imagen la conmemoraci\u00f3n de los 90 a\u00f1os, en donde el n\u00famero 9 lleva la \u201cGorra\u201d distintiva de los marineros y dentro del cero se encuentra el escudo de la Instituci\u00f3n<br \/><br \/>El dise\u00f1o estuvo a cargo de M\u00f3nica Marcela Vargas.<br \/><br \/><strong><a href=\"https:\/\/www.afitecol.com\/wp-content\/uploads\/2024\/09\/EscuelaNaval4-1.png\"><img loading=\"lazy\" decoding=\"async\" class=\"alignleft  wp-image-17832\" src=\"https:\/\/www.afitecol.com\/wp-content\/uploads\/2024\/09\/EscuelaNaval4-1.png\" alt=\"\" width=\"251\" height=\"132\" srcset=\"https:\/\/www.afitecol.com\/wp-content\/uploads\/2024\/09\/EscuelaNaval4-1.png 654w, https:\/\/www.afitecol.com\/wp-content\/uploads\/2024\/09\/EscuelaNaval4-1-300x158.png 300w\" sizes=\"(max-width: 251px) 85vw, 251px\" \/><\/a>El sobre de primer d\u00eda<\/strong>. Se imprimieron 100 sobres numerados de primer d\u00eda de servicio; el primer d\u00eda de servicio fue el 23 de agosto de 2024 y fue matasellado en la ciudad de Barranquilla, Departamento del Atl\u00e1ntico, Colombia.<\/p>\r\n","protected":false},"excerpt":{"rendered":"<p>La Escuela Naval de Suboficiales A.R.C. Barranquilla comenz\u00f3 a funcionar el 20 de Abril de 1934, con el nombre de \u201cEscuela de Maquinistas y Grumetes\u201d. El nombre que tiene actualmente la Escuela Naval de Suboficiales A.R.C. \u201cBarranquilla\u201d lo tom\u00f3 a finales de 1991. Con motivo de los 75 a\u00f1os de la Escuela Naval de Suboficiales &hellip; <a href=\"https:\/\/www.afitecol.com\/?p=17804\" class=\"more-link\">Continuar leyendo<span class=\"screen-reader-text\"> \u00abEmisi\u00f3n postal: \u201c90 a\u00f1os Escuela Naval de Suboficiales A.R.C. \u201cBarranquilla\u201d. 1934 \u2013 2024\u201d\u00bb<\/span><\/a><\/p>\n","protected":false},"author":2,"featured_media":0,"comment_status":"open","ping_status":"closed","sticky":false,"template":"","format":"standard","meta":{"footnotes":""},"categories":[5],"tags":[],"class_list":["post-17804","post","type-post","status-publish","format-standard","hentry","category-emisiones"],"_links":{"self":[{"href":"https:\/\/www.afitecol.com\/index.php?rest_route=\/wp\/v2\/posts\/17804"}],"collection":[{"href":"https:\/\/www.afitecol.com\/index.php?rest_route=\/wp\/v2\/posts"}],"about":[{"href":"https:\/\/www.afitecol.com\/index.php?rest_route=\/wp\/v2\/types\/post"}],"author":[{"embeddable":true,"href":"https:\/\/www.afitecol.com\/index.php?rest_route=\/wp\/v2\/users\/2"}],"replies":[{"embeddable":true,"href":"https:\/\/www.afitecol.com\/index.php?rest_route=%2Fwp%2Fv2%2Fcomments&post=17804"}],"version-history":[{"count":6,"href":"https:\/\/www.afitecol.com\/index.php?rest_route=\/wp\/v2\/posts\/17804\/revisions"}],"predecessor-version":[{"id":17837,"href":"https:\/\/www.afitecol.com\/index.php?rest_route=\/wp\/v2\/posts\/17804\/revisions\/17837"}],"wp:attachment":[{"href":"https:\/\/www.afitecol.com\/index.php?rest_route=%2Fwp%2Fv2%2Fmedia&parent=17804"}],"wp:term":[{"taxonomy":"category","embeddable":true,"href":"https:\/\/www.afitecol.com\/index.php?rest_route=%2Fwp%2Fv2%2Fcategories&post=17804"},{"taxonomy":"post_tag","embeddable":true,"href":"https:\/\/www.afitecol.com\/index.php?rest_route=%2Fwp%2Fv2%2Ftags&post=17804"}],"curies":[{"name":"wp","href":"https:\/\/api.w.org\/{rel}","templated":true}]}}