{"id":17749,"date":"2024-08-06T20:22:58","date_gmt":"2024-08-07T01:22:58","guid":{"rendered":"https:\/\/www.afitecol.com\/?p=17749"},"modified":"2024-08-24T10:58:35","modified_gmt":"2024-08-24T15:58:35","slug":"emision-postal-jesuitas-colombia-100-anos","status":"publish","type":"post","link":"https:\/\/www.afitecol.com\/?p=17749","title":{"rendered":"Emisi\u00f3n postal: \u201cJesuitas Colombia: 100 a\u00f1os\u201d"},"content":{"rendered":"\r\n<p><a href=\"https:\/\/www.afitecol.com\/wp-content\/uploads\/2024\/08\/JesuitasPortada.png\"><img loading=\"lazy\" decoding=\"async\" class=\"alignleft  wp-image-17758\" src=\"https:\/\/www.afitecol.com\/wp-content\/uploads\/2024\/08\/JesuitasPortada-765x1024.png\" alt=\"\" width=\"200\" height=\"267\" srcset=\"https:\/\/www.afitecol.com\/wp-content\/uploads\/2024\/08\/JesuitasPortada-765x1024.png 765w, https:\/\/www.afitecol.com\/wp-content\/uploads\/2024\/08\/JesuitasPortada-224x300.png 224w, https:\/\/www.afitecol.com\/wp-content\/uploads\/2024\/08\/JesuitasPortada-768x1028.png 768w, https:\/\/www.afitecol.com\/wp-content\/uploads\/2024\/08\/JesuitasPortada.png 816w\" sizes=\"(max-width: 200px) 85vw, 200px\" \/><\/a><a href=\"https:\/\/www.afitecol.com\/wp-content\/uploads\/2024\/08\/JesuitasPortada4.png\"><img loading=\"lazy\" decoding=\"async\" class=\"alignleft  wp-image-17762\" src=\"https:\/\/www.afitecol.com\/wp-content\/uploads\/2024\/08\/JesuitasPortada4-759x1024.png\" alt=\"\" width=\"200\" height=\"269\" srcset=\"https:\/\/www.afitecol.com\/wp-content\/uploads\/2024\/08\/JesuitasPortada4-759x1024.png 759w, https:\/\/www.afitecol.com\/wp-content\/uploads\/2024\/08\/JesuitasPortada4-222x300.png 222w, https:\/\/www.afitecol.com\/wp-content\/uploads\/2024\/08\/JesuitasPortada4-768x1036.png 768w, https:\/\/www.afitecol.com\/wp-content\/uploads\/2024\/08\/JesuitasPortada4.png 804w\" sizes=\"(max-width: 200px) 85vw, 200px\" \/><\/a><\/p>\r\n<p>&nbsp;<\/p>\r\n<p><a href=\"https:\/\/www.afitecol.com\/wp-content\/uploads\/2024\/08\/JesuitasPortada2-1.png\"><img loading=\"lazy\" decoding=\"async\" class=\"alignleft  wp-image-17759\" src=\"https:\/\/www.afitecol.com\/wp-content\/uploads\/2024\/08\/JesuitasPortada2-1.png\" alt=\"\" width=\"149\" height=\"331\" srcset=\"https:\/\/www.afitecol.com\/wp-content\/uploads\/2024\/08\/JesuitasPortada2-1.png 321w, https:\/\/www.afitecol.com\/wp-content\/uploads\/2024\/08\/JesuitasPortada2-1-135x300.png 135w\" sizes=\"(max-width: 149px) 85vw, 149px\" \/><\/a><\/p>\r\n<p>&nbsp;<\/p>\r\n<p>&nbsp;<\/p>\r\n<p>&nbsp;<\/p>\r\n<p>La <strong>Compa\u00f1\u00eda de Jes\u00fas<\/strong>, conocida como los <strong>Jesuitas<\/strong>, es una orden religiosa de la Iglesia Cat\u00f3lica fundada en 1540 por <strong>San Ignacio de Loyola<\/strong>.\u00a0<a href=\"https:\/\/www.afitecol.com\/wp-content\/uploads\/2024\/08\/1956.png\"><img loading=\"lazy\" decoding=\"async\" class=\"alignleft  wp-image-17753\" src=\"https:\/\/www.afitecol.com\/wp-content\/uploads\/2024\/08\/1956.png\" alt=\"\" width=\"101\" height=\"122\" \/><\/a><\/p>\r\n<p><em><strong>1956. IV centenario de la muerte de San Ignacio de Loyola. <\/strong><\/em><\/p>\r\n<p>Desde la \u00e9poca <a href=\"https:\/\/www.afitecol.com\/wp-content\/uploads\/2024\/08\/JesuitasPortada3.png\"><img loading=\"lazy\" decoding=\"async\" class=\"alignleft  wp-image-17760\" src=\"https:\/\/www.afitecol.com\/wp-content\/uploads\/2024\/08\/JesuitasPortada3.png\" alt=\"\" width=\"307\" height=\"107\" srcset=\"https:\/\/www.afitecol.com\/wp-content\/uploads\/2024\/08\/JesuitasPortada3.png 804w, https:\/\/www.afitecol.com\/wp-content\/uploads\/2024\/08\/JesuitasPortada3-300x104.png 300w, https:\/\/www.afitecol.com\/wp-content\/uploads\/2024\/08\/JesuitasPortada3-768x267.png 768w\" sizes=\"(max-width: 307px) 85vw, 307px\" \/><\/a>colonial los jesuitas han tenido una presencia significativa en Colombia desempe\u00f1ando un papel comprometido, principalmente, con la evangelizaci\u00f3n y la educaci\u00f3n.<\/p>\r\n<p>Los <strong>jesuitas<\/strong> llegaron a Colombia durante la \u00e9poca del Virreinato de la Nueva Granada. Establecieron varias misiones y colegios, siendo pioneros en la evangelizaci\u00f3n de comunidades ind\u00edgenas y en la educaci\u00f3n de la \u00e9lite colonial.<\/p>\r\n<p>Los <strong>jesuitas<\/strong> fueron expulsados de Colombia en varias ocasiones y motivada por diversas razones, incluyendo la percepci\u00f3n de que los jesuitas ten\u00edan demasiado poder e influencia tanto en la educaci\u00f3n como en la pol\u00edtica y la econom\u00eda.<\/p>\r\n<p>Tras la independencia de Colombia, regresaron en 1844, se establecieron nuevamente en Colombia y reanudaron su labor educativa y misional.<\/p>\r\n<p><a href=\"https:\/\/www.afitecol.com\/wp-content\/uploads\/2024\/08\/1978.png\"><img loading=\"lazy\" decoding=\"async\" class=\"alignleft  wp-image-17766\" src=\"https:\/\/www.afitecol.com\/wp-content\/uploads\/2024\/08\/1978.png\" alt=\"\" width=\"101\" height=\"116\" \/><\/a><em><strong>1978. General Tom\u00e1s Cipriano de Mosquera.<\/strong><\/em><\/p>\r\n<p>En 1850 enfrentaron otra expulsi\u00f3n durante la presidencia de <strong>Tom\u00e1s Cipriano de Mosquera<\/strong>\u00a0 quien tom\u00f3 esta decisi\u00f3n como parte de una serie de reformas anticlericales que buscaban limitar el poder de la Iglesia Cat\u00f3lica y promover una educaci\u00f3n laica.<\/p>\r\n<p>Los <strong>Jesuitas<\/strong> son conocidos por su compromiso con la educaci\u00f3n. En Colombia, administran varios colegios y universidades de prestigio, entre los que se destacan: ( p\u00e1gina 124) la Universidad Javeriana de Bogot\u00e1, tambi\u00e9n conocida como <strong>Pontificia Universidad Javeriana<\/strong>.<\/p>\r\n<p><a href=\"https:\/\/www.afitecol.com\/wp-content\/uploads\/2024\/08\/1973.png\"><img loading=\"lazy\" decoding=\"async\" class=\"alignleft  wp-image-17754\" src=\"https:\/\/www.afitecol.com\/wp-content\/uploads\/2024\/08\/1973.png\" alt=\"\" width=\"100\" height=\"75\" \/><\/a><\/p>\r\n<p><em><strong>1973. 350 a\u00f1os de la Universidad Javeriana.<\/strong><\/em><\/p>\r\n<p>La Universidad fue fundada el 9 de julio de 1623 y es una de las universidades m\u00e1s importantes del pa\u00eds, con sedes en Bogot\u00e1 y Cali.<\/p>\r\n<p><a href=\"https:\/\/www.afitecol.com\/wp-content\/uploads\/2024\/08\/1988.png\"><img loading=\"lazy\" decoding=\"async\" class=\"alignleft  wp-image-17755\" src=\"https:\/\/www.afitecol.com\/wp-content\/uploads\/2024\/08\/1988.png\" alt=\"\" width=\"78\" height=\"100\" \/><\/a><strong><em>1988. Colegio San Bartolom\u00e9.<\/em><\/strong><\/p>\r\n<p><strong>El Colegio San Bartolom\u00e9<\/strong>, es uno de los colegios m\u00e1s antiguos de Colombia; fue fundado en 1604, y ha educado a numerosas generaciones de l\u00edderes colombianos.<\/p>\r\n<p>Los <strong>jesuitas en Colombia<\/strong> tambi\u00e9n est\u00e1n involucrados en la producci\u00f3n de literatura religiosa y educativa. Editan revistas, libros y otros materiales que difunden su pensamiento y misi\u00f3n.<br \/><br \/>Los <strong>Jesuitas<\/strong> han sido actores activos en los <strong>Procesos de Paz en Colombia<\/strong>, en diversas regiones, especialmente en \u00e1reas afectadas por el conflicto armado y la pobreza, mediando entre el gobierno y los grupos insurgentes.<\/p>\r\n<p>En resumen, la <strong>Compa\u00f1\u00eda de Jes\u00fas en Colombia<\/strong> ha sido y sigue siendo una fuerza importante en los \u00e1mbitos educativo, social, cultural y espiritual, con una influencia significativa en la formaci\u00f3n de l\u00edderes y en la promoci\u00f3n de la justicia y la paz en el pa\u00eds.<\/p>\r\n<p>Para celebrar el <strong>Centenario de la Compa\u00f1\u00eda de Jes\u00fas en Colombia<\/strong> el Gobierno Colombiano a trav\u00e9s del Ministerio de Tecnolog\u00edas de la Informaci\u00f3n y las Comunicaciones, por medio de la Resoluci\u00f3n N\u00ba 1369 del 24 de abril de 2024 autoriz\u00f3 la emisi\u00f3n postal \u201cJesuitas Colombia: 100 a\u00f1os\u201d.<\/p>\r\n<p><strong>El acto protocolario<\/strong>. El acto protocolario de lanzamiento de la emisi\u00f3n postal <strong>\u201cJesuitas Colombia: 100 a\u00f1os\u201d<\/strong> tuvo lugar en la ciudad de Bucaramanga, capital del departamento de Santander el 27 de julio de 2024.<br \/><br \/><strong>La emisi\u00f3n.<\/strong> La emisi\u00f3n postal <strong>\u201cJesuitas Colombia: 100 a\u00f1os\u201d<\/strong>, consta de 2.500 hojas bloque, para un total de 40.000 estampillas. La emisi\u00f3n postal contiene adem\u00e1s, la carpeta, el bolet\u00edn informativo y 1 sobre de primer d\u00eda.<br \/><br \/><strong><a href=\"https:\/\/www.afitecol.com\/wp-content\/uploads\/2024\/08\/JesuitasBloque5.png\"><img loading=\"lazy\" decoding=\"async\" class=\"alignleft  wp-image-17756\" src=\"https:\/\/www.afitecol.com\/wp-content\/uploads\/2024\/08\/JesuitasBloque5-1024x966.png\" alt=\"\" width=\"201\" height=\"190\" srcset=\"https:\/\/www.afitecol.com\/wp-content\/uploads\/2024\/08\/JesuitasBloque5-1024x966.png 1024w, https:\/\/www.afitecol.com\/wp-content\/uploads\/2024\/08\/JesuitasBloque5-300x283.png 300w, https:\/\/www.afitecol.com\/wp-content\/uploads\/2024\/08\/JesuitasBloque5-768x724.png 768w, https:\/\/www.afitecol.com\/wp-content\/uploads\/2024\/08\/JesuitasBloque5-1200x1132.png 1200w, https:\/\/www.afitecol.com\/wp-content\/uploads\/2024\/08\/JesuitasBloque5.png 1367w\" sizes=\"(max-width: 201px) 85vw, 201px\" \/><\/a>La hoja bloque<\/strong>. La hoja bloque, en tama\u00f1o de 17 x 16 cm., contiene 16 estampillas. En la parte superior aparece el t\u00edtulo de la emisi\u00f3n: \u201cJesuitas Colombia: 100 a\u00f1os\u201d.<br \/><br \/><strong>Las estampillas.<\/strong> Las estampillas en tama\u00f1o de 40 x 30 mm. tienen un valor facial de $ 500 pesos colombianos, y est\u00e1n confeccionadas en policrom\u00eda, m\u00e1s una tinta especial fluorescente invisible revelable con luz ultravioleta, papel engomado de 110 grs. y goma PVA.<br \/><br \/><strong><a href=\"https:\/\/www.afitecol.com\/wp-content\/uploads\/2024\/08\/JesuitasBloque6.png\"><img loading=\"lazy\" decoding=\"async\" class=\"alignleft  wp-image-17757\" src=\"https:\/\/www.afitecol.com\/wp-content\/uploads\/2024\/08\/JesuitasBloque6.png\" alt=\"\" width=\"140\" height=\"104\" srcset=\"https:\/\/www.afitecol.com\/wp-content\/uploads\/2024\/08\/JesuitasBloque6.png 344w, https:\/\/www.afitecol.com\/wp-content\/uploads\/2024\/08\/JesuitasBloque6-300x224.png 300w\" sizes=\"(max-width: 140px) 85vw, 140px\" \/><\/a>La imagen de las estampillas<\/strong>: Las estampillas tienen como imagen la Capilla de San Jos\u00e9, una planta de caf\u00e9, la imagen de San Ignacio de Loyola y el s\u00edmbolo de los Jesuitas.<\/p>\r\n<p><strong>Dise\u00f1o.<\/strong> El dise\u00f1o estuvo a cargo de M\u00f3nica Marcela Vargas.<\/p>\r\n<p><strong><a href=\"https:\/\/www.afitecol.com\/wp-content\/uploads\/2024\/08\/JesuitasSobre7.png\"><img loading=\"lazy\" decoding=\"async\" class=\"alignleft  wp-image-17761\" src=\"https:\/\/www.afitecol.com\/wp-content\/uploads\/2024\/08\/JesuitasSobre7.png\" alt=\"\" width=\"200\" height=\"103\" srcset=\"https:\/\/www.afitecol.com\/wp-content\/uploads\/2024\/08\/JesuitasSobre7.png 667w, https:\/\/www.afitecol.com\/wp-content\/uploads\/2024\/08\/JesuitasSobre7-300x154.png 300w\" sizes=\"(max-width: 200px) 85vw, 200px\" \/><\/a>El sobre de primer d\u00eda<\/strong>. Se imprimieron 40 sobres numerados de primer d\u00eda de circulaci\u00f3n. El primer d\u00eda de circulaci\u00f3n fue el 27 de julio de 2024 y matasellado en la ciudad de Bucaramanga, Departamento de Santander, Colombia.<\/p>\r\n","protected":false},"excerpt":{"rendered":"<p>&nbsp; &nbsp; &nbsp; &nbsp; La Compa\u00f1\u00eda de Jes\u00fas, conocida como los Jesuitas, es una orden religiosa de la Iglesia Cat\u00f3lica fundada en 1540 por San Ignacio de Loyola.\u00a0 1956. IV centenario de la muerte de San Ignacio de Loyola. Desde la \u00e9poca colonial los jesuitas han tenido una presencia significativa en Colombia desempe\u00f1ando un papel &hellip; <a href=\"https:\/\/www.afitecol.com\/?p=17749\" class=\"more-link\">Continuar leyendo<span class=\"screen-reader-text\"> \u00abEmisi\u00f3n postal: \u201cJesuitas Colombia: 100 a\u00f1os\u201d\u00bb<\/span><\/a><\/p>\n","protected":false},"author":2,"featured_media":0,"comment_status":"open","ping_status":"closed","sticky":false,"template":"","format":"standard","meta":{"footnotes":""},"categories":[5],"tags":[],"class_list":["post-17749","post","type-post","status-publish","format-standard","hentry","category-emisiones"],"_links":{"self":[{"href":"https:\/\/www.afitecol.com\/index.php?rest_route=\/wp\/v2\/posts\/17749"}],"collection":[{"href":"https:\/\/www.afitecol.com\/index.php?rest_route=\/wp\/v2\/posts"}],"about":[{"href":"https:\/\/www.afitecol.com\/index.php?rest_route=\/wp\/v2\/types\/post"}],"author":[{"embeddable":true,"href":"https:\/\/www.afitecol.com\/index.php?rest_route=\/wp\/v2\/users\/2"}],"replies":[{"embeddable":true,"href":"https:\/\/www.afitecol.com\/index.php?rest_route=%2Fwp%2Fv2%2Fcomments&post=17749"}],"version-history":[{"count":6,"href":"https:\/\/www.afitecol.com\/index.php?rest_route=\/wp\/v2\/posts\/17749\/revisions"}],"predecessor-version":[{"id":17767,"href":"https:\/\/www.afitecol.com\/index.php?rest_route=\/wp\/v2\/posts\/17749\/revisions\/17767"}],"wp:attachment":[{"href":"https:\/\/www.afitecol.com\/index.php?rest_route=%2Fwp%2Fv2%2Fmedia&parent=17749"}],"wp:term":[{"taxonomy":"category","embeddable":true,"href":"https:\/\/www.afitecol.com\/index.php?rest_route=%2Fwp%2Fv2%2Fcategories&post=17749"},{"taxonomy":"post_tag","embeddable":true,"href":"https:\/\/www.afitecol.com\/index.php?rest_route=%2Fwp%2Fv2%2Ftags&post=17749"}],"curies":[{"name":"wp","href":"https:\/\/api.w.org\/{rel}","templated":true}]}}