{"id":17447,"date":"2024-01-07T11:54:23","date_gmt":"2024-01-07T16:54:23","guid":{"rendered":"https:\/\/www.afitecol.com\/?p=17447"},"modified":"2024-01-07T15:26:02","modified_gmt":"2024-01-07T20:26:02","slug":"dia-mundial-de-la-estampilla-de-correos","status":"publish","type":"post","link":"https:\/\/www.afitecol.com\/?p=17447","title":{"rendered":"D\u00eda Mundial de la Estampilla de Correos"},"content":{"rendered":"\r\n<p>Hoy <strong>domingo 7 de enero de 2024<\/strong> se celebra el <strong>D\u00eda Mundial de la Estampilla<\/strong>, para el envio de la correspondencia, con el objetivo principal de insistir en la importancia que tienen las estampillas en la construcci\u00f3n del patrimonio hist\u00f3rico y cultural de las naciones.<br \/><br \/>El <strong>D\u00eda Mundial de la Estampilla<\/strong>, para el envio de la correspondencia, se celebra cada <strong>7 de enero<\/strong>, desde que se inici\u00f3 en Austria en 1935, en honor al nacimiento de Heinrich von Stephan, el Director General de Correos del Imperio alem\u00e1n y que fue el organizador de su sistema postal. <br \/><br \/>El logro hist\u00f3rico m\u00e1s importante de Heinrich Stephan fue la creaci\u00f3n de la <strong>Uni\u00f3n Postal Universal<\/strong> (UPU) en 1874. Hasta el a\u00f1o 1891, Heinrich von Stephan fue su presidente.<br \/><br \/>En 1874, Stephan convoc\u00f3 al <strong>Primer Congreso Internacional de Oficinas Postales<\/strong> en Berna, Suiza, en el que 22 estados nacionales en el I Congreso internacional de Oficinas Postales acordaron la creaci\u00f3n de la Uni\u00f3n Postal Universal (UPU) y establecieron la Reglas Internacionales para el tr\u00e1fico de cartas y paquetes destinadas a estandarizar estos servicios postales.<br \/><br \/>La lengua oficial de la UPU es el franc\u00e9s y la sede se encuentra en la ciudad de Berna, la capital de Suiza.\u00a0 Actualmente cuenta con 192 pa\u00edses miembros y Colombia es miembro desde 1911. <br \/><br \/>La primera estampilla de la historia para el env\u00edo de la correspondencia es el llamado \u201cPenny Black\u201d (penique negro), que fue puesta en circulaci\u00f3n el 6 de mayo de 1840, a partir de una iniciativa de su inventor el maestro Rowland Hill, en el marco de la reforma del sistema postal brit\u00e1nico. Por este motivo, el 6 de mayo de cada a\u00f1o se celebra el D\u00eda Mundial de la Filatelia.<\/p>\r\n<p><blockquote class=\"wp-embedded-content\" data-secret=\"QiEV4XbeUw\"><a href=\"https:\/\/www.afitecol.com\/?p=13658\">Las Primeras Estampillas para el Correo<\/a><\/blockquote><iframe loading=\"lazy\" class=\"wp-embedded-content\" sandbox=\"allow-scripts\" security=\"restricted\" style=\"position: absolute; clip: rect(1px, 1px, 1px, 1px);\" title=\"\u00abLas Primeras Estampillas para el Correo\u00bb \u2014 AFITECOL - Amigos de la Filatelia Tem\u00e1tica en Colombia | 2008 - 2023\" src=\"https:\/\/www.afitecol.com\/?p=13658&#038;embed=true#?secret=5dW6WJ2rlW#?secret=QiEV4XbeUw\" data-secret=\"QiEV4XbeUw\" width=\"600\" height=\"338\" frameborder=\"0\" marginwidth=\"0\" marginheight=\"0\" scrolling=\"no\"><\/iframe><\/p>\r\n<p>En Colombia las primeras estampillas que se imprimieron para el envio de la correspondencia fueron obra de Celestino y Jer\u00f3nimo Mart\u00ednez, en 1859, a ra\u00edz de la promulgaci\u00f3n de la Ley de Correos por el presidente de la Confederaci\u00f3n Granadina.\u00a0<\/p>\r\n<p><blockquote class=\"wp-embedded-content\" data-secret=\"ZfYwhPu4Lf\"><a href=\"https:\/\/www.afitecol.com\/?p=1559\">Emisi\u00f3n postal: \u201c150 A\u00f1os Primera Emisi\u00f3n de Sellos Postales de Colombia\u201d<\/a><\/blockquote><iframe loading=\"lazy\" class=\"wp-embedded-content\" sandbox=\"allow-scripts\" security=\"restricted\" style=\"position: absolute; clip: rect(1px, 1px, 1px, 1px);\" title=\"\u00abEmisi\u00f3n postal: \u201c150 A\u00f1os Primera Emisi\u00f3n de Sellos Postales de Colombia\u201d\u00bb \u2014 AFITECOL - Amigos de la Filatelia Tem\u00e1tica en Colombia | 2008 - 2023\" src=\"https:\/\/www.afitecol.com\/?p=1559&#038;embed=true#?secret=C8anZoh6fP#?secret=ZfYwhPu4Lf\" data-secret=\"ZfYwhPu4Lf\" width=\"600\" height=\"338\" frameborder=\"0\" marginwidth=\"0\" marginheight=\"0\" scrolling=\"no\"><\/iframe><\/p>\r\n<p>La <strong>UPU<\/strong> tiene como misi\u00f3n la vocaci\u00f3n de favorecer el desarrollo sostenible de los servicios postales universales de calidad, eficaces y accesibles para facilitar la comunicaci\u00f3n entre todos los pueblos del mundo.<br \/><br \/>El <strong>Objetivo de la UPU<\/strong> es asegurar la organizaci\u00f3n y el perfeccionamiento de los servicios postales y favorecer en este \u00e1mbito el desarrollo de la colaboraci\u00f3n internacional.<\/p>\r\n","protected":false},"excerpt":{"rendered":"<p>Hoy domingo 7 de enero de 2024 se celebra el D\u00eda Mundial de la Estampilla, para el envio de la correspondencia, con el objetivo principal de insistir en la importancia que tienen las estampillas en la construcci\u00f3n del patrimonio hist\u00f3rico y cultural de las naciones. El D\u00eda Mundial de la Estampilla, para el envio de &hellip; <a href=\"https:\/\/www.afitecol.com\/?p=17447\" class=\"more-link\">Continuar leyendo<span class=\"screen-reader-text\"> \u00abD\u00eda Mundial de la Estampilla de Correos\u00bb<\/span><\/a><\/p>\n","protected":false},"author":2,"featured_media":0,"comment_status":"open","ping_status":"closed","sticky":false,"template":"","format":"standard","meta":{"footnotes":""},"categories":[9],"tags":[],"class_list":["post-17447","post","type-post","status-publish","format-standard","hentry","category-noticias-filatelicas"],"_links":{"self":[{"href":"https:\/\/www.afitecol.com\/index.php?rest_route=\/wp\/v2\/posts\/17447"}],"collection":[{"href":"https:\/\/www.afitecol.com\/index.php?rest_route=\/wp\/v2\/posts"}],"about":[{"href":"https:\/\/www.afitecol.com\/index.php?rest_route=\/wp\/v2\/types\/post"}],"author":[{"embeddable":true,"href":"https:\/\/www.afitecol.com\/index.php?rest_route=\/wp\/v2\/users\/2"}],"replies":[{"embeddable":true,"href":"https:\/\/www.afitecol.com\/index.php?rest_route=%2Fwp%2Fv2%2Fcomments&post=17447"}],"version-history":[{"count":26,"href":"https:\/\/www.afitecol.com\/index.php?rest_route=\/wp\/v2\/posts\/17447\/revisions"}],"predecessor-version":[{"id":17474,"href":"https:\/\/www.afitecol.com\/index.php?rest_route=\/wp\/v2\/posts\/17447\/revisions\/17474"}],"wp:attachment":[{"href":"https:\/\/www.afitecol.com\/index.php?rest_route=%2Fwp%2Fv2%2Fmedia&parent=17447"}],"wp:term":[{"taxonomy":"category","embeddable":true,"href":"https:\/\/www.afitecol.com\/index.php?rest_route=%2Fwp%2Fv2%2Fcategories&post=17447"},{"taxonomy":"post_tag","embeddable":true,"href":"https:\/\/www.afitecol.com\/index.php?rest_route=%2Fwp%2Fv2%2Ftags&post=17447"}],"curies":[{"name":"wp","href":"https:\/\/api.w.org\/{rel}","templated":true}]}}