{"id":17333,"date":"2023-11-17T16:40:03","date_gmt":"2023-11-17T21:40:03","guid":{"rendered":"https:\/\/www.afitecol.com\/?p=17333"},"modified":"2023-11-17T16:40:03","modified_gmt":"2023-11-17T21:40:03","slug":"emision-postal-aves-representativas-del-departamento-de-caldas-sociedad-caldense-de-ornitologia-40-anos-1983-2023","status":"publish","type":"post","link":"https:\/\/www.afitecol.com\/?p=17333","title":{"rendered":"Emisi\u00f3n postal: \u201cAves Representativas del Departamento de Caldas: Sociedad Caldense de Ornitolog\u00eda 40 a\u00f1os: 1983 \u2013 2023\u201d."},"content":{"rendered":"\r\n<p><a href=\"https:\/\/www.afitecol.com\/wp-content\/uploads\/2023\/11\/AvesCaldas1.png\"><img loading=\"lazy\" decoding=\"async\" class=\"alignleft  wp-image-17355\" src=\"https:\/\/www.afitecol.com\/wp-content\/uploads\/2023\/11\/AvesCaldas1-775x1024.png\" alt=\"\" width=\"159\" height=\"210\" srcset=\"https:\/\/www.afitecol.com\/wp-content\/uploads\/2023\/11\/AvesCaldas1-775x1024.png 775w, https:\/\/www.afitecol.com\/wp-content\/uploads\/2023\/11\/AvesCaldas1-227x300.png 227w, https:\/\/www.afitecol.com\/wp-content\/uploads\/2023\/11\/AvesCaldas1-768x1015.png 768w, https:\/\/www.afitecol.com\/wp-content\/uploads\/2023\/11\/AvesCaldas1.png 849w\" sizes=\"(max-width: 159px) 85vw, 159px\" \/><\/a><a href=\"https:\/\/www.afitecol.com\/wp-content\/uploads\/2023\/11\/AvesCaldas2.png\"><img loading=\"lazy\" decoding=\"async\" class=\"alignleft  wp-image-17356\" src=\"https:\/\/www.afitecol.com\/wp-content\/uploads\/2023\/11\/AvesCaldas2-775x1024.png\" alt=\"\" width=\"159\" height=\"210\" srcset=\"https:\/\/www.afitecol.com\/wp-content\/uploads\/2023\/11\/AvesCaldas2-775x1024.png 775w, https:\/\/www.afitecol.com\/wp-content\/uploads\/2023\/11\/AvesCaldas2-227x300.png 227w, https:\/\/www.afitecol.com\/wp-content\/uploads\/2023\/11\/AvesCaldas2-768x1015.png 768w, https:\/\/www.afitecol.com\/wp-content\/uploads\/2023\/11\/AvesCaldas2.png 849w\" sizes=\"(max-width: 159px) 85vw, 159px\" \/><\/a>La <strong>Sociedad Caldense de Ornitolog\u00eda<\/strong>, SCO, es una organizaci\u00f3n no gubernamental de car\u00e1cter ambiental, cuyo prop\u00f3sito es la conservaci\u00f3n, defensa y estudio de las aves y sus h\u00e1bitats procurando la preservaci\u00f3n y el cuidado del medio ambiente del departamento de Caldas, Rep\u00fablica de Colombia.<br \/><br \/>La <strong>Sociedad Caldense de Ornitolog\u00eda<\/strong>, <strong>SCO<\/strong>, fue la segunda organizaci\u00f3n ornitol\u00f3gica del pa\u00eds en constituirse legalmente: fue fundada el 24 de abril de 1983. <br \/><br \/>La <strong>SCO<\/strong> est\u00e1 integrada por profesionales y estudiantes de diversas disciplinas y en su condici\u00f3n de miembro de la Red Nacional de Observadores de Aves \u2014<strong>RNOA<\/strong>\u2014 ha formulado, promovido o coordinado iniciativas de conservaci\u00f3n de las aves.<br \/><br \/>La <strong>Sociedad Caldense de Ornitolog\u00eda<\/strong> est\u00e1 integrada por profesionales y estudiantes de diversas disciplinas, y aprovecha esta condici\u00f3n para comprender mejor los problemas ambientales y sugerir alternativas de conservaci\u00f3n.<br \/><br \/>La <strong>SCO<\/strong> en su condici\u00f3n de miembro de la <strong>Red Nacional de Observadores de Aves<\/strong>, ha formulado, promovido o coordinado iniciativas para la conservaci\u00f3n de las aves<br \/><br \/>Para celebrar los 40 a\u00f1os de la Sociedad Caldense de Ornitolog\u00eda el Gobierno de Colombia, por intermedio del Ministerio de Tecnolog\u00edas de la Informaci\u00f3n y las Comunicaciones, autorizo la emisi\u00f3n postal, <strong>\u201cAves Representativas del Departamento de Caldas: Sociedad Caldense de Ornitolog\u00eda 40 a\u00f1os: 1983 \u2013 2023\u201d <\/strong>mediante la Resoluci\u00f3n N\u00ba 2694 del 26 de julio de 2023.<br \/><br \/><strong>Acto protocolario.<\/strong> El acto protocolario del lanzamiento de la emisi\u00f3n postal <strong>\u201cAves Representativas del Departamento de Caldas: Sociedad Caldense de Ornitolog\u00eda 40 a\u00f1os: 1983 \u2013 2023\u201d<\/strong>, se realiz\u00f3 en la ciudad de Manizales, departamento de Caldas, el 9 de noviembre de 2023.<br \/><br \/><strong>La emisi\u00f3n<\/strong>. La Emisi\u00f3n postal: <strong>\u201cAves Representativas del Departamento de Caldas: Sociedad Caldense de Ornitolog\u00eda 40 a\u00f1os: 1983 \u2013 2023\u201d<\/strong>, consta de 4.000 hojas bloque, para un total de 40.000 estampillas. La emisi\u00f3n contiene adem\u00e1s la carpeta, el bolet\u00edn informativo y los sobres de primer d\u00eda.<br \/><br \/><strong><a href=\"https:\/\/www.afitecol.com\/wp-content\/uploads\/2023\/11\/AvesCaldas3.png\"><img loading=\"lazy\" decoding=\"async\" class=\"alignleft  wp-image-17357\" src=\"https:\/\/www.afitecol.com\/wp-content\/uploads\/2023\/11\/AvesCaldas3-1024x640.png\" alt=\"\" width=\"240\" height=\"150\" srcset=\"https:\/\/www.afitecol.com\/wp-content\/uploads\/2023\/11\/AvesCaldas3-1024x640.png 1024w, https:\/\/www.afitecol.com\/wp-content\/uploads\/2023\/11\/AvesCaldas3-300x188.png 300w, https:\/\/www.afitecol.com\/wp-content\/uploads\/2023\/11\/AvesCaldas3-768x480.png 768w, https:\/\/www.afitecol.com\/wp-content\/uploads\/2023\/11\/AvesCaldas3-1200x750.png 1200w, https:\/\/www.afitecol.com\/wp-content\/uploads\/2023\/11\/AvesCaldas3.png 1470w\" sizes=\"(max-width: 240px) 85vw, 240px\" \/><\/a>La hoja bloque<\/strong>. La hoja bloque, en tama\u00f1o de 18.5 X 11.5 cm, numerada, est\u00e1 compuesta por 10 estampillas. En la parte superior de la hoja bloque lleva como t\u00edtulo el nombre de la emisi\u00f3n postal: <strong>\u201cAves Representativas del Departamento de Caldas: Sociedad Caldense de Ornitolog\u00eda 40 a\u00f1os: 1983 \u2013 2023\u201d<\/strong>.<br \/><br \/><strong>Las estampillas<\/strong>. Las estampillas tama\u00f1o de 35 x 35 mm., en policrom\u00eda, m\u00e1s una tinta especial fluorescente invisible, en papel Truwhite y goma PVA tienen un valor facial de $ 20.000 pesos colombianos.<br \/><br \/>Las estampillas tienen como imagen las diversas aves, acompa\u00f1adas del nombre com\u00fan en Colombia, el nombre cient\u00edfico, el nombre vulgar en ingl\u00e9s, y el recordatorio de la fecha de los 40 a\u00f1os de la Sociedad.<br \/><br \/><a href=\"https:\/\/www.afitecol.com\/wp-content\/uploads\/2023\/11\/AC1.png\"><img loading=\"lazy\" decoding=\"async\" class=\"alignleft  wp-image-17345\" src=\"https:\/\/www.afitecol.com\/wp-content\/uploads\/2023\/11\/AC1.png\" alt=\"\" width=\"101\" height=\"99\" \/><\/a>1. <strong>Colibr\u00ed chupasavia<\/strong> (<em>Boissonequa flavescens<\/em>)<br \/><a href=\"https:\/\/www.afitecol.com\/wp-content\/uploads\/2023\/11\/AC2.png\"><img loading=\"lazy\" decoding=\"async\" class=\"alignleft  wp-image-17346\" src=\"https:\/\/www.afitecol.com\/wp-content\/uploads\/2023\/11\/AC2.png\" alt=\"\" width=\"101\" height=\"103\" \/><\/a><strong>2<\/strong>. <strong>Buhito andino<\/strong> (<em>Giaucidium jardinii<\/em>)<\/p>\r\n<p>&nbsp;<\/p>\r\n<p>&nbsp;<\/p>\r\n<p><a href=\"https:\/\/www.afitecol.com\/wp-content\/uploads\/2023\/11\/AC3.png\"><img loading=\"lazy\" decoding=\"async\" class=\"alignleft  wp-image-17347\" src=\"https:\/\/www.afitecol.com\/wp-content\/uploads\/2023\/11\/AC3.png\" alt=\"\" width=\"101\" height=\"103\" \/><\/a>3. <strong>C\u00f3ndor andino<\/strong> (<em>Vultur ptyphus<\/em>)<br \/><a href=\"https:\/\/www.afitecol.com\/wp-content\/uploads\/2023\/11\/AC4.png\"><img loading=\"lazy\" decoding=\"async\" class=\"alignleft  wp-image-17348\" src=\"https:\/\/www.afitecol.com\/wp-content\/uploads\/2023\/11\/AC4.png\" alt=\"\" width=\"100\" height=\"101\" srcset=\"https:\/\/www.afitecol.com\/wp-content\/uploads\/2023\/11\/AC4.png 288w, https:\/\/www.afitecol.com\/wp-content\/uploads\/2023\/11\/AC4-150x150.png 150w\" sizes=\"(max-width: 100px) 85vw, 100px\" \/><\/a><strong>4<\/strong>.<strong> Pato de torrentas<\/strong> (<em>Merganetta<\/em> armata)<\/p>\r\n<p>&nbsp;<\/p>\r\n<p>&nbsp;<\/p>\r\n<p><a href=\"https:\/\/www.afitecol.com\/wp-content\/uploads\/2023\/11\/AC5.png\"><img loading=\"lazy\" decoding=\"async\" class=\"alignleft  wp-image-17349\" src=\"https:\/\/www.afitecol.com\/wp-content\/uploads\/2023\/11\/AC5.png\" alt=\"\" width=\"100\" height=\"101\" srcset=\"https:\/\/www.afitecol.com\/wp-content\/uploads\/2023\/11\/AC5.png 287w, https:\/\/www.afitecol.com\/wp-content\/uploads\/2023\/11\/AC5-150x150.png 150w\" sizes=\"(max-width: 100px) 85vw, 100px\" \/><\/a><strong>5<\/strong>. <strong>Tororoi chami<\/strong> (<em>Grallaria alvarezi<\/em>)<br \/><a href=\"https:\/\/www.afitecol.com\/wp-content\/uploads\/2023\/11\/AC6.png\"><img loading=\"lazy\" decoding=\"async\" class=\"alignleft  wp-image-17350\" src=\"https:\/\/www.afitecol.com\/wp-content\/uploads\/2023\/11\/AC6.png\" alt=\"\" width=\"100\" height=\"103\" \/><\/a><strong>6<\/strong>. <strong>Pico espina arcoiris<\/strong> (<em>Chalcostigma herrani<\/em>)<\/p>\r\n<p>&nbsp;<\/p>\r\n<p><a href=\"https:\/\/www.afitecol.com\/wp-content\/uploads\/2023\/11\/AC7.png\"><img loading=\"lazy\" decoding=\"async\" class=\"alignleft  wp-image-17351\" src=\"https:\/\/www.afitecol.com\/wp-content\/uploads\/2023\/11\/AC7.png\" alt=\"\" width=\"100\" height=\"100\" srcset=\"https:\/\/www.afitecol.com\/wp-content\/uploads\/2023\/11\/AC7.png 284w, https:\/\/www.afitecol.com\/wp-content\/uploads\/2023\/11\/AC7-150x150.png 150w\" sizes=\"(max-width: 100px) 85vw, 100px\" \/><\/a>7. <strong>Tororoi de Miller<\/strong> (<em>Grallaria mileri<\/em>)<br \/><a href=\"https:\/\/www.afitecol.com\/wp-content\/uploads\/2023\/11\/AC8.png\"><img loading=\"lazy\" decoding=\"async\" class=\"alignleft  wp-image-17352\" src=\"https:\/\/www.afitecol.com\/wp-content\/uploads\/2023\/11\/AC8.png\" alt=\"\" width=\"100\" height=\"100\" srcset=\"https:\/\/www.afitecol.com\/wp-content\/uploads\/2023\/11\/AC8.png 285w, https:\/\/www.afitecol.com\/wp-content\/uploads\/2023\/11\/AC8-150x150.png 150w\" sizes=\"(max-width: 100px) 85vw, 100px\" \/><\/a><strong>8.<\/strong> <strong>Tororoi comprapan<\/strong> (<em>Grallaria ruficopilla<\/em>)<\/p>\r\n<p>&nbsp;<\/p>\r\n<p>&nbsp;<\/p>\r\n<p><strong><a href=\"https:\/\/www.afitecol.com\/wp-content\/uploads\/2023\/11\/AC9.png\"><img loading=\"lazy\" decoding=\"async\" class=\"alignleft  wp-image-17353\" src=\"https:\/\/www.afitecol.com\/wp-content\/uploads\/2023\/11\/AC9.png\" alt=\"\" width=\"100\" height=\"102\" \/><\/a>9<\/strong>. <strong>Tucancito culirrojo<\/strong> (<em>Aulocorhynchus haematopygus<\/em>)<br \/><strong><a href=\"https:\/\/www.afitecol.com\/wp-content\/uploads\/2023\/11\/AC10.png\"><img loading=\"lazy\" decoding=\"async\" class=\"alignleft  wp-image-17354\" src=\"https:\/\/www.afitecol.com\/wp-content\/uploads\/2023\/11\/AC10.png\" alt=\"\" width=\"100\" height=\"99\" srcset=\"https:\/\/www.afitecol.com\/wp-content\/uploads\/2023\/11\/AC10.png 286w, https:\/\/www.afitecol.com\/wp-content\/uploads\/2023\/11\/AC10-150x150.png 150w\" sizes=\"(max-width: 100px) 85vw, 100px\" \/><\/a>10<\/strong>. <strong>Barbudito canelo<\/strong> (<em>Oxipogon stuebelli<\/em>)<br \/><br \/><\/p>\r\n<p>&nbsp;<\/p>\r\n<p>La diagramaci\u00f3n estuvo a cargo de Diego Fernando Robayo.<br \/><br \/><strong><a href=\"https:\/\/www.afitecol.com\/wp-content\/uploads\/2023\/11\/AvesCaldas4.png\"><img loading=\"lazy\" decoding=\"async\" class=\"alignleft  wp-image-17358\" src=\"https:\/\/www.afitecol.com\/wp-content\/uploads\/2023\/11\/AvesCaldas4.png\" alt=\"\" width=\"201\" height=\"106\" srcset=\"https:\/\/www.afitecol.com\/wp-content\/uploads\/2023\/11\/AvesCaldas4.png 659w, https:\/\/www.afitecol.com\/wp-content\/uploads\/2023\/11\/AvesCaldas4-300x158.png 300w\" sizes=\"(max-width: 201px) 85vw, 201px\" \/><\/a><a href=\"https:\/\/www.afitecol.com\/wp-content\/uploads\/2023\/11\/AvesCaldas5.png\"><img loading=\"lazy\" decoding=\"async\" class=\"alignleft  wp-image-17359\" src=\"https:\/\/www.afitecol.com\/wp-content\/uploads\/2023\/11\/AvesCaldas5.png\" alt=\"\" width=\"201\" height=\"106\" srcset=\"https:\/\/www.afitecol.com\/wp-content\/uploads\/2023\/11\/AvesCaldas5.png 659w, https:\/\/www.afitecol.com\/wp-content\/uploads\/2023\/11\/AvesCaldas5-300x158.png 300w\" sizes=\"(max-width: 201px) 85vw, 201px\" \/><\/a><a href=\"https:\/\/www.afitecol.com\/wp-content\/uploads\/2023\/11\/AvesCaldas6.png\"><img loading=\"lazy\" decoding=\"async\" class=\"alignleft  wp-image-17360\" src=\"https:\/\/www.afitecol.com\/wp-content\/uploads\/2023\/11\/AvesCaldas6.png\" alt=\"\" width=\"200\" height=\"105\" srcset=\"https:\/\/www.afitecol.com\/wp-content\/uploads\/2023\/11\/AvesCaldas6.png 659w, https:\/\/www.afitecol.com\/wp-content\/uploads\/2023\/11\/AvesCaldas6-300x158.png 300w\" sizes=\"(max-width: 200px) 85vw, 200px\" \/><\/a>El sobre de primer d\u00eda<\/strong>. Se imprimieron 140 sobres numerados de primer d\u00eda por cada motivo, para un total de 420 sobres. El primer d\u00eda de servicio fue el 9 de noviembre de 2023 y fue matasellado en la ciudad de Manizales, Departamento de Caldas, Rep\u00fablica de Colombia.<\/p>\r\n","protected":false},"excerpt":{"rendered":"<p>La Sociedad Caldense de Ornitolog\u00eda, SCO, es una organizaci\u00f3n no gubernamental de car\u00e1cter ambiental, cuyo prop\u00f3sito es la conservaci\u00f3n, defensa y estudio de las aves y sus h\u00e1bitats procurando la preservaci\u00f3n y el cuidado del medio ambiente del departamento de Caldas, Rep\u00fablica de Colombia. La Sociedad Caldense de Ornitolog\u00eda, SCO, fue la segunda organizaci\u00f3n ornitol\u00f3gica &hellip; <a href=\"https:\/\/www.afitecol.com\/?p=17333\" class=\"more-link\">Continuar leyendo<span class=\"screen-reader-text\"> \u00abEmisi\u00f3n postal: \u201cAves Representativas del Departamento de Caldas: Sociedad Caldense de Ornitolog\u00eda 40 a\u00f1os: 1983 \u2013 2023\u201d.\u00bb<\/span><\/a><\/p>\n","protected":false},"author":2,"featured_media":0,"comment_status":"open","ping_status":"closed","sticky":false,"template":"","format":"standard","meta":{"footnotes":""},"categories":[5],"tags":[],"class_list":["post-17333","post","type-post","status-publish","format-standard","hentry","category-emisiones"],"_links":{"self":[{"href":"https:\/\/www.afitecol.com\/index.php?rest_route=\/wp\/v2\/posts\/17333"}],"collection":[{"href":"https:\/\/www.afitecol.com\/index.php?rest_route=\/wp\/v2\/posts"}],"about":[{"href":"https:\/\/www.afitecol.com\/index.php?rest_route=\/wp\/v2\/types\/post"}],"author":[{"embeddable":true,"href":"https:\/\/www.afitecol.com\/index.php?rest_route=\/wp\/v2\/users\/2"}],"replies":[{"embeddable":true,"href":"https:\/\/www.afitecol.com\/index.php?rest_route=%2Fwp%2Fv2%2Fcomments&post=17333"}],"version-history":[{"count":6,"href":"https:\/\/www.afitecol.com\/index.php?rest_route=\/wp\/v2\/posts\/17333\/revisions"}],"predecessor-version":[{"id":17364,"href":"https:\/\/www.afitecol.com\/index.php?rest_route=\/wp\/v2\/posts\/17333\/revisions\/17364"}],"wp:attachment":[{"href":"https:\/\/www.afitecol.com\/index.php?rest_route=%2Fwp%2Fv2%2Fmedia&parent=17333"}],"wp:term":[{"taxonomy":"category","embeddable":true,"href":"https:\/\/www.afitecol.com\/index.php?rest_route=%2Fwp%2Fv2%2Fcategories&post=17333"},{"taxonomy":"post_tag","embeddable":true,"href":"https:\/\/www.afitecol.com\/index.php?rest_route=%2Fwp%2Fv2%2Ftags&post=17333"}],"curies":[{"name":"wp","href":"https:\/\/api.w.org\/{rel}","templated":true}]}}