{"id":16514,"date":"2022-09-12T02:10:34","date_gmt":"2022-09-12T07:10:34","guid":{"rendered":"https:\/\/www.afitecol.com\/?p=16514"},"modified":"2022-09-16T04:51:52","modified_gmt":"2022-09-16T09:51:52","slug":"emision-postal-personajes-colombianos-de-todas-las-epocas-serie-2022-ii","status":"publish","type":"post","link":"https:\/\/www.afitecol.com\/?p=16514","title":{"rendered":"Emisi\u00f3n postal \u201cPersonajes Colombianos de todas las \u00e9pocas. Serie 2022 \u2013 II\u201d"},"content":{"rendered":"\r\n<p><a href=\"https:\/\/www.afitecol.com\/wp-content\/uploads\/2022\/09\/8Personajes1-1.png\"><img loading=\"lazy\" decoding=\"async\" class=\"alignleft  wp-image-16542\" src=\"https:\/\/www.afitecol.com\/wp-content\/uploads\/2022\/09\/8Personajes1-1.png\" alt=\"\" width=\"172\" height=\"201\" srcset=\"https:\/\/www.afitecol.com\/wp-content\/uploads\/2022\/09\/8Personajes1-1.png 744w, https:\/\/www.afitecol.com\/wp-content\/uploads\/2022\/09\/8Personajes1-1-258x300.png 258w\" sizes=\"(max-width: 172px) 85vw, 172px\" \/><\/a>Colombia ha venido presentando una serie de emisiones postales para destacar la labor realizada por colombianos sobresalientes, emisiones postales que han tenido por t\u00edtulo <strong>\u201cPersonajes Colombianos de todas las \u00e9pocas\u201d<\/strong> ; lo hizo previamente con la emisi\u00f3n <strong>\u201cPersonajes Colombianos de todas las \u00e9pocas. Serie 2022 \u2013 I\u201d. <\/strong><\/p>\r\n<p><blockquote class=\"wp-embedded-content\" data-secret=\"lTS45Pup3p\"><a href=\"https:\/\/www.afitecol.com\/?p=16495\">Emisi\u00f3n postal: \u201cPersonajes Colombianos de todas las \u00e9pocas. 2022 &#8211; I\u201d<\/a><\/blockquote><iframe loading=\"lazy\" class=\"wp-embedded-content\" sandbox=\"allow-scripts\" security=\"restricted\" style=\"position: absolute; clip: rect(1px, 1px, 1px, 1px);\" title=\"\u00abEmisi\u00f3n postal: \u201cPersonajes Colombianos de todas las \u00e9pocas. 2022 &#8211; I\u201d\u00bb \u2014 AFITECOL - Amigos de la Filatelia Tem\u00e1tica en Colombia | 2008 - 2022\" src=\"https:\/\/www.afitecol.com\/?p=16495&#038;embed=true#?secret=QPWNfnXihf#?secret=lTS45Pup3p\" data-secret=\"lTS45Pup3p\" width=\"600\" height=\"338\" frameborder=\"0\" marginwidth=\"0\" marginheight=\"0\" scrolling=\"no\"><\/iframe><\/p>\r\n<p class=\"p1\">Continuando con este reconocimiento a colombianos destacados, el Gobierno de Colombia por intermedio del Ministerio de Tecnolog\u00edas de la Informaci\u00f3n y las Comunicaciones, en esta oportunidad rinde un homenaje a ocho excelentes colombianos, de todas las \u00e9pocas, mediante la emisi\u00f3n postal denominada <strong>\u00abPersonajes Colombianos de todas las \u00e9pocas, Serie 2022 &#8211; II\u00bb<\/strong> aprobada por el Ministerio de Tecnolog\u00edas de la Informaci\u00f3n y las Comunicaciones mediante la Resoluci\u00f3n N\u00ba 1121 del 5 de abril de 2022.<br \/><br \/><strong>Acto protocolario<\/strong>. El acto protocolario del lanzamiento de la Serie 2022 \u2013 II relacionado con los \u201cPersonajes colombianos de todas las \u00e9pocas\u201d se realiz\u00f3 el 27 de agosto de 2022, en las ciudades de La Virginia, departamento de Risaralda y Pamplona, departamento de Norte de Santander, Colombia.<br \/><br \/><strong>La emisi\u00f3n<\/strong>. La emisi\u00f3n <strong>\u201cPersonajes colombianos de todas las \u00e9pocas. Serie 2022 &#8211; II\u201d<\/strong> est\u00e1 compuesta por 2.100 hojas bloque para un total de 16.800 estampillas. La emisi\u00f3n postal contiene adem\u00e1s la carpeta, el bolet\u00edn informativo y los sobres de primer d\u00eda.<br \/><br \/><strong><a href=\"https:\/\/www.afitecol.com\/wp-content\/uploads\/2022\/09\/8PersonajesA-1.png\"><img loading=\"lazy\" decoding=\"async\" class=\"alignleft  wp-image-16552\" src=\"https:\/\/www.afitecol.com\/wp-content\/uploads\/2022\/09\/8PersonajesA-1.png\" alt=\"\" width=\"151\" height=\"247\" srcset=\"https:\/\/www.afitecol.com\/wp-content\/uploads\/2022\/09\/8PersonajesA-1.png 548w, https:\/\/www.afitecol.com\/wp-content\/uploads\/2022\/09\/8PersonajesA-1-183x300.png 183w\" sizes=\"(max-width: 151px) 85vw, 151px\" \/><\/a>La hoja bloque<\/strong>. La hoja bloque est\u00e1 conformada por 8 estampillas que representan las im\u00e1genes de los personajes homenajeados y lleva como t\u00edtulo <strong>\u201cPersonajes colombianos de todas las \u00e9pocas. Serie 2022 \u2013 II\u201d<\/strong>.<br \/><br \/><strong>Las estampillas<\/strong>. Las estampillas en tama\u00f1o de 40 x 30 mm, en policrom\u00eda m\u00e1s una tinta especial fluorescente invisible, engomado de 110 grs y goma PVA, tienen un valor facial de $ 5000 pesos colombianos.<br \/><br \/>En la emisi\u00f3n <strong>\u201cPersonajes colombianos de todas las \u00e9pocas. Serie 2022 &#8211; II\u201d<\/strong>, los personajes homenajeados son:<br \/><br \/><strong><a href=\"https:\/\/www.afitecol.com\/wp-content\/uploads\/2022\/09\/8PersonajesB.png\"><img loading=\"lazy\" decoding=\"async\" class=\"alignleft  wp-image-16544\" src=\"https:\/\/www.afitecol.com\/wp-content\/uploads\/2022\/09\/8PersonajesB.png\" alt=\"\" width=\"100\" height=\"77\" \/><\/a>1. Lucy Tejada S\u00e1enz<\/strong>: Naci\u00f3 en Pereira, Departamento de Risaralda el 9 de octubre de 1920. Cale\u00f1a por adopci\u00f3n. Pintora, dibujante, muralista y artista del grabado e investigadora de variadas t\u00e9cnicas; pionera en lograr tomar el arte como una profesi\u00f3n. Su obra tuvo gran proyecci\u00f3n internacional. Hizo parte de la Bienal de Madrid en 1951 y de la Bienal Hispanoamericana de Barcelona de 1955. Muri\u00f3 en Cali, Departamento del Valle, el 2 de noviembre de 2011.<br \/><br \/><strong><a href=\"https:\/\/www.afitecol.com\/wp-content\/uploads\/2022\/09\/8PewrsonajesC.png\"><img loading=\"lazy\" decoding=\"async\" class=\"alignleft  wp-image-16551\" src=\"https:\/\/www.afitecol.com\/wp-content\/uploads\/2022\/09\/8PewrsonajesC.png\" alt=\"\" width=\"100\" height=\"77\" \/><\/a>2. Olga Isabel Chams Eljach<\/strong>: Naci\u00f3 en Barranquilla el 21 de agosto de 1922. Poeta, de ascendencia libanesa, conocida con el seud\u00f3nimo de Meira Delmar, una de las m\u00e1s significativas poetas del siglo XX en Colombia. En su honor fue creado el Premio nacional de poes\u00eda Meira Delmar, para valorar, reconocer y determinar el libro de poes\u00eda m\u00e1s significativo publicado y escrito por una poeta colombiana, residente en el pa\u00eds o en el extranjero. Muri\u00f3 en Barranquilla, el 18 de marzo de 2009. <br \/><br \/><strong><a href=\"https:\/\/www.afitecol.com\/wp-content\/uploads\/2022\/09\/8PersonajesD.png\"><img loading=\"lazy\" decoding=\"async\" class=\"alignleft  wp-image-16545\" src=\"https:\/\/www.afitecol.com\/wp-content\/uploads\/2022\/09\/8PersonajesD.png\" alt=\"\" width=\"102\" height=\"76\" \/><\/a>3. Joaqu\u00edn Pi\u00f1eros Corpas<\/strong>: Naci\u00f3 en Soacha, Departamento de Cundinamarca el 28 de mayo de 1915. Escritor y pol\u00edtico. Autor de dramas, novelas y escritos sobre la historia cultural de Colombia. Fue miembro de la Academia de Historia de Cundinamarca, de la Academia Colombiana de la Historia y de la Academia Colombiana de la Lengua y gobernador del departamento de Cundinamarca de 1969 a 1970. Muri\u00f3 en Bogot\u00e1 el 31 de agosto de 1982.<br \/><br \/><strong><a href=\"https:\/\/www.afitecol.com\/wp-content\/uploads\/2022\/09\/8PersonajesE.png\"><img loading=\"lazy\" decoding=\"async\" class=\"alignleft  wp-image-16546\" src=\"https:\/\/www.afitecol.com\/wp-content\/uploads\/2022\/09\/8PersonajesE.png\" alt=\"\" width=\"99\" height=\"77\" \/><\/a>4. Roberto Pizano<\/strong>: Naci\u00f3 en Bogot\u00e1 el 21 de octubre de 1896. Pintor. Autor del libro m\u00e1s importante sobre Gregorio V\u00e1squez de Arce y Ceballos. Revitaliz\u00f3 la Escuela de Bellas Artes de la Universidad Nacional. Se distingui\u00f3 por sus grandes facilidades de dibujante y brillante colorido. Pint\u00f3 m\u00e1s de cien \u00f3leos y cientos de dibujos. especialidad cuadros de gran formato, entre los que se destaca La Maternidad. La mayor\u00eda de sus obras est\u00e1n en el Museo Nacional y en el Patronato Colombiano de Artes y Ciencias. Muri\u00f3 en Bogot\u00e1 el 9 de abril de 1929.<br \/><br \/><strong><a href=\"https:\/\/www.afitecol.com\/wp-content\/uploads\/2022\/09\/8PersoanjesF.png\"><img loading=\"lazy\" decoding=\"async\" class=\"alignleft  wp-image-16541\" src=\"https:\/\/www.afitecol.com\/wp-content\/uploads\/2022\/09\/8PersoanjesF.png\" alt=\"\" width=\"100\" height=\"75\" \/><\/a>5. Jorge Pi\u00f1eros Corpas<\/strong>: Naci\u00f3 en Manta, Cundinamarca el 12 de abril de 1927. M\u00e9dico cirujano, graduado en la Universidad Nacional de Colombia, tesis laureada. Autor de varios libros sobre estudios especializados y temas m\u00e9dicos en general. En 1970 concibi\u00f3 un proyecto de beneficio social que lo concret\u00f3 en la Fundaci\u00f3n Universitaria Juan N. Corpas, la Fundaci\u00f3n Cl\u00ednica Hospital Juan N. Corpas, la Fundaci\u00f3n Laboratorio de Farmacolog\u00eda Vegetal Labfarve y Medicor. Muri\u00f3 en Bogot\u00e1 el 2 de diciembre de 2012.<br \/><br \/><strong><a href=\"https:\/\/www.afitecol.com\/wp-content\/uploads\/2022\/09\/8PersonajesG.png\"><img loading=\"lazy\" decoding=\"async\" class=\"alignleft  wp-image-16547\" src=\"https:\/\/www.afitecol.com\/wp-content\/uploads\/2022\/09\/8PersonajesG.png\" alt=\"\" width=\"100\" height=\"76\" \/><\/a>6. Guillermo Uribe Holgu\u00edn<\/strong>: Naci\u00f3 en Bogot\u00e1, el 17 de marzo de 1880. Compositor, violinista y docente musical, considerado como uno de los m\u00e1s influyentes m\u00fasicos de la historia de Colombia. Creador del Conservatorio Nacional de Colombia, y de la Orquesta Sinf\u00f3nica de Colombia; fue director del Conservatorio Nacional en dos ocasiones, de 1910 a 1935 y de 1942 a1947.<br \/>Muri\u00f3 en Bogot\u00e1 el 26 de junio de 1971.<br \/><br \/><strong><a href=\"https:\/\/www.afitecol.com\/wp-content\/uploads\/2022\/09\/8PersonajesH.png\"><img loading=\"lazy\" decoding=\"async\" class=\"alignleft  wp-image-16548\" src=\"https:\/\/www.afitecol.com\/wp-content\/uploads\/2022\/09\/8PersonajesH.png\" alt=\"\" width=\"100\" height=\"76\" \/><\/a>7. Luis \u00c1ngel Ram\u00edrez Saldarriaga<\/strong>: Naci\u00f3 en Pereira, el 10 de junio de 1917. Fue un compositor y cantante de m\u00fasica popular colombiana conocido como El Caballero Gaucho. Cont\u00f3 con m\u00e1s de 55 a\u00f1os de vida art\u00edstica; cantante de <br \/>canciones m\u00e1s conocidas como: Viejo juguete, Viejo farol, Alma de mujer, Regalo divino, Perd\u00f3n por amor. Falleci\u00f3 en la ciudad de Pereira el 9 de agosto de 2013.<br \/>\u2028<br \/><strong><a href=\"https:\/\/www.afitecol.com\/wp-content\/uploads\/2022\/09\/8PersonajesI.png\"><img loading=\"lazy\" decoding=\"async\" class=\"alignleft  wp-image-16549\" src=\"https:\/\/www.afitecol.com\/wp-content\/uploads\/2022\/09\/8PersonajesI.png\" alt=\"\" width=\"101\" height=\"75\" \/><\/a>8. Eduardo Ram\u00edrez Villamizar<\/strong>: Naci\u00f3 en Pamplona el 27 de agosto de 1922. Pintor y escultor. Fue pionero del arte abstracto y minimalista y catalogado como un artista constructivo. Ocup\u00f3 el primer lugar del Sal\u00f3n Nacional de Artistas de Colombia en 1959, 1962, 1964 y 1966. Entre sus trabajos m\u00e1s destacados est\u00e1n los murales El Dorado y Mural horizontal, la serie escult\u00f3rica Recuerdo de Machu-Picchu, entre muchas otras. Falleci\u00f3 en Bogot\u00e1 el 24 de agosto de 2004.<br \/><br \/>La diagramaci\u00f3n estuvo a cargo de M\u00f3nica Marcela Vargas.<br \/><br \/><strong><a href=\"https:\/\/www.afitecol.com\/wp-content\/uploads\/2022\/09\/8PersonajesJ.png\"><img loading=\"lazy\" decoding=\"async\" class=\"alignleft  wp-image-16550\" src=\"https:\/\/www.afitecol.com\/wp-content\/uploads\/2022\/09\/8PersonajesJ.png\" alt=\"\" width=\"201\" height=\"99\" srcset=\"https:\/\/www.afitecol.com\/wp-content\/uploads\/2022\/09\/8PersonajesJ.png 629w, https:\/\/www.afitecol.com\/wp-content\/uploads\/2022\/09\/8PersonajesJ-300x148.png 300w\" sizes=\"(max-width: 201px) 85vw, 201px\" \/><\/a><a href=\"https:\/\/www.afitecol.com\/wp-content\/uploads\/2022\/09\/8PersoanjesK.png\"><img loading=\"lazy\" decoding=\"async\" class=\"alignleft  wp-image-16562\" src=\"https:\/\/www.afitecol.com\/wp-content\/uploads\/2022\/09\/8PersoanjesK.png\" alt=\"\" width=\"201\" height=\"100\" srcset=\"https:\/\/www.afitecol.com\/wp-content\/uploads\/2022\/09\/8PersoanjesK.png 774w, https:\/\/www.afitecol.com\/wp-content\/uploads\/2022\/09\/8PersoanjesK-300x150.png 300w, https:\/\/www.afitecol.com\/wp-content\/uploads\/2022\/09\/8PersoanjesK-768x383.png 768w\" sizes=\"(max-width: 201px) 85vw, 201px\" \/><\/a>El sobre de primer d\u00eda<\/strong>. Se imprimieron 500 sobres numerados de primer d\u00eda de servicio, 250 por cada motivo. El primer d\u00eda de servicio fue el 27 de agosto de 2022 y fue matasellado en las ciudades de La Virginia, Departamento de Risaralda y Pamplona, Departamento Norte de Santander.<br \/><br \/><\/p>\r\n","protected":false},"excerpt":{"rendered":"<p>Colombia ha venido presentando una serie de emisiones postales para destacar la labor realizada por colombianos sobresalientes, emisiones postales que han tenido por t\u00edtulo \u201cPersonajes Colombianos de todas las \u00e9pocas\u201d ; lo hizo previamente con la emisi\u00f3n \u201cPersonajes Colombianos de todas las \u00e9pocas. Serie 2022 \u2013 I\u201d. Emisi\u00f3n postal: \u201cPersonajes Colombianos de todas las \u00e9pocas. &hellip; <a href=\"https:\/\/www.afitecol.com\/?p=16514\" class=\"more-link\">Continuar leyendo<span class=\"screen-reader-text\"> \u00abEmisi\u00f3n postal \u201cPersonajes Colombianos de todas las \u00e9pocas. Serie 2022 \u2013 II\u201d\u00bb<\/span><\/a><\/p>\n","protected":false},"author":2,"featured_media":0,"comment_status":"open","ping_status":"closed","sticky":false,"template":"","format":"standard","meta":{"footnotes":""},"categories":[5],"tags":[],"class_list":["post-16514","post","type-post","status-publish","format-standard","hentry","category-emisiones"],"_links":{"self":[{"href":"https:\/\/www.afitecol.com\/index.php?rest_route=\/wp\/v2\/posts\/16514"}],"collection":[{"href":"https:\/\/www.afitecol.com\/index.php?rest_route=\/wp\/v2\/posts"}],"about":[{"href":"https:\/\/www.afitecol.com\/index.php?rest_route=\/wp\/v2\/types\/post"}],"author":[{"embeddable":true,"href":"https:\/\/www.afitecol.com\/index.php?rest_route=\/wp\/v2\/users\/2"}],"replies":[{"embeddable":true,"href":"https:\/\/www.afitecol.com\/index.php?rest_route=%2Fwp%2Fv2%2Fcomments&post=16514"}],"version-history":[{"count":19,"href":"https:\/\/www.afitecol.com\/index.php?rest_route=\/wp\/v2\/posts\/16514\/revisions"}],"predecessor-version":[{"id":16630,"href":"https:\/\/www.afitecol.com\/index.php?rest_route=\/wp\/v2\/posts\/16514\/revisions\/16630"}],"wp:attachment":[{"href":"https:\/\/www.afitecol.com\/index.php?rest_route=%2Fwp%2Fv2%2Fmedia&parent=16514"}],"wp:term":[{"taxonomy":"category","embeddable":true,"href":"https:\/\/www.afitecol.com\/index.php?rest_route=%2Fwp%2Fv2%2Fcategories&post=16514"},{"taxonomy":"post_tag","embeddable":true,"href":"https:\/\/www.afitecol.com\/index.php?rest_route=%2Fwp%2Fv2%2Ftags&post=16514"}],"curies":[{"name":"wp","href":"https:\/\/api.w.org\/{rel}","templated":true}]}}