{"id":15682,"date":"2021-12-12T10:19:33","date_gmt":"2021-12-12T15:19:33","guid":{"rendered":"http:\/\/www.afitecol.com\/?p=15682"},"modified":"2021-12-12T10:19:33","modified_gmt":"2021-12-12T15:19:33","slug":"emision-postal-independencia-de-colombia-oficios-y-quehaceres-bicentenario-2019-2023-xiii-serie","status":"publish","type":"post","link":"https:\/\/www.afitecol.com\/?p=15682","title":{"rendered":"Emisi\u00f3n postal: \u201cIndependencia de Colombia: Oficios y quehaceres. Bicentenario 2019 \u2013 2023. XIII Serie\u201d."},"content":{"rendered":"<p><a href=\"https:\/\/www.afitecol.com\/wp-content\/uploads\/2021\/12\/OficiosA.jpeg\"><img loading=\"lazy\" decoding=\"async\" class=\"alignleft wp-image-15728\" src=\"https:\/\/www.afitecol.com\/wp-content\/uploads\/2021\/12\/OficiosA-770x1024.jpeg\" alt=\"\" width=\"199\" height=\"264\" srcset=\"https:\/\/www.afitecol.com\/wp-content\/uploads\/2021\/12\/OficiosA-770x1024.jpeg 770w, https:\/\/www.afitecol.com\/wp-content\/uploads\/2021\/12\/OficiosA-226x300.jpeg 226w, https:\/\/www.afitecol.com\/wp-content\/uploads\/2021\/12\/OficiosA-768x1021.jpeg 768w, https:\/\/www.afitecol.com\/wp-content\/uploads\/2021\/12\/OficiosA.jpeg 819w\" sizes=\"(max-width: 199px) 85vw, 199px\" \/><\/a><a href=\"https:\/\/www.afitecol.com\/wp-content\/uploads\/2021\/12\/OficiosB.jpeg\"><img loading=\"lazy\" decoding=\"async\" class=\"alignleft wp-image-15729\" src=\"https:\/\/www.afitecol.com\/wp-content\/uploads\/2021\/12\/OficiosB-770x1024.jpeg\" alt=\"\" width=\"199\" height=\"265\" srcset=\"https:\/\/www.afitecol.com\/wp-content\/uploads\/2021\/12\/OficiosB-770x1024.jpeg 770w, https:\/\/www.afitecol.com\/wp-content\/uploads\/2021\/12\/OficiosB-226x300.jpeg 226w, https:\/\/www.afitecol.com\/wp-content\/uploads\/2021\/12\/OficiosB-768x1021.jpeg 768w, https:\/\/www.afitecol.com\/wp-content\/uploads\/2021\/12\/OficiosB.jpeg 819w\" sizes=\"(max-width: 199px) 85vw, 199px\" \/><\/a>En la emisi\u00f3n postal <strong>Oficios y Quehaceres<\/strong> se trata de mostrar lo que habitualmente hac\u00edan las personas en la \u00e9poca de la independencia, siendo en algunos casos dif\u00edcil distinguir muy bien entre un quehacer y un oficio.<\/p>\n<p>El <strong>Oficio<\/strong> es una actividad laboral habitual, especialmente la que requiere habilidad manual o esfuerzo f\u00edsico; el <strong>Quehacer<\/strong>, as\u00ed mismo es una actividad o una labor que debe realizarse, se quiera o no como por ejemplo preparar las comidas y servirlas en la mesa, u otras m\u00e1s comunes como lavar y tender la ropa.<\/p>\n<p>Hasta el momento se han realizado doce emisiones postales relacionadas con la Independencia de Colombia de las definidas por el Gobierno Nacional para la celebraci\u00f3n de la Independencia de Colombia y que ser\u00e1n hasta el a\u00f1o 2023, y\u00a0 en esta oportunidad se presenta la <strong>Serie XIII denominada Oficios y Quehaceres.<\/strong><\/p>\n<p>Esta emisi\u00f3n postal: <strong>\u201cIndependencia de Colombia: Oficios y quehaceres. Bicentenario 2019 \u2013 2023. XIII Serie\u201d<\/strong>, fue aprobada mediante la Resoluci\u00f3n N\u00ba 583 del 21 de marzo de 2019 del Ministerio de Tecnolog\u00edas de la Informaci\u00f3n y las Comunicaciones.<\/p>\n<p><strong>Acto protocolario<\/strong>. El acto protocolario del lanzamiento de la Emisi\u00f3n postal: <strong>\u201cIndependencia de Colombia: Oficios y quehaceres. Bicentenario 2019 \u2013 2023. XIII Serie\u201d<\/strong>, tuvo lugar en la ciudad de Bogot\u00e1, D.C., el d\u00eda 26 de noviembre de 2021.<\/p>\n<p><strong>La emisi\u00f3n<\/strong>. La Emisi\u00f3n postal: <strong>\u201cIndependencia de Colombia: Oficios y quehaceres. Bicentenario 2019 \u2013 2023. XIII Serie\u201d<\/strong>, consta de 1.667 hojas bloque, para un total de 20.004 estampillas. La emisi\u00f3n postal contiene adem\u00e1s la carpeta, el bolet\u00edn informativo y los sobres de primer d\u00eda.<\/p>\n<p><strong><a href=\"https:\/\/www.afitecol.com\/wp-content\/uploads\/2021\/12\/OficiosC.jpeg\"><img loading=\"lazy\" decoding=\"async\" class=\"alignleft wp-image-15730\" src=\"https:\/\/www.afitecol.com\/wp-content\/uploads\/2021\/12\/OficiosC-1024x1024.jpeg\" alt=\"\" width=\"200\" height=\"200\" srcset=\"https:\/\/www.afitecol.com\/wp-content\/uploads\/2021\/12\/OficiosC-1024x1024.jpeg 1024w, https:\/\/www.afitecol.com\/wp-content\/uploads\/2021\/12\/OficiosC-150x150.jpeg 150w, https:\/\/www.afitecol.com\/wp-content\/uploads\/2021\/12\/OficiosC-300x300.jpeg 300w, https:\/\/www.afitecol.com\/wp-content\/uploads\/2021\/12\/OficiosC-768x769.jpeg 768w, https:\/\/www.afitecol.com\/wp-content\/uploads\/2021\/12\/OficiosC-1200x1202.jpeg 1200w, https:\/\/www.afitecol.com\/wp-content\/uploads\/2021\/12\/OficiosC.jpeg 1372w\" sizes=\"(max-width: 200px) 85vw, 200px\" \/><\/a>La hoja bloque<\/strong>. La hoja bloque, en tama\u00f1o de 17 x 17 cm., numerada, est\u00e1 compuesta por 12 estampillas. La parte superior de la hoja lleva como t\u00edtulo: \u201cIndependencia de Colombia: Oficios y quehaceres. Bicentenario 2019 \u2013 2023. XIII Serie\u201d.<\/p>\n<p><strong>Las estampillas<\/strong>. Las 12 estampillas, en tama\u00f1o de 40 X 40 mm, en policrom\u00eda, m\u00e1s una tinta especial fluorescente invisible, en papel Truwhite y goma PVA tienen un valor facial de $ 5.000 pesos colombianos.<\/p>\n<p>Estampillas<\/p>\n<p><strong><a href=\"https:\/\/www.afitecol.com\/wp-content\/uploads\/2021\/12\/OficiosC-1.jpeg\"><img loading=\"lazy\" decoding=\"async\" class=\"alignleft wp-image-15715\" src=\"https:\/\/www.afitecol.com\/wp-content\/uploads\/2021\/12\/OficiosC-1.jpeg\" alt=\"\" width=\"100\" height=\"99\" srcset=\"https:\/\/www.afitecol.com\/wp-content\/uploads\/2021\/12\/OficiosC-1.jpeg 332w, https:\/\/www.afitecol.com\/wp-content\/uploads\/2021\/12\/OficiosC-1-150x150.jpeg 150w, https:\/\/www.afitecol.com\/wp-content\/uploads\/2021\/12\/OficiosC-1-300x297.jpeg 300w\" sizes=\"(max-width: 100px) 85vw, 100px\" \/><\/a>1. Tejedora.<\/strong><br \/>\n<strong><a href=\"https:\/\/www.afitecol.com\/wp-content\/uploads\/2021\/12\/OficiosC-2.jpeg\"><img loading=\"lazy\" decoding=\"async\" class=\"alignleft wp-image-15716\" src=\"https:\/\/www.afitecol.com\/wp-content\/uploads\/2021\/12\/OficiosC-2.jpeg\" alt=\"\" width=\"100\" height=\"101\" srcset=\"https:\/\/www.afitecol.com\/wp-content\/uploads\/2021\/12\/OficiosC-2.jpeg 332w, https:\/\/www.afitecol.com\/wp-content\/uploads\/2021\/12\/OficiosC-2-150x150.jpeg 150w, https:\/\/www.afitecol.com\/wp-content\/uploads\/2021\/12\/OficiosC-2-298x300.jpeg 298w\" sizes=\"(max-width: 100px) 85vw, 100px\" \/><\/a>2. Tipos de aguadores. Bogot\u00e1.<\/strong><br \/>\n<strong><a href=\"https:\/\/www.afitecol.com\/wp-content\/uploads\/2021\/12\/OficiosC-3.jpeg\"><img loading=\"lazy\" decoding=\"async\" class=\"alignleft wp-image-15717\" src=\"https:\/\/www.afitecol.com\/wp-content\/uploads\/2021\/12\/OficiosC-3.jpeg\" alt=\"\" width=\"100\" height=\"101\" srcset=\"https:\/\/www.afitecol.com\/wp-content\/uploads\/2021\/12\/OficiosC-3.jpeg 332w, https:\/\/www.afitecol.com\/wp-content\/uploads\/2021\/12\/OficiosC-3-150x150.jpeg 150w, https:\/\/www.afitecol.com\/wp-content\/uploads\/2021\/12\/OficiosC-3-298x300.jpeg 298w\" sizes=\"(max-width: 100px) 85vw, 100px\" \/><\/a>3. Le\u00f1atera de Monserrate.<\/strong><\/p>\n<p>&nbsp;<\/p>\n<p>&nbsp;<\/p>\n<p><strong><a href=\"https:\/\/www.afitecol.com\/wp-content\/uploads\/2021\/12\/OficiosC-4.jpeg\"><img loading=\"lazy\" decoding=\"async\" class=\"alignleft wp-image-15718\" src=\"https:\/\/www.afitecol.com\/wp-content\/uploads\/2021\/12\/OficiosC-4.jpeg\" alt=\"\" width=\"100\" height=\"101\" srcset=\"https:\/\/www.afitecol.com\/wp-content\/uploads\/2021\/12\/OficiosC-4.jpeg 332w, https:\/\/www.afitecol.com\/wp-content\/uploads\/2021\/12\/OficiosC-4-150x150.jpeg 150w, https:\/\/www.afitecol.com\/wp-content\/uploads\/2021\/12\/OficiosC-4-298x300.jpeg 298w\" sizes=\"(max-width: 100px) 85vw, 100px\" \/><\/a>4. Marraneros de las tierras calientes.<\/strong><br \/>\n<strong><a href=\"https:\/\/www.afitecol.com\/wp-content\/uploads\/2021\/12\/OficiosC-5.jpeg\"><img loading=\"lazy\" decoding=\"async\" class=\"alignleft wp-image-15719\" src=\"https:\/\/www.afitecol.com\/wp-content\/uploads\/2021\/12\/OficiosC-5.jpeg\" alt=\"\" width=\"100\" height=\"101\" srcset=\"https:\/\/www.afitecol.com\/wp-content\/uploads\/2021\/12\/OficiosC-5.jpeg 332w, https:\/\/www.afitecol.com\/wp-content\/uploads\/2021\/12\/OficiosC-5-150x150.jpeg 150w, https:\/\/www.afitecol.com\/wp-content\/uploads\/2021\/12\/OficiosC-5-298x300.jpeg 298w\" sizes=\"(max-width: 100px) 85vw, 100px\" \/><\/a>5. Conducci\u00f3n del correo.<\/strong><br \/>\n<strong><a href=\"https:\/\/www.afitecol.com\/wp-content\/uploads\/2021\/12\/OficiosC-6.jpeg\"><img loading=\"lazy\" decoding=\"async\" class=\"alignleft wp-image-15720\" src=\"https:\/\/www.afitecol.com\/wp-content\/uploads\/2021\/12\/OficiosC-6.jpeg\" alt=\"\" width=\"100\" height=\"100\" srcset=\"https:\/\/www.afitecol.com\/wp-content\/uploads\/2021\/12\/OficiosC-6.jpeg 332w, https:\/\/www.afitecol.com\/wp-content\/uploads\/2021\/12\/OficiosC-6-150x150.jpeg 150w, https:\/\/www.afitecol.com\/wp-content\/uploads\/2021\/12\/OficiosC-6-298x300.jpeg 298w\" sizes=\"(max-width: 100px) 85vw, 100px\" \/><\/a>6. Elaboraci\u00f3n del pan de ma\u00edz.<\/strong><\/p>\n<p>&nbsp;<\/p>\n<p><strong><a href=\"https:\/\/www.afitecol.com\/wp-content\/uploads\/2021\/12\/OficiosC-7.jpeg\"><img loading=\"lazy\" decoding=\"async\" class=\"alignleft wp-image-15721\" src=\"https:\/\/www.afitecol.com\/wp-content\/uploads\/2021\/12\/OficiosC-7.jpeg\" alt=\"\" width=\"100\" height=\"101\" srcset=\"https:\/\/www.afitecol.com\/wp-content\/uploads\/2021\/12\/OficiosC-7.jpeg 332w, https:\/\/www.afitecol.com\/wp-content\/uploads\/2021\/12\/OficiosC-7-150x150.jpeg 150w, https:\/\/www.afitecol.com\/wp-content\/uploads\/2021\/12\/OficiosC-7-298x300.jpeg 298w\" sizes=\"(max-width: 100px) 85vw, 100px\" \/><\/a>7. Borriquero. Bogot\u00e1.<\/strong><br \/>\n<strong><a href=\"https:\/\/www.afitecol.com\/wp-content\/uploads\/2021\/12\/OficiosC-8.jpeg\"><img loading=\"lazy\" decoding=\"async\" class=\"alignleft wp-image-15722\" src=\"https:\/\/www.afitecol.com\/wp-content\/uploads\/2021\/12\/OficiosC-8.jpeg\" alt=\"\" width=\"100\" height=\"101\" srcset=\"https:\/\/www.afitecol.com\/wp-content\/uploads\/2021\/12\/OficiosC-8.jpeg 332w, https:\/\/www.afitecol.com\/wp-content\/uploads\/2021\/12\/OficiosC-8-150x150.jpeg 150w, https:\/\/www.afitecol.com\/wp-content\/uploads\/2021\/12\/OficiosC-8-298x300.jpeg 298w\" sizes=\"(max-width: 100px) 85vw, 100px\" \/><\/a>8. Carbonera ind\u00edgena.<\/strong><br \/>\n<strong><a href=\"https:\/\/www.afitecol.com\/wp-content\/uploads\/2021\/12\/OficiosC-9.jpeg\"><img loading=\"lazy\" decoding=\"async\" class=\"alignleft wp-image-15723\" src=\"https:\/\/www.afitecol.com\/wp-content\/uploads\/2021\/12\/OficiosC-9.jpeg\" alt=\"\" width=\"101\" height=\"102\" srcset=\"https:\/\/www.afitecol.com\/wp-content\/uploads\/2021\/12\/OficiosC-9.jpeg 332w, https:\/\/www.afitecol.com\/wp-content\/uploads\/2021\/12\/OficiosC-9-150x150.jpeg 150w, https:\/\/www.afitecol.com\/wp-content\/uploads\/2021\/12\/OficiosC-9-298x300.jpeg 298w\" sizes=\"(max-width: 101px) 85vw, 101px\" \/><\/a>9. Ollero de Tocancip\u00e1. Sabana de Bogot\u00e1.<\/strong><\/p>\n<p>&nbsp;<\/p>\n<p><strong><a href=\"https:\/\/www.afitecol.com\/wp-content\/uploads\/2021\/12\/OficiosC-10.jpeg\"><img loading=\"lazy\" decoding=\"async\" class=\"alignleft wp-image-15724\" src=\"https:\/\/www.afitecol.com\/wp-content\/uploads\/2021\/12\/OficiosC-10.jpeg\" alt=\"\" width=\"100\" height=\"101\" srcset=\"https:\/\/www.afitecol.com\/wp-content\/uploads\/2021\/12\/OficiosC-10.jpeg 332w, https:\/\/www.afitecol.com\/wp-content\/uploads\/2021\/12\/OficiosC-10-150x150.jpeg 150w, https:\/\/www.afitecol.com\/wp-content\/uploads\/2021\/12\/OficiosC-10-298x300.jpeg 298w\" sizes=\"(max-width: 100px) 85vw, 100px\" \/><\/a>10. Indios civilizados conduciendo un cad\u00e1ver al cementerio.<\/strong><br \/>\n<strong><a href=\"https:\/\/www.afitecol.com\/wp-content\/uploads\/2021\/12\/OficiosC-11.jpeg\"><img loading=\"lazy\" decoding=\"async\" class=\"alignleft wp-image-15725\" src=\"https:\/\/www.afitecol.com\/wp-content\/uploads\/2021\/12\/OficiosC-11.jpeg\" alt=\"\" width=\"100\" height=\"101\" srcset=\"https:\/\/www.afitecol.com\/wp-content\/uploads\/2021\/12\/OficiosC-11.jpeg 332w, https:\/\/www.afitecol.com\/wp-content\/uploads\/2021\/12\/OficiosC-11-150x150.jpeg 150w, https:\/\/www.afitecol.com\/wp-content\/uploads\/2021\/12\/OficiosC-11-298x300.jpeg 298w\" sizes=\"(max-width: 100px) 85vw, 100px\" \/><\/a>11. Cocinera.<\/strong><br \/>\n<strong><a href=\"https:\/\/www.afitecol.com\/wp-content\/uploads\/2021\/12\/OficiosC-12.jpeg\"><img loading=\"lazy\" decoding=\"async\" class=\"alignleft wp-image-15726\" src=\"https:\/\/www.afitecol.com\/wp-content\/uploads\/2021\/12\/OficiosC-12.jpeg\" alt=\"\" width=\"100\" height=\"101\" srcset=\"https:\/\/www.afitecol.com\/wp-content\/uploads\/2021\/12\/OficiosC-12.jpeg 332w, https:\/\/www.afitecol.com\/wp-content\/uploads\/2021\/12\/OficiosC-12-150x150.jpeg 150w, https:\/\/www.afitecol.com\/wp-content\/uploads\/2021\/12\/OficiosC-12-298x300.jpeg 298w\" sizes=\"(max-width: 100px) 85vw, 100px\" \/><\/a>12. M\u00fasicos populares.<\/strong><\/p>\n<p>&nbsp;<\/p>\n<p>&nbsp;<\/p>\n<p>La diagramaci\u00f3n estuvo a cargo de M\u00f3nica Marcela Vargas.<\/p>\n<p><strong><a href=\"https:\/\/www.afitecol.com\/wp-content\/uploads\/2021\/12\/OficiosC-13-1.jpeg\"><img loading=\"lazy\" decoding=\"async\" class=\"alignleft wp-image-15733\" src=\"https:\/\/www.afitecol.com\/wp-content\/uploads\/2021\/12\/OficiosC-13-1.jpeg\" alt=\"\" width=\"210\" height=\"110\" srcset=\"https:\/\/www.afitecol.com\/wp-content\/uploads\/2021\/12\/OficiosC-13-1.jpeg 984w, https:\/\/www.afitecol.com\/wp-content\/uploads\/2021\/12\/OficiosC-13-1-300x157.jpeg 300w, https:\/\/www.afitecol.com\/wp-content\/uploads\/2021\/12\/OficiosC-13-1-768x401.jpeg 768w\" sizes=\"(max-width: 210px) 85vw, 210px\" \/><\/a><a href=\"https:\/\/www.afitecol.com\/wp-content\/uploads\/2021\/12\/OficiosC-14.jpeg\"><img loading=\"lazy\" decoding=\"async\" class=\"alignleft wp-image-15734\" src=\"https:\/\/www.afitecol.com\/wp-content\/uploads\/2021\/12\/OficiosC-14.jpeg\" alt=\"\" width=\"211\" height=\"110\" srcset=\"https:\/\/www.afitecol.com\/wp-content\/uploads\/2021\/12\/OficiosC-14.jpeg 984w, https:\/\/www.afitecol.com\/wp-content\/uploads\/2021\/12\/OficiosC-14-300x157.jpeg 300w, https:\/\/www.afitecol.com\/wp-content\/uploads\/2021\/12\/OficiosC-14-768x401.jpeg 768w\" sizes=\"(max-width: 211px) 85vw, 211px\" \/><\/a><a href=\"https:\/\/www.afitecol.com\/wp-content\/uploads\/2021\/12\/OficiosC-15.jpeg\"><img loading=\"lazy\" decoding=\"async\" class=\"alignleft wp-image-15735\" src=\"https:\/\/www.afitecol.com\/wp-content\/uploads\/2021\/12\/OficiosC-15.jpeg\" alt=\"\" width=\"210\" height=\"110\" srcset=\"https:\/\/www.afitecol.com\/wp-content\/uploads\/2021\/12\/OficiosC-15.jpeg 984w, https:\/\/www.afitecol.com\/wp-content\/uploads\/2021\/12\/OficiosC-15-300x157.jpeg 300w, https:\/\/www.afitecol.com\/wp-content\/uploads\/2021\/12\/OficiosC-15-768x401.jpeg 768w\" sizes=\"(max-width: 210px) 85vw, 210px\" \/><\/a>El sobre de primer d\u00eda<\/strong>. Se imprimieron 810 sobres numerados de primer de servicio, 270 por cada grupo de motivos. El primer d\u00eda de servicio fue el 26 de noviembre de 2021 y fue matasellado en la ciudad de Bogot\u00e1, D.C., Colombia.<\/p>\n","protected":false},"excerpt":{"rendered":"<p>En la emisi\u00f3n postal Oficios y Quehaceres se trata de mostrar lo que habitualmente hac\u00edan las personas en la \u00e9poca de la independencia, siendo en algunos casos dif\u00edcil distinguir muy bien entre un quehacer y un oficio. El Oficio es una actividad laboral habitual, especialmente la que requiere habilidad manual o esfuerzo f\u00edsico; el Quehacer, &hellip; <a href=\"https:\/\/www.afitecol.com\/?p=15682\" class=\"more-link\">Continuar leyendo<span class=\"screen-reader-text\"> \u00abEmisi\u00f3n postal: \u201cIndependencia de Colombia: Oficios y quehaceres. Bicentenario 2019 \u2013 2023. XIII Serie\u201d.\u00bb<\/span><\/a><\/p>\n","protected":false},"author":2,"featured_media":0,"comment_status":"open","ping_status":"closed","sticky":false,"template":"","format":"standard","meta":{"footnotes":""},"categories":[5],"tags":[],"class_list":["post-15682","post","type-post","status-publish","format-standard","hentry","category-emisiones"],"_links":{"self":[{"href":"https:\/\/www.afitecol.com\/index.php?rest_route=\/wp\/v2\/posts\/15682"}],"collection":[{"href":"https:\/\/www.afitecol.com\/index.php?rest_route=\/wp\/v2\/posts"}],"about":[{"href":"https:\/\/www.afitecol.com\/index.php?rest_route=\/wp\/v2\/types\/post"}],"author":[{"embeddable":true,"href":"https:\/\/www.afitecol.com\/index.php?rest_route=\/wp\/v2\/users\/2"}],"replies":[{"embeddable":true,"href":"https:\/\/www.afitecol.com\/index.php?rest_route=%2Fwp%2Fv2%2Fcomments&post=15682"}],"version-history":[{"count":6,"href":"https:\/\/www.afitecol.com\/index.php?rest_route=\/wp\/v2\/posts\/15682\/revisions"}],"predecessor-version":[{"id":15737,"href":"https:\/\/www.afitecol.com\/index.php?rest_route=\/wp\/v2\/posts\/15682\/revisions\/15737"}],"wp:attachment":[{"href":"https:\/\/www.afitecol.com\/index.php?rest_route=%2Fwp%2Fv2%2Fmedia&parent=15682"}],"wp:term":[{"taxonomy":"category","embeddable":true,"href":"https:\/\/www.afitecol.com\/index.php?rest_route=%2Fwp%2Fv2%2Fcategories&post=15682"},{"taxonomy":"post_tag","embeddable":true,"href":"https:\/\/www.afitecol.com\/index.php?rest_route=%2Fwp%2Fv2%2Ftags&post=15682"}],"curies":[{"name":"wp","href":"https:\/\/api.w.org\/{rel}","templated":true}]}}