{"id":15664,"date":"2021-12-11T16:37:02","date_gmt":"2021-12-11T21:37:02","guid":{"rendered":"http:\/\/www.afitecol.com\/?p=15664"},"modified":"2021-12-11T16:37:02","modified_gmt":"2021-12-11T21:37:02","slug":"emision-postal-independencia-de-colombia-vida-cotidiana-bicentenario-2019-2023-xii-serie","status":"publish","type":"post","link":"https:\/\/www.afitecol.com\/?p=15664","title":{"rendered":"Emisi\u00f3n postal: \u201cIndependencia de Colombia: Vida cotidiana. Bicentenario 2019 \u2013 2023. XII Serie\u201d."},"content":{"rendered":"<p><a href=\"https:\/\/www.afitecol.com\/wp-content\/uploads\/2021\/12\/VidaCotidianaA-1.jpeg\"><img loading=\"lazy\" decoding=\"async\" class=\"alignleft wp-image-15701\" src=\"https:\/\/www.afitecol.com\/wp-content\/uploads\/2021\/12\/VidaCotidianaA-1-756x1024.jpeg\" alt=\"\" width=\"130\" height=\"176\" srcset=\"https:\/\/www.afitecol.com\/wp-content\/uploads\/2021\/12\/VidaCotidianaA-1-756x1024.jpeg 756w, https:\/\/www.afitecol.com\/wp-content\/uploads\/2021\/12\/VidaCotidianaA-1-221x300.jpeg 221w, https:\/\/www.afitecol.com\/wp-content\/uploads\/2021\/12\/VidaCotidianaA-1-768x1041.jpeg 768w, https:\/\/www.afitecol.com\/wp-content\/uploads\/2021\/12\/VidaCotidianaA-1.jpeg 786w\" sizes=\"(max-width: 130px) 85vw, 130px\" \/><\/a><a href=\"https:\/\/www.afitecol.com\/wp-content\/uploads\/2021\/12\/VidaCotidianaB-1.jpeg\"><img loading=\"lazy\" decoding=\"async\" class=\"alignleft wp-image-15702\" src=\"https:\/\/www.afitecol.com\/wp-content\/uploads\/2021\/12\/VidaCotidianaB-1.jpeg\" alt=\"\" width=\"129\" height=\"101\" srcset=\"https:\/\/www.afitecol.com\/wp-content\/uploads\/2021\/12\/VidaCotidianaB-1.jpeg 786w, https:\/\/www.afitecol.com\/wp-content\/uploads\/2021\/12\/VidaCotidianaB-1-300x234.jpeg 300w, https:\/\/www.afitecol.com\/wp-content\/uploads\/2021\/12\/VidaCotidianaB-1-768x598.jpeg 768w\" sizes=\"(max-width: 129px) 85vw, 129px\" \/><\/a><a href=\"https:\/\/www.afitecol.com\/wp-content\/uploads\/2021\/12\/VidaCotidianaC-1.jpeg\"><img loading=\"lazy\" decoding=\"async\" class=\"alignleft wp-image-15703\" src=\"https:\/\/www.afitecol.com\/wp-content\/uploads\/2021\/12\/VidaCotidianaC-1-748x1024.jpeg\" alt=\"\" width=\"130\" height=\"178\" srcset=\"https:\/\/www.afitecol.com\/wp-content\/uploads\/2021\/12\/VidaCotidianaC-1-748x1024.jpeg 748w, https:\/\/www.afitecol.com\/wp-content\/uploads\/2021\/12\/VidaCotidianaC-1-219x300.jpeg 219w, https:\/\/www.afitecol.com\/wp-content\/uploads\/2021\/12\/VidaCotidianaC-1-768x1051.jpeg 768w, https:\/\/www.afitecol.com\/wp-content\/uploads\/2021\/12\/VidaCotidianaC-1.jpeg 786w\" sizes=\"(max-width: 130px) 85vw, 130px\" \/><\/a>La <strong>vida cotidiana<\/strong>, la vida rutinaria, o en t\u00e9rminos generales la vida normal, es la que se describe en esta emisi\u00f3n postal, la vida que se viv\u00eda en la \u00e9poca de la Independencia de Colombia.<\/p>\n<p>La <strong>vida cotidiana<\/strong> de la presente emisi\u00f3n postal hace referencia a lo que hac\u00eda la mayor\u00eda de las personas: comer, dormir, trabajar, divertirse, ba\u00f1arse y otras costumbres, tanto diurnas como nocturnas.<\/p>\n<p>Comer, las dos, tres o m\u00e1s comidas diarias, o comer fuera de casa, como los almuerzos a orillas de un rio, acompa\u00f1adas, por ejemplo de un chocolate como bebida; dormir, como lo hace cualquier persona, sin depender de su condici\u00f3n social; trabajar, lo que hac\u00edan las personas en esa \u00e9poca, principalmente las gentes del campo; divertirse, principalmente con el baile, como el Angelito o el baile del campesino, o con el juego de cartas, eventos acompa\u00f1ados de m\u00fasica interpretada con arpa; el consumo de un licor, como la chicha; hacer mercado, o asistir a eventos religiosos, como las procesiones, es lo que se describe en esta emisi\u00f3n postal.<\/p>\n<p>Hasta el momento se han realizado once emisiones postales relacionadas con la Independencia de Colombia de las definidas por el Gobierno Nacional para la celebraci\u00f3n de la Independencia de Colombia y que ser\u00e1n hasta el a\u00f1o 2023.<\/p>\n<p><strong>Esta emisi\u00f3n postal<\/strong>: \u201c<strong>Independencia de Colombia: Vida cotidiana. Bicentenario 2019 \u2013 2023. XII Serie\u201d<\/strong>, fue aprobada mediante la Resoluci\u00f3n N\u00ba 583 del 21 de marzo de 2019 del Ministerio de Tecnolog\u00edas de la Informaci\u00f3n y las Comunicaciones.<\/p>\n<p><strong>Acto protocolario<\/strong>. El acto protocolario del lanzamiento de la Emisi\u00f3n postal: <strong>\u201cIndependencia de Colombia: Vida cotidiana. Bicentenario 2019 \u2013 2023. XII Serie\u201d<\/strong>, tuvo lugar en la ciudad de Bogot\u00e1, D.C., el d\u00eda 26 de noviembre de 2021.<\/p>\n<p><strong>La emisi\u00f3n<\/strong>. La Emisi\u00f3n postal: <strong>\u201cIndependencia de Colombia: Vida cotidiana. Bicentenario 2019 \u2013 2023. XII Serie\u201d<\/strong>, consta de 1.667 hojas bloque, para un total de 20.004 estampillas. La emisi\u00f3n postal contiene adem\u00e1s la carpeta, el bolet\u00edn informativo y los sobres de primer d\u00eda.<\/p>\n<p><strong><a href=\"https:\/\/www.afitecol.com\/wp-content\/uploads\/2021\/12\/VidaCotidianaD.jpeg\"><img loading=\"lazy\" decoding=\"async\" class=\"alignleft wp-image-15699\" src=\"https:\/\/www.afitecol.com\/wp-content\/uploads\/2021\/12\/VidaCotidianaD-1019x1024.jpeg\" alt=\"\" width=\"200\" height=\"201\" srcset=\"https:\/\/www.afitecol.com\/wp-content\/uploads\/2021\/12\/VidaCotidianaD-1019x1024.jpeg 1019w, https:\/\/www.afitecol.com\/wp-content\/uploads\/2021\/12\/VidaCotidianaD-150x150.jpeg 150w, https:\/\/www.afitecol.com\/wp-content\/uploads\/2021\/12\/VidaCotidianaD-298x300.jpeg 298w, https:\/\/www.afitecol.com\/wp-content\/uploads\/2021\/12\/VidaCotidianaD-768x772.jpeg 768w, https:\/\/www.afitecol.com\/wp-content\/uploads\/2021\/12\/VidaCotidianaD-1200x1206.jpeg 1200w, https:\/\/www.afitecol.com\/wp-content\/uploads\/2021\/12\/VidaCotidianaD.jpeg 1368w\" sizes=\"(max-width: 200px) 85vw, 200px\" \/><\/a>La hoja bloque<\/strong>. La hoja bloque, en tama\u00f1o de 17 x 17 cm., numerada, est\u00e1 compuesta por 12 estampillas. La parte superior de la hoja lleva como t\u00edtulo: \u201cIndependencia de Colombia: Vida cotidiana. Bicentenario 2019 \u2013 2023. XII Serie\u201d.<\/p>\n<p><strong>Las estampillas<\/strong>. Las 12 estampillas, en tama\u00f1o de 40 X 40 mm, en policrom\u00eda, m\u00e1s una tinta especial fluorescente invisible, en papel Truwhite y goma PVA tienen un valor facial de $ 2.000 pesos colombianos.<\/p>\n<p><strong>Estampillas<\/strong><\/p>\n<p><strong><a href=\"https:\/\/www.afitecol.com\/wp-content\/uploads\/2021\/12\/VidaCotidiana-12.jpeg\"><img loading=\"lazy\" decoding=\"async\" class=\"alignleft wp-image-15700\" src=\"https:\/\/www.afitecol.com\/wp-content\/uploads\/2021\/12\/VidaCotidiana-12.jpeg\" alt=\"\" width=\"110\" height=\"111\" srcset=\"https:\/\/www.afitecol.com\/wp-content\/uploads\/2021\/12\/VidaCotidiana-12.jpeg 328w, https:\/\/www.afitecol.com\/wp-content\/uploads\/2021\/12\/VidaCotidiana-12-150x150.jpeg 150w, https:\/\/www.afitecol.com\/wp-content\/uploads\/2021\/12\/VidaCotidiana-12-298x300.jpeg 298w\" sizes=\"(max-width: 110px) 85vw, 110px\" \/><\/a>1. Mercado de Mompox. Orillas del Rio Magdalena.<\/strong><br \/>\n<strong><a href=\"https:\/\/www.afitecol.com\/wp-content\/uploads\/2021\/12\/VidaCotidiana-1.jpeg\"><img loading=\"lazy\" decoding=\"async\" class=\"alignleft wp-image-15684\" src=\"https:\/\/www.afitecol.com\/wp-content\/uploads\/2021\/12\/VidaCotidiana-1.jpeg\" alt=\"\" width=\"110\" height=\"111\" srcset=\"https:\/\/www.afitecol.com\/wp-content\/uploads\/2021\/12\/VidaCotidiana-1.jpeg 328w, https:\/\/www.afitecol.com\/wp-content\/uploads\/2021\/12\/VidaCotidiana-1-150x150.jpeg 150w, https:\/\/www.afitecol.com\/wp-content\/uploads\/2021\/12\/VidaCotidiana-1-298x300.jpeg 298w\" sizes=\"(max-width: 110px) 85vw, 110px\" \/><\/a>2. Trapiche.<\/strong><br \/>\n<strong><a href=\"https:\/\/www.afitecol.com\/wp-content\/uploads\/2021\/12\/VidaCotidiana-2.jpeg\"><img loading=\"lazy\" decoding=\"async\" class=\"alignleft wp-image-15685\" src=\"https:\/\/www.afitecol.com\/wp-content\/uploads\/2021\/12\/VidaCotidiana-2.jpeg\" alt=\"\" width=\"110\" height=\"111\" srcset=\"https:\/\/www.afitecol.com\/wp-content\/uploads\/2021\/12\/VidaCotidiana-2.jpeg 328w, https:\/\/www.afitecol.com\/wp-content\/uploads\/2021\/12\/VidaCotidiana-2-150x150.jpeg 150w, https:\/\/www.afitecol.com\/wp-content\/uploads\/2021\/12\/VidaCotidiana-2-298x300.jpeg 298w\" sizes=\"(max-width: 110px) 85vw, 110px\" \/><\/a>3. Una procesi\u00f3n en Bogot\u00e1.<\/strong><\/p>\n<p>&nbsp;<\/p>\n<p>&nbsp;<\/p>\n<p><strong><a href=\"https:\/\/www.afitecol.com\/wp-content\/uploads\/2021\/12\/VidaCotidiana-3.jpeg\"><img loading=\"lazy\" decoding=\"async\" class=\"alignleft wp-image-15686\" src=\"https:\/\/www.afitecol.com\/wp-content\/uploads\/2021\/12\/VidaCotidiana-3.jpeg\" alt=\"\" width=\"110\" height=\"112\" srcset=\"https:\/\/www.afitecol.com\/wp-content\/uploads\/2021\/12\/VidaCotidiana-3.jpeg 328w, https:\/\/www.afitecol.com\/wp-content\/uploads\/2021\/12\/VidaCotidiana-3-294x300.jpeg 294w\" sizes=\"(max-width: 110px) 85vw, 110px\" \/><\/a>4. Baile del angelito. Orillas del rio Magdalena.<\/strong><br \/>\n<strong><a href=\"https:\/\/www.afitecol.com\/wp-content\/uploads\/2021\/12\/VidaCotidiana-4.jpeg\"><img loading=\"lazy\" decoding=\"async\" class=\"alignleft wp-image-15687\" src=\"https:\/\/www.afitecol.com\/wp-content\/uploads\/2021\/12\/VidaCotidiana-4.jpeg\" alt=\"\" width=\"111\" height=\"113\" srcset=\"https:\/\/www.afitecol.com\/wp-content\/uploads\/2021\/12\/VidaCotidiana-4.jpeg 328w, https:\/\/www.afitecol.com\/wp-content\/uploads\/2021\/12\/VidaCotidiana-4-294x300.jpeg 294w\" sizes=\"(max-width: 111px) 85vw, 111px\" \/><\/a>5. Preparaci\u00f3n de chocolate para ser tomado en bebida.<\/strong><br \/>\n<strong><a href=\"https:\/\/www.afitecol.com\/wp-content\/uploads\/2021\/12\/VidaCotidiana-5.jpeg\"><img loading=\"lazy\" decoding=\"async\" class=\"alignleft wp-image-15688\" src=\"https:\/\/www.afitecol.com\/wp-content\/uploads\/2021\/12\/VidaCotidiana-5.jpeg\" alt=\"\" width=\"110\" height=\"113\" srcset=\"https:\/\/www.afitecol.com\/wp-content\/uploads\/2021\/12\/VidaCotidiana-5.jpeg 328w, https:\/\/www.afitecol.com\/wp-content\/uploads\/2021\/12\/VidaCotidiana-5-294x300.jpeg 294w\" sizes=\"(max-width: 110px) 85vw, 110px\" \/><\/a>6. Caney. Cosechero insertando tabaco.<\/strong><\/p>\n<p>&nbsp;<\/p>\n<p>&nbsp;<\/p>\n<p><strong><a href=\"https:\/\/www.afitecol.com\/wp-content\/uploads\/2021\/12\/VidaCotidiana-6.jpeg\"><img loading=\"lazy\" decoding=\"async\" class=\"alignleft wp-image-15689\" src=\"https:\/\/www.afitecol.com\/wp-content\/uploads\/2021\/12\/VidaCotidiana-6.jpeg\" alt=\"\" width=\"110\" height=\"112\" srcset=\"https:\/\/www.afitecol.com\/wp-content\/uploads\/2021\/12\/VidaCotidiana-6.jpeg 328w, https:\/\/www.afitecol.com\/wp-content\/uploads\/2021\/12\/VidaCotidiana-6-294x300.jpeg 294w\" sizes=\"(max-width: 110px) 85vw, 110px\" \/><\/a>7. Almuerzo a orillas del rio Meta.<\/strong><br \/>\n<strong><a href=\"https:\/\/www.afitecol.com\/wp-content\/uploads\/2021\/12\/VidaCotidiana-7.jpeg\"><img loading=\"lazy\" decoding=\"async\" class=\"alignleft wp-image-15690\" src=\"https:\/\/www.afitecol.com\/wp-content\/uploads\/2021\/12\/VidaCotidiana-7.jpeg\" alt=\"\" width=\"110\" height=\"113\" srcset=\"https:\/\/www.afitecol.com\/wp-content\/uploads\/2021\/12\/VidaCotidiana-7.jpeg 328w, https:\/\/www.afitecol.com\/wp-content\/uploads\/2021\/12\/VidaCotidiana-7-294x300.jpeg 294w\" sizes=\"(max-width: 110px) 85vw, 110px\" \/><\/a>8. Tienda de vender chicha.<\/strong><br \/>\n<strong><a href=\"https:\/\/www.afitecol.com\/wp-content\/uploads\/2021\/12\/VidaCotidiana-8.jpeg\"><img loading=\"lazy\" decoding=\"async\" class=\"alignleft wp-image-15691\" src=\"https:\/\/www.afitecol.com\/wp-content\/uploads\/2021\/12\/VidaCotidiana-8.jpeg\" alt=\"\" width=\"110\" height=\"112\" srcset=\"https:\/\/www.afitecol.com\/wp-content\/uploads\/2021\/12\/VidaCotidiana-8.jpeg 328w, https:\/\/www.afitecol.com\/wp-content\/uploads\/2021\/12\/VidaCotidiana-8-294x300.jpeg 294w\" sizes=\"(max-width: 110px) 85vw, 110px\" \/><\/a>9. Hamaca sudamericana. Juego de cartas.<\/strong><\/p>\n<p>&nbsp;<\/p>\n<p><strong><a href=\"https:\/\/www.afitecol.com\/wp-content\/uploads\/2021\/12\/VidaCotidiana-9.jpeg\"><img loading=\"lazy\" decoding=\"async\" class=\"alignleft wp-image-15692\" src=\"https:\/\/www.afitecol.com\/wp-content\/uploads\/2021\/12\/VidaCotidiana-9.jpeg\" alt=\"\" width=\"110\" height=\"113\" srcset=\"https:\/\/www.afitecol.com\/wp-content\/uploads\/2021\/12\/VidaCotidiana-9.jpeg 328w, https:\/\/www.afitecol.com\/wp-content\/uploads\/2021\/12\/VidaCotidiana-9-294x300.jpeg 294w\" sizes=\"(max-width: 110px) 85vw, 110px\" \/><\/a>10. El tiple. M\u00fasica popular.<\/strong><br \/>\n<strong><a href=\"https:\/\/www.afitecol.com\/wp-content\/uploads\/2021\/12\/VidaCotidiana-10.jpeg\"><img loading=\"lazy\" decoding=\"async\" class=\"alignleft wp-image-15693\" src=\"https:\/\/www.afitecol.com\/wp-content\/uploads\/2021\/12\/VidaCotidiana-10.jpeg\" alt=\"\" width=\"111\" height=\"113\" srcset=\"https:\/\/www.afitecol.com\/wp-content\/uploads\/2021\/12\/VidaCotidiana-10.jpeg 328w, https:\/\/www.afitecol.com\/wp-content\/uploads\/2021\/12\/VidaCotidiana-10-294x300.jpeg 294w\" sizes=\"(max-width: 111px) 85vw, 111px\" \/><\/a>11. Baile de campesinos.<\/strong><br \/>\n<strong><a href=\"https:\/\/www.afitecol.com\/wp-content\/uploads\/2021\/12\/VidaCotidiana-11.jpeg\"><img loading=\"lazy\" decoding=\"async\" class=\"alignleft wp-image-15694\" src=\"https:\/\/www.afitecol.com\/wp-content\/uploads\/2021\/12\/VidaCotidiana-11.jpeg\" alt=\"\" width=\"111\" height=\"111\" srcset=\"https:\/\/www.afitecol.com\/wp-content\/uploads\/2021\/12\/VidaCotidiana-11.jpeg 328w, https:\/\/www.afitecol.com\/wp-content\/uploads\/2021\/12\/VidaCotidiana-11-150x150.jpeg 150w, https:\/\/www.afitecol.com\/wp-content\/uploads\/2021\/12\/VidaCotidiana-11-298x300.jpeg 298w\" sizes=\"(max-width: 111px) 85vw, 111px\" \/><\/a>12. La int\u00e9rprete de arpa.<\/strong><\/p>\n<p>&nbsp;<\/p>\n<p>&nbsp;<\/p>\n<p>La diagramaci\u00f3n estuvo a cargo de M\u00f3nica Marcela Vargas.<\/p>\n<p><strong><a href=\"https:\/\/www.afitecol.com\/wp-content\/uploads\/2021\/12\/VidaSobre1-1.jpeg\"><img loading=\"lazy\" decoding=\"async\" class=\"alignleft wp-image-15706\" src=\"https:\/\/www.afitecol.com\/wp-content\/uploads\/2021\/12\/VidaSobre1-1.jpeg\" alt=\"\" width=\"200\" height=\"105\" srcset=\"https:\/\/www.afitecol.com\/wp-content\/uploads\/2021\/12\/VidaSobre1-1.jpeg 661w, https:\/\/www.afitecol.com\/wp-content\/uploads\/2021\/12\/VidaSobre1-1-300x157.jpeg 300w\" sizes=\"(max-width: 200px) 85vw, 200px\" \/><\/a><a href=\"https:\/\/www.afitecol.com\/wp-content\/uploads\/2021\/12\/VidaSobre1-2.jpeg\"><img loading=\"lazy\" decoding=\"async\" class=\"alignleft wp-image-15707\" src=\"https:\/\/www.afitecol.com\/wp-content\/uploads\/2021\/12\/VidaSobre1-2.jpeg\" alt=\"\" width=\"201\" height=\"106\" srcset=\"https:\/\/www.afitecol.com\/wp-content\/uploads\/2021\/12\/VidaSobre1-2.jpeg 661w, https:\/\/www.afitecol.com\/wp-content\/uploads\/2021\/12\/VidaSobre1-2-300x157.jpeg 300w\" sizes=\"(max-width: 201px) 85vw, 201px\" \/><\/a><a href=\"https:\/\/www.afitecol.com\/wp-content\/uploads\/2021\/12\/VidaSobre1.jpeg\"><img loading=\"lazy\" decoding=\"async\" class=\"alignleft wp-image-15708\" src=\"https:\/\/www.afitecol.com\/wp-content\/uploads\/2021\/12\/VidaSobre1.jpeg\" alt=\"\" width=\"200\" height=\"105\" srcset=\"https:\/\/www.afitecol.com\/wp-content\/uploads\/2021\/12\/VidaSobre1.jpeg 661w, https:\/\/www.afitecol.com\/wp-content\/uploads\/2021\/12\/VidaSobre1-300x157.jpeg 300w\" sizes=\"(max-width: 200px) 85vw, 200px\" \/><\/a>El sobre de primer d\u00eda<\/strong>. Se imprimieron 810 sobres numerados de primer de servicio, 270 por cada grupo de motivos. El primer d\u00eda de servicio fue el 26 de noviembre de 2021 y fue matasellado en la ciudad de Bogot\u00e1, D.C., Colombia.<\/p>\n","protected":false},"excerpt":{"rendered":"<p>La vida cotidiana, la vida rutinaria, o en t\u00e9rminos generales la vida normal, es la que se describe en esta emisi\u00f3n postal, la vida que se viv\u00eda en la \u00e9poca de la Independencia de Colombia. La vida cotidiana de la presente emisi\u00f3n postal hace referencia a lo que hac\u00eda la mayor\u00eda de las personas: comer, &hellip; <a href=\"https:\/\/www.afitecol.com\/?p=15664\" class=\"more-link\">Continuar leyendo<span class=\"screen-reader-text\"> \u00abEmisi\u00f3n postal: \u201cIndependencia de Colombia: Vida cotidiana. Bicentenario 2019 \u2013 2023. XII Serie\u201d.\u00bb<\/span><\/a><\/p>\n","protected":false},"author":2,"featured_media":0,"comment_status":"open","ping_status":"closed","sticky":false,"template":"","format":"standard","meta":{"footnotes":""},"categories":[5],"tags":[],"class_list":["post-15664","post","type-post","status-publish","format-standard","hentry","category-emisiones"],"_links":{"self":[{"href":"https:\/\/www.afitecol.com\/index.php?rest_route=\/wp\/v2\/posts\/15664"}],"collection":[{"href":"https:\/\/www.afitecol.com\/index.php?rest_route=\/wp\/v2\/posts"}],"about":[{"href":"https:\/\/www.afitecol.com\/index.php?rest_route=\/wp\/v2\/types\/post"}],"author":[{"embeddable":true,"href":"https:\/\/www.afitecol.com\/index.php?rest_route=\/wp\/v2\/users\/2"}],"replies":[{"embeddable":true,"href":"https:\/\/www.afitecol.com\/index.php?rest_route=%2Fwp%2Fv2%2Fcomments&post=15664"}],"version-history":[{"count":6,"href":"https:\/\/www.afitecol.com\/index.php?rest_route=\/wp\/v2\/posts\/15664\/revisions"}],"predecessor-version":[{"id":15711,"href":"https:\/\/www.afitecol.com\/index.php?rest_route=\/wp\/v2\/posts\/15664\/revisions\/15711"}],"wp:attachment":[{"href":"https:\/\/www.afitecol.com\/index.php?rest_route=%2Fwp%2Fv2%2Fmedia&parent=15664"}],"wp:term":[{"taxonomy":"category","embeddable":true,"href":"https:\/\/www.afitecol.com\/index.php?rest_route=%2Fwp%2Fv2%2Fcategories&post=15664"},{"taxonomy":"post_tag","embeddable":true,"href":"https:\/\/www.afitecol.com\/index.php?rest_route=%2Fwp%2Fv2%2Ftags&post=15664"}],"curies":[{"name":"wp","href":"https:\/\/api.w.org\/{rel}","templated":true}]}}