{"id":15636,"date":"2021-11-23T12:26:31","date_gmt":"2021-11-23T17:26:31","guid":{"rendered":"http:\/\/www.afitecol.com\/?p=15636"},"modified":"2021-12-10T16:45:31","modified_gmt":"2021-12-10T21:45:31","slug":"emision-postal-arcabuco-boyaca-destino-natural","status":"publish","type":"post","link":"https:\/\/www.afitecol.com\/?p=15636","title":{"rendered":"Emisi\u00f3n postal: \u201cArcabuco, Boyac\u00e1: Destino Natural\u201d."},"content":{"rendered":"<p><strong><a href=\"https:\/\/www.afitecol.com\/wp-content\/uploads\/2021\/11\/ArcabucoA.jpeg\"><img loading=\"lazy\" decoding=\"async\" class=\"alignleft wp-image-15676\" src=\"https:\/\/www.afitecol.com\/wp-content\/uploads\/2021\/11\/ArcabucoA.jpeg\" alt=\"\" width=\"200\" height=\"200\" srcset=\"https:\/\/www.afitecol.com\/wp-content\/uploads\/2021\/11\/ArcabucoA.jpeg 744w, https:\/\/www.afitecol.com\/wp-content\/uploads\/2021\/11\/ArcabucoA-150x150.jpeg 150w, https:\/\/www.afitecol.com\/wp-content\/uploads\/2021\/11\/ArcabucoA-300x300.jpeg 300w\" sizes=\"(max-width: 200px) 85vw, 200px\" \/><\/a><a href=\"https:\/\/www.afitecol.com\/wp-content\/uploads\/2021\/11\/ArcabucoB.jpeg\"><img loading=\"lazy\" decoding=\"async\" class=\"alignleft wp-image-15677\" src=\"https:\/\/www.afitecol.com\/wp-content\/uploads\/2021\/11\/ArcabucoB.jpeg\" alt=\"\" width=\"200\" height=\"200\" srcset=\"https:\/\/www.afitecol.com\/wp-content\/uploads\/2021\/11\/ArcabucoB.jpeg 744w, https:\/\/www.afitecol.com\/wp-content\/uploads\/2021\/11\/ArcabucoB-150x150.jpeg 150w, https:\/\/www.afitecol.com\/wp-content\/uploads\/2021\/11\/ArcabucoB-300x300.jpeg 300w\" sizes=\"(max-width: 200px) 85vw, 200px\" \/><\/a>Arcabuco<\/strong> es un municipio colombiano situado en la provincia de Ricaurte en el departamento de Boyac\u00e1. Seg\u00fan la etimolog\u00eda <strong>Arcabuco<\/strong> significa lugar de matorrales enredados .<\/p>\n<p><strong>Arcabuco<\/strong> fue fundado el <strong>22 de octubre del a\u00f1o 1856<\/strong> cuando la Asamblea Provincial, mediante el art\u00edculo primero de la Ordenanza de Tunja erigi\u00f3 el <strong>Sitio Arcabuco<\/strong> en <strong>Aldea de Arcabuco<\/strong>.<\/p>\n<p>Posteriormente la <strong>Aldea de Arcabuco<\/strong> fue elevada a la categor\u00eda de <strong>Distrito<\/strong> por medio del Decreto del 8 de septiembre de 1868.<\/p>\n<p>El municipio de <strong>Arcabuco<\/strong> est\u00e1 situado a 34 km de la ciudad de Tunja, capital del departamento de Boyac\u00e1. El municipio de Arcabuco limita al norte con los municipios de Moniquir\u00e1 y G\u00e1mbita, departamento de Santander, al Sur con los Municipios de Villa de Leyva y Ch\u00edquiza, al Oriente, con el municipio de C\u00f3mbita y al Occidente, con los municipios de Gachantiv\u00e1 y Villa de Leyva.<\/p>\n<p>Durante los d\u00edas 14, 15 y 16 de octubre se realiza la festividad de la Virgen del Amparo, patrona del municipio.<\/p>\n<p>Las principales actividades del municipio de <strong>Arcabuco<\/strong> son la agr\u00edcola y la ganadera. El sector agr\u00edcola siempre ha sido la base de la econom\u00eda del municipio de <strong>Arcabuco<\/strong>.<\/p>\n<p>Entre los productos agr\u00edcolas que m\u00e1s se cultivan en la poblaci\u00f3n se destacan, entre otros: la papa (<em>Solanum tuberosum<\/em>); el ma\u00edz (<em>Zea mayz<\/em>); la alverja (<em>Pisum sativum<\/em>) y la haba (<em>Vicia faba<\/em>). Tambi\u00e9n, en los \u00faltimos a\u00f1os se ha incrementado el cultivo de frutales como durazno (<em>Prunus persica<\/em>), fresa (<em>Fragaria sp<\/em>.) y curuba (<em>Passiflora sp.<\/em> ).<\/p>\n<p>En los bosques hay magn\u00edficas maderas como el roble (<em>Quercus sp.<\/em>) y el eucalipto (<em>Eucalyptus sp<\/em>.); este \u00faltimo se explota en la zona de manera comercial.<\/p>\n<p>En cuanto al sector agropecuario se realiza la cr\u00eda de ganado vacuno y lanar.<\/p>\n<p>Como destino natural <strong>Arcabuco<\/strong> cuenta con r\u00edos como el Arcabuco o P\u00f3meca, que nace en el pantano de Sote y desemboca en el r\u00edo Su\u00e1rez; El Chuqueque y La Cebada.<\/p>\n<p>Entre las quebradas se ubican: la Colorada, los Micos, Ortiz, Rafina, Saltaderos y Sechegal. Sus lagunas principales son: Carrizal, Empedrada y el Monte.<\/p>\n<p>Un ramal de la cordillera Oriental recorre el municipio y forma varios estribos, con las denominaciones de Alto de los Helechales, Alto de J\u00e1guate, Alto de los Santos, Loma de Paja, Morro Jarique, Morro Negro, Pe\u00f1a Blanca, Pe\u00f1a de Candela, Picacho de Gaitas y los cerros de Monserrate y Guadalupe.<\/p>\n<p><strong>Arcabuco<\/strong> cuenta con cinco lagunas: Carrizal, Chuscal, Colorada, Iguaque y Negra.<\/p>\n<p>Todos los sitios mencionados hacen honor al t\u00edtulo de la emisi\u00f3n postal: <strong>Arcabuco, Boyac\u00e1, Destino Natural.<\/strong><\/p>\n<p>Para celebrar los 165 a\u00f1os de la fundaci\u00f3n de <strong>Arcabuco<\/strong>, se realiz\u00f3 la emisi\u00f3n postal denominada: <strong>\u201cArcabuco, Boyac\u00e1: Destino Natural\u201d<\/strong>.<\/p>\n<p><strong>La Emisi\u00f3n postal<\/strong>: La emisi\u00f3n postal <strong>\u201cArcabuco, Boyac\u00e1: Destino Natural\u201d<\/strong>, fue aprobada mediante una Resoluci\u00f3n del Ministerio de Tecnolog\u00edas de la Informaci\u00f3n y las Comunicaciones.<\/p>\n<p><strong>Acto protocolario<\/strong>. El acto protocolario del lanzamiento de la emisi\u00f3n postal <strong>\u201cArcabuco, Boyac\u00e1: Destino Natural\u201d<\/strong>, se realiz\u00f3 en la ciudad de Arcabuco, Departamento de Boyac\u00e1, Colombia, el 19 de noviembre de 2021.<\/p>\n<p><strong>La emisi\u00f3n<\/strong>. La emisi\u00f3n postal <strong>\u201cArcabuco, Boyac\u00e1: Destino Natural\u201d<\/strong>, consta de 3.000 hojas filat\u00e9licas, para un total de 12.000 estampillas. La emisi\u00f3n postal contiene adem\u00e1s la carpeta, el bolet\u00edn informativo y el sobre de primer d\u00eda.<\/p>\n<p><strong><a href=\"https:\/\/www.afitecol.com\/wp-content\/uploads\/2021\/11\/ArcabucoC.jpeg\"><img loading=\"lazy\" decoding=\"async\" class=\"alignleft wp-image-15678\" src=\"https:\/\/www.afitecol.com\/wp-content\/uploads\/2021\/11\/ArcabucoC.jpeg\" alt=\"\" width=\"252\" height=\"254\" srcset=\"https:\/\/www.afitecol.com\/wp-content\/uploads\/2021\/11\/ArcabucoC.jpeg 727w, https:\/\/www.afitecol.com\/wp-content\/uploads\/2021\/11\/ArcabucoC-150x150.jpeg 150w, https:\/\/www.afitecol.com\/wp-content\/uploads\/2021\/11\/ArcabucoC-298x300.jpeg 298w\" sizes=\"(max-width: 252px) 85vw, 252px\" \/><\/a>La hoja filat\u00e9lica<\/strong>. La hoja filat\u00e9lica, numerada, en tama\u00f1o de 9 x 9 cm, contiene 4 estampillas. La hoja filat\u00e9lica lleva como t\u00edtulo en la parte superior: \u201cArcabuco, Boyac\u00e1: Destino Natural\u201d.<\/p>\n<p><strong>Las estampillas<\/strong>. Las estampillas en tama\u00f1o de 40 x 30 mm, en policrom\u00eda, m\u00e1s una tinta especial fluorescente invisible, en papel Truwhite y goma PVA, tienen un valor facial de $ 5.000 pesos colombianos.<\/p>\n<p>Las estampillas llevan como imagen los sitios m\u00e1s representativos del municipio de <strong>Arcabuco<\/strong>, Boyac\u00e1.<\/p>\n<p><strong><a href=\"https:\/\/www.afitecol.com\/wp-content\/uploads\/2021\/11\/Arcabuco2.png\"><img loading=\"lazy\" decoding=\"async\" class=\"alignleft wp-image-15651\" src=\"https:\/\/www.afitecol.com\/wp-content\/uploads\/2021\/11\/Arcabuco2.png\" alt=\"\" width=\"120\" height=\"87\" srcset=\"https:\/\/www.afitecol.com\/wp-content\/uploads\/2021\/11\/Arcabuco2.png 357w, https:\/\/www.afitecol.com\/wp-content\/uploads\/2021\/11\/Arcabuco2-300x217.png 300w\" sizes=\"(max-width: 120px) 85vw, 120px\" \/><\/a>1. Parque principal<\/strong><\/p>\n<p><strong><a href=\"https:\/\/www.afitecol.com\/wp-content\/uploads\/2021\/11\/Arcabuco3.png\"><img loading=\"lazy\" decoding=\"async\" class=\"alignleft wp-image-15652\" src=\"https:\/\/www.afitecol.com\/wp-content\/uploads\/2021\/11\/Arcabuco3.png\" alt=\"\" width=\"119\" height=\"89\" srcset=\"https:\/\/www.afitecol.com\/wp-content\/uploads\/2021\/11\/Arcabuco3.png 351w, https:\/\/www.afitecol.com\/wp-content\/uploads\/2021\/11\/Arcabuco3-300x223.png 300w\" sizes=\"(max-width: 119px) 85vw, 119px\" \/><\/a>2. El \u00c1ngel guardi\u00e1n de los bosques<\/strong><\/p>\n<p>&nbsp;<\/p>\n<p><strong><a href=\"https:\/\/www.afitecol.com\/wp-content\/uploads\/2021\/11\/Arcabuco4.png\"><img loading=\"lazy\" decoding=\"async\" class=\"alignleft wp-image-15653\" src=\"https:\/\/www.afitecol.com\/wp-content\/uploads\/2021\/11\/Arcabuco4.png\" alt=\"\" width=\"120\" height=\"88\" srcset=\"https:\/\/www.afitecol.com\/wp-content\/uploads\/2021\/11\/Arcabuco4.png 352w, https:\/\/www.afitecol.com\/wp-content\/uploads\/2021\/11\/Arcabuco4-300x220.png 300w\" sizes=\"(max-width: 120px) 85vw, 120px\" \/><\/a><\/strong><\/p>\n<p><strong>3. Cascada las Chorreras<\/strong><\/p>\n<p>&nbsp;<\/p>\n<p><strong><a href=\"https:\/\/www.afitecol.com\/wp-content\/uploads\/2021\/11\/Arcabuco5.png\"><img loading=\"lazy\" decoding=\"async\" class=\"alignleft wp-image-15654\" src=\"https:\/\/www.afitecol.com\/wp-content\/uploads\/2021\/11\/Arcabuco5.png\" alt=\"\" width=\"120\" height=\"88\" srcset=\"https:\/\/www.afitecol.com\/wp-content\/uploads\/2021\/11\/Arcabuco5.png 352w, https:\/\/www.afitecol.com\/wp-content\/uploads\/2021\/11\/Arcabuco5-300x221.png 300w\" sizes=\"(max-width: 120px) 85vw, 120px\" \/><\/a>4. Atardecer Arcabuque\u00f1o<\/strong><\/p>\n<p>&nbsp;<\/p>\n<p>El dise\u00f1o estuvo a cargo de M\u00f3nica Marcela Vargas.<\/p>\n<p><strong><a href=\"https:\/\/www.afitecol.com\/wp-content\/uploads\/2021\/11\/Arcabuco6.png\"><img loading=\"lazy\" decoding=\"async\" class=\"alignleft wp-image-15655\" src=\"https:\/\/www.afitecol.com\/wp-content\/uploads\/2021\/11\/Arcabuco6-1024x478.png\" alt=\"\" width=\"251\" height=\"117\" srcset=\"https:\/\/www.afitecol.com\/wp-content\/uploads\/2021\/11\/Arcabuco6-1024x478.png 1024w, https:\/\/www.afitecol.com\/wp-content\/uploads\/2021\/11\/Arcabuco6-300x140.png 300w, https:\/\/www.afitecol.com\/wp-content\/uploads\/2021\/11\/Arcabuco6-768x358.png 768w, https:\/\/www.afitecol.com\/wp-content\/uploads\/2021\/11\/Arcabuco6.png 1069w\" sizes=\"(max-width: 251px) 85vw, 251px\" \/><\/a>El sobre de primer d\u00eda<\/strong>. Se imprimieron 270 sobres numerados de primer d\u00eda de servicio. El primer d\u00eda de servicio fue el 19 de noviembre de 2021, y fue matasellado en la ciudad de Arcabuco, Departamento de Boyac\u00e1, Rep\u00fablica de Colombia.<\/p>\n","protected":false},"excerpt":{"rendered":"<p>Arcabuco es un municipio colombiano situado en la provincia de Ricaurte en el departamento de Boyac\u00e1. Seg\u00fan la etimolog\u00eda Arcabuco significa lugar de matorrales enredados . Arcabuco fue fundado el 22 de octubre del a\u00f1o 1856 cuando la Asamblea Provincial, mediante el art\u00edculo primero de la Ordenanza de Tunja erigi\u00f3 el Sitio Arcabuco en Aldea &hellip; <a href=\"https:\/\/www.afitecol.com\/?p=15636\" class=\"more-link\">Continuar leyendo<span class=\"screen-reader-text\"> \u00abEmisi\u00f3n postal: \u201cArcabuco, Boyac\u00e1: Destino Natural\u201d.\u00bb<\/span><\/a><\/p>\n","protected":false},"author":2,"featured_media":0,"comment_status":"open","ping_status":"closed","sticky":false,"template":"","format":"standard","meta":{"footnotes":""},"categories":[5],"tags":[],"class_list":["post-15636","post","type-post","status-publish","format-standard","hentry","category-emisiones"],"_links":{"self":[{"href":"https:\/\/www.afitecol.com\/index.php?rest_route=\/wp\/v2\/posts\/15636"}],"collection":[{"href":"https:\/\/www.afitecol.com\/index.php?rest_route=\/wp\/v2\/posts"}],"about":[{"href":"https:\/\/www.afitecol.com\/index.php?rest_route=\/wp\/v2\/types\/post"}],"author":[{"embeddable":true,"href":"https:\/\/www.afitecol.com\/index.php?rest_route=\/wp\/v2\/users\/2"}],"replies":[{"embeddable":true,"href":"https:\/\/www.afitecol.com\/index.php?rest_route=%2Fwp%2Fv2%2Fcomments&post=15636"}],"version-history":[{"count":6,"href":"https:\/\/www.afitecol.com\/index.php?rest_route=\/wp\/v2\/posts\/15636\/revisions"}],"predecessor-version":[{"id":15675,"href":"https:\/\/www.afitecol.com\/index.php?rest_route=\/wp\/v2\/posts\/15636\/revisions\/15675"}],"wp:attachment":[{"href":"https:\/\/www.afitecol.com\/index.php?rest_route=%2Fwp%2Fv2%2Fmedia&parent=15636"}],"wp:term":[{"taxonomy":"category","embeddable":true,"href":"https:\/\/www.afitecol.com\/index.php?rest_route=%2Fwp%2Fv2%2Fcategories&post=15636"},{"taxonomy":"post_tag","embeddable":true,"href":"https:\/\/www.afitecol.com\/index.php?rest_route=%2Fwp%2Fv2%2Ftags&post=15636"}],"curies":[{"name":"wp","href":"https:\/\/api.w.org\/{rel}","templated":true}]}}