{"id":15458,"date":"2021-10-08T19:07:56","date_gmt":"2021-10-09T00:07:56","guid":{"rendered":"http:\/\/www.afitecol.com\/?p=15458"},"modified":"2021-10-08T19:07:56","modified_gmt":"2021-10-09T00:07:56","slug":"emision-postal-el-socorro-santander-cuna-de-la-libertad-de-america","status":"publish","type":"post","link":"https:\/\/www.afitecol.com\/?p=15458","title":{"rendered":"Emisi\u00f3n postal: \u201cEl Socorro, Santander: Cuna de la Libertad de Am\u00e9rica\u201d"},"content":{"rendered":"<p><strong><a href=\"https:\/\/www.afitecol.com\/wp-content\/uploads\/2021\/10\/Socorro1.jpeg\"><img loading=\"lazy\" decoding=\"async\" class=\"alignleft wp-image-15477\" src=\"https:\/\/www.afitecol.com\/wp-content\/uploads\/2021\/10\/Socorro1-763x1024.jpeg\" alt=\"\" width=\"200\" height=\"269\" srcset=\"https:\/\/www.afitecol.com\/wp-content\/uploads\/2021\/10\/Socorro1-763x1024.jpeg 763w, https:\/\/www.afitecol.com\/wp-content\/uploads\/2021\/10\/Socorro1-224x300.jpeg 224w, https:\/\/www.afitecol.com\/wp-content\/uploads\/2021\/10\/Socorro1-768x1030.jpeg 768w, https:\/\/www.afitecol.com\/wp-content\/uploads\/2021\/10\/Socorro1-1200x1610.jpeg 1200w, https:\/\/www.afitecol.com\/wp-content\/uploads\/2021\/10\/Socorro1.jpeg 1226w\" sizes=\"(max-width: 200px) 85vw, 200px\" \/><\/a><a href=\"https:\/\/www.afitecol.com\/wp-content\/uploads\/2021\/10\/Socorro2.jpeg\"><img loading=\"lazy\" decoding=\"async\" class=\"alignleft wp-image-15478\" src=\"https:\/\/www.afitecol.com\/wp-content\/uploads\/2021\/10\/Socorro2-763x1024.jpeg\" alt=\"\" width=\"199\" height=\"266\" srcset=\"https:\/\/www.afitecol.com\/wp-content\/uploads\/2021\/10\/Socorro2-763x1024.jpeg 763w, https:\/\/www.afitecol.com\/wp-content\/uploads\/2021\/10\/Socorro2-224x300.jpeg 224w, https:\/\/www.afitecol.com\/wp-content\/uploads\/2021\/10\/Socorro2-768x1030.jpeg 768w, https:\/\/www.afitecol.com\/wp-content\/uploads\/2021\/10\/Socorro2-1200x1610.jpeg 1200w, https:\/\/www.afitecol.com\/wp-content\/uploads\/2021\/10\/Socorro2.jpeg 1226w\" sizes=\"(max-width: 199px) 85vw, 199px\" \/><\/a>El Socorro<\/strong>, Santander, es la <strong>Cuna de la Libertad de Am\u00e9rica<\/strong>, pues este pueblo se revel\u00f3 y se liber\u00f3 del yugo espa\u00f1ol el 10 de julio de 1810, siendo as\u00ed que el Socorro fue el <strong>Primer Pueblo Libre de Am\u00e9rica<\/strong>.<\/p>\n<p><a href=\"https:\/\/www.afitecol.com\/wp-content\/uploads\/2021\/10\/Beltran.jpeg\"><img loading=\"lazy\" decoding=\"async\" class=\"alignleft wp-image-15476\" src=\"https:\/\/www.afitecol.com\/wp-content\/uploads\/2021\/10\/Beltran.jpeg\" alt=\"\" width=\"150\" height=\"109\" srcset=\"https:\/\/www.afitecol.com\/wp-content\/uploads\/2021\/10\/Beltran.jpeg 312w, https:\/\/www.afitecol.com\/wp-content\/uploads\/2021\/10\/Beltran-300x217.jpeg 300w\" sizes=\"(max-width: 150px) 85vw, 150px\" \/><\/a>Recordemos que en los \u00faltimos meses de 1780 hubo revueltas contra los guardas de la renta del tabaco en Charal\u00e1, Mogotes y Simacota, pero la cabeza del movimiento fue la ciudad de <strong>El Socorro<\/strong>, en donde el 16 de marzo de 1781 <strong>Manuela Beltr\u00e1n<\/strong>, nacida en El Socorro, rompi\u00f3 el mandato referente a las nuevas contribuciones a los gritos de \u201cViva el Rey y muera el mal gobierno\u201d.<\/p>\n<p>Como resultado del fervoroso, agresivo y multitudinario alzamiento revolucionario, que depuso y desterr\u00f3 a las autoridades realistas el 10 de julio de 1810, la legendaria Provincia Comunera de <strong>El Socorro<\/strong>, proclam\u00f3 su independencia de la Corona Espa\u00f1ola, a partir de los sucesos que se desencadenaron el 9 de julio de 1810 y que al d\u00eda siguiente se formalizaron con el <strong>Acta de Independencia del Socorro<\/strong>, 10 d\u00edas antes de lo acontecido en Santaf\u00e9 de Bogot\u00e1.<\/p>\n<p><a href=\"https:\/\/www.afitecol.com\/wp-content\/uploads\/2021\/10\/Socorro16.png\"><img loading=\"lazy\" decoding=\"async\" class=\"alignleft wp-image-15498\" src=\"https:\/\/www.afitecol.com\/wp-content\/uploads\/2021\/10\/Socorro16.png\" alt=\"\" width=\"150\" height=\"118\" \/><\/a>En <strong>El Socorro<\/strong>, la Junta presidida por Jos\u00e9 Lorenzo Plata, mediante plebiscito efectuado el 15 de agosto de 1810, promulg\u00f3 la c\u00e9lebre <strong>Acta de Constituci\u00f3n del Nuevo Gobierno de la Provincia de El Socorro<\/strong>, considerada como Estatuto Fundamental Original del Constitucionalismo colombiano.<\/p>\n<p>El memorial del Cabildo para el Virrey del 10 de julio de 1810 fue enviado de inmediato a Santaf\u00e9 y se dispuso dejar copias en los cabildos de Tunja y de V\u00e9lez, aconsej\u00e1ndolos adem\u00e1s para que instalaran sus propias Juntas de Gobierno desconociendo el Mandato del Virrey.<\/p>\n<p>A Santaf\u00e9 llegaron las noticias de lo ocurrido en el Socorro el 16 de julio, cuatro d\u00edas antes del \u201cGrito de Independencia\u201d. El propio Jos\u00e9 Acevedo y G\u00f3mez, conocido como el Tribuno del Pueblo\u201d en carta del 19 de julio para el Comisionado Regio Antonio Villavicencio escribi\u00f3: \u201cLas hostilidades de Vald\u00e9s han precipitado a la Provincia del Socorro a un rompimiento, como lo ver\u00e1 usted por la adjunta relaci\u00f3n de los hechos m\u00e1s notables\u201d.<\/p>\n<p>En el Acta de Independencia de Santaf\u00e9, del 20 de julio de 1810, se menciona tambi\u00e9n lo que acababa de suceder en El Socorro como raz\u00f3n adicional para el movimiento emancipador.<\/p>\n<p>Para conmemorar este acontecimiento, el Gobierno de Colombia por intermedio del Ministerio de Tecnolog\u00edas de la Informaci\u00f3n y las Comunicaciones autoriz\u00f3 la emisi\u00f3n postal denominada \u201cSocorro, Santander: Cuna de la Libertad de Am\u00e9rica\u201d, mediante la Resoluci\u00f3n N\u00ba 1907 del 30 de julio de 2021.<\/p>\n<p><strong>Acto protocolario<\/strong>. El acto protocolario de lanzamiento de la Emisi\u00f3n postal: <strong>\u201cEl Socorro, Santander: Cuna de la Libertad de Am\u00e9rica\u201d<\/strong>, se realiz\u00f3 en la ciudad de El Socorro, Santander, Colombia, el d\u00eda 17 de septiembre de 2021.<\/p>\n<p><strong>La emisi\u00f3n<\/strong>. La emisi\u00f3n postal <strong>\u201cEl Socorro, Santander: Cuna de la Libertad de Am\u00e9rica\u201d<\/strong> consta de 3.000 hojas bloque, para un total de 27.000 estampillas. La emisi\u00f3n postal contiene adem\u00e1s la carpeta, el bolet\u00edn informativo y los sobres de primer d\u00eda.<\/p>\n<p><strong><a href=\"https:\/\/www.afitecol.com\/wp-content\/uploads\/2021\/10\/Socorro3.jpeg\"><img loading=\"lazy\" decoding=\"async\" class=\"alignleft wp-image-15479\" src=\"https:\/\/www.afitecol.com\/wp-content\/uploads\/2021\/10\/Socorro3-1024x995.jpeg\" alt=\"\" width=\"199\" height=\"194\" srcset=\"https:\/\/www.afitecol.com\/wp-content\/uploads\/2021\/10\/Socorro3-1024x995.jpeg 1024w, https:\/\/www.afitecol.com\/wp-content\/uploads\/2021\/10\/Socorro3-300x291.jpeg 300w, https:\/\/www.afitecol.com\/wp-content\/uploads\/2021\/10\/Socorro3-768x746.jpeg 768w, https:\/\/www.afitecol.com\/wp-content\/uploads\/2021\/10\/Socorro3.jpeg 1050w\" sizes=\"(max-width: 199px) 85vw, 199px\" \/><\/a>La hoja bloque<\/strong>. La hoja bloque, numerada, en tama\u00f1o de 15 X 12 cm, est\u00e1 compuesta por 9 estampillas. En la parte superior de la hoja bloque lleva como t\u00edtulo el nombre de la emisi\u00f3n postal: <strong>El<\/strong> <strong>Socorro, Santander &#8211; Cuna de la Libertad de Am\u00e9rica.<\/strong><\/p>\n<p><strong>Las estampillas<\/strong>. Las estampillas en tama\u00f1o de 40 X 30 mm, en policrom\u00eda, m\u00e1s una tinta especial fluorescente invisible, en papel Truwhite y goma PVA, tienen un valor facial de $ 2.000 pesos colombianos.<\/p>\n<p><a href=\"https:\/\/www.afitecol.com\/wp-content\/uploads\/2021\/10\/Socorro4.jpeg\"><img loading=\"lazy\" decoding=\"async\" class=\"alignleft wp-image-15480\" src=\"https:\/\/www.afitecol.com\/wp-content\/uploads\/2021\/10\/Socorro4.jpeg\" alt=\"\" width=\"120\" height=\"91\" srcset=\"https:\/\/www.afitecol.com\/wp-content\/uploads\/2021\/10\/Socorro4.jpeg 329w, https:\/\/www.afitecol.com\/wp-content\/uploads\/2021\/10\/Socorro4-300x228.jpeg 300w\" sizes=\"(max-width: 120px) 85vw, 120px\" \/><\/a>1. <strong>Bas\u00edlica Menor Nuestra Se\u00f1ora del Socorro<\/strong>.<\/p>\n<p><a href=\"https:\/\/www.afitecol.com\/wp-content\/uploads\/2021\/10\/Socorro5.jpeg\"><img loading=\"lazy\" decoding=\"async\" class=\"alignleft wp-image-15481\" src=\"https:\/\/www.afitecol.com\/wp-content\/uploads\/2021\/10\/Socorro5.jpeg\" alt=\"\" width=\"120\" height=\"91\" srcset=\"https:\/\/www.afitecol.com\/wp-content\/uploads\/2021\/10\/Socorro5.jpeg 329w, https:\/\/www.afitecol.com\/wp-content\/uploads\/2021\/10\/Socorro5-300x228.jpeg 300w\" sizes=\"(max-width: 120px) 85vw, 120px\" \/><\/a>2. <strong>Escultura de Manuela Beltr\u00e1n<\/strong><\/p>\n<p><a href=\"https:\/\/www.afitecol.com\/wp-content\/uploads\/2021\/10\/Socorro6.jpeg\"><img loading=\"lazy\" decoding=\"async\" class=\"alignleft wp-image-15482\" src=\"https:\/\/www.afitecol.com\/wp-content\/uploads\/2021\/10\/Socorro6.jpeg\" alt=\"\" width=\"119\" height=\"91\" srcset=\"https:\/\/www.afitecol.com\/wp-content\/uploads\/2021\/10\/Socorro6.jpeg 329w, https:\/\/www.afitecol.com\/wp-content\/uploads\/2021\/10\/Socorro6-300x228.jpeg 300w\" sizes=\"(max-width: 119px) 85vw, 119px\" \/><\/a>3. <strong>Convento de los Capuchinos<\/strong><\/p>\n<p>&nbsp;<\/p>\n<p><a href=\"https:\/\/www.afitecol.com\/wp-content\/uploads\/2021\/10\/Socorro7.jpeg\"><img loading=\"lazy\" decoding=\"async\" class=\"alignleft wp-image-15483\" src=\"https:\/\/www.afitecol.com\/wp-content\/uploads\/2021\/10\/Socorro7.jpeg\" alt=\"\" width=\"118\" height=\"90\" srcset=\"https:\/\/www.afitecol.com\/wp-content\/uploads\/2021\/10\/Socorro7.jpeg 329w, https:\/\/www.afitecol.com\/wp-content\/uploads\/2021\/10\/Socorro7-300x228.jpeg 300w\" sizes=\"(max-width: 118px) 85vw, 118px\" \/><\/a><\/p>\n<p>4. <strong>Estatua de Jos\u00e9 Antonio Gal\u00e1n<\/strong><\/p>\n<p><a href=\"https:\/\/www.afitecol.com\/wp-content\/uploads\/2021\/10\/Socorro8.jpeg\"><img loading=\"lazy\" decoding=\"async\" class=\"alignleft wp-image-15484\" src=\"https:\/\/www.afitecol.com\/wp-content\/uploads\/2021\/10\/Socorro8.jpeg\" alt=\"\" width=\"120\" height=\"91\" srcset=\"https:\/\/www.afitecol.com\/wp-content\/uploads\/2021\/10\/Socorro8.jpeg 329w, https:\/\/www.afitecol.com\/wp-content\/uploads\/2021\/10\/Socorro8-300x228.jpeg 300w\" sizes=\"(max-width: 120px) 85vw, 120px\" \/><\/a>5. <strong>Medalla Jos\u00e9 A. Morales<\/strong><\/p>\n<p><a href=\"https:\/\/www.afitecol.com\/wp-content\/uploads\/2021\/10\/Socorro9.jpeg\"><img loading=\"lazy\" decoding=\"async\" class=\"alignleft wp-image-15485\" src=\"https:\/\/www.afitecol.com\/wp-content\/uploads\/2021\/10\/Socorro9.jpeg\" alt=\"\" width=\"120\" height=\"91\" srcset=\"https:\/\/www.afitecol.com\/wp-content\/uploads\/2021\/10\/Socorro9.jpeg 329w, https:\/\/www.afitecol.com\/wp-content\/uploads\/2021\/10\/Socorro9-300x228.jpeg 300w\" sizes=\"(max-width: 120px) 85vw, 120px\" \/><\/a>6. <strong>Muros del Capitolio<\/strong><\/p>\n<p>&nbsp;<\/p>\n<p><a href=\"https:\/\/www.afitecol.com\/wp-content\/uploads\/2021\/10\/Socorro10.jpeg\"><img loading=\"lazy\" decoding=\"async\" class=\"alignleft wp-image-15486\" src=\"https:\/\/www.afitecol.com\/wp-content\/uploads\/2021\/10\/Socorro10.jpeg\" alt=\"\" width=\"120\" height=\"91\" srcset=\"https:\/\/www.afitecol.com\/wp-content\/uploads\/2021\/10\/Socorro10.jpeg 329w, https:\/\/www.afitecol.com\/wp-content\/uploads\/2021\/10\/Socorro10-300x228.jpeg 300w\" sizes=\"(max-width: 120px) 85vw, 120px\" \/><\/a>7. <strong>Calles empedradas<\/strong><\/p>\n<p><a href=\"https:\/\/www.afitecol.com\/wp-content\/uploads\/2021\/10\/Socorro11.jpeg\"><img loading=\"lazy\" decoding=\"async\" class=\"alignleft wp-image-15488\" src=\"https:\/\/www.afitecol.com\/wp-content\/uploads\/2021\/10\/Socorro11.jpeg\" alt=\"\" width=\"120\" height=\"91\" srcset=\"https:\/\/www.afitecol.com\/wp-content\/uploads\/2021\/10\/Socorro11.jpeg 329w, https:\/\/www.afitecol.com\/wp-content\/uploads\/2021\/10\/Socorro11-300x228.jpeg 300w\" sizes=\"(max-width: 120px) 85vw, 120px\" \/><\/a>8. <strong>Casa de la Cultura Horacio Rodr\u00edguez Plata<\/strong><\/p>\n<p><a href=\"https:\/\/www.afitecol.com\/wp-content\/uploads\/2021\/10\/Socorro12.jpeg\"><img loading=\"lazy\" decoding=\"async\" class=\"alignleft wp-image-15489\" src=\"https:\/\/www.afitecol.com\/wp-content\/uploads\/2021\/10\/Socorro12.jpeg\" alt=\"\" width=\"120\" height=\"91\" srcset=\"https:\/\/www.afitecol.com\/wp-content\/uploads\/2021\/10\/Socorro12.jpeg 329w, https:\/\/www.afitecol.com\/wp-content\/uploads\/2021\/10\/Socorro12-300x228.jpeg 300w\" sizes=\"(max-width: 120px) 85vw, 120px\" \/><\/a>9. <strong>Plazoleta Jos\u00e9 A. Morales<\/strong><\/p>\n<p>&nbsp;<\/p>\n<p>El dise\u00f1o estuvo a cargo de Diego Fernando Robayo.<\/p>\n<p><strong><a href=\"https:\/\/www.afitecol.com\/wp-content\/uploads\/2021\/10\/Socorro14.jpeg\"><img loading=\"lazy\" decoding=\"async\" class=\"alignleft wp-image-15491\" src=\"https:\/\/www.afitecol.com\/wp-content\/uploads\/2021\/10\/Socorro14.jpeg\" alt=\"\" width=\"201\" height=\"104\" srcset=\"https:\/\/www.afitecol.com\/wp-content\/uploads\/2021\/10\/Socorro14.jpeg 993w, https:\/\/www.afitecol.com\/wp-content\/uploads\/2021\/10\/Socorro14-300x155.jpeg 300w, https:\/\/www.afitecol.com\/wp-content\/uploads\/2021\/10\/Socorro14-768x397.jpeg 768w\" sizes=\"(max-width: 201px) 85vw, 201px\" \/><\/a><a href=\"https:\/\/www.afitecol.com\/wp-content\/uploads\/2021\/10\/Socorro13.jpeg\"><img loading=\"lazy\" decoding=\"async\" class=\"alignleft wp-image-15490\" src=\"https:\/\/www.afitecol.com\/wp-content\/uploads\/2021\/10\/Socorro13.jpeg\" alt=\"\" width=\"200\" height=\"106\" srcset=\"https:\/\/www.afitecol.com\/wp-content\/uploads\/2021\/10\/Socorro13.jpeg 986w, https:\/\/www.afitecol.com\/wp-content\/uploads\/2021\/10\/Socorro13-300x159.jpeg 300w, https:\/\/www.afitecol.com\/wp-content\/uploads\/2021\/10\/Socorro13-768x407.jpeg 768w\" sizes=\"(max-width: 200px) 85vw, 200px\" \/><\/a><a href=\"https:\/\/www.afitecol.com\/wp-content\/uploads\/2021\/10\/Socorro15.jpeg\"><img loading=\"lazy\" decoding=\"async\" class=\"alignleft wp-image-15492\" src=\"https:\/\/www.afitecol.com\/wp-content\/uploads\/2021\/10\/Socorro15.jpeg\" alt=\"\" width=\"201\" height=\"104\" srcset=\"https:\/\/www.afitecol.com\/wp-content\/uploads\/2021\/10\/Socorro15.jpeg 993w, https:\/\/www.afitecol.com\/wp-content\/uploads\/2021\/10\/Socorro15-300x155.jpeg 300w, https:\/\/www.afitecol.com\/wp-content\/uploads\/2021\/10\/Socorro15-768x397.jpeg 768w\" sizes=\"(max-width: 201px) 85vw, 201px\" \/><\/a>El sobre de primer d\u00eda<\/strong>. Se imprimieron 810 sobres numerados de primer d\u00eda, 270 sobres por cada motivo. El primer d\u00eda de servicio fue el 17 de septiembre de 2021 y fue matasellado en la ciudad de El Socorro, Departamento de Santander, Colombia.<\/p>\n","protected":false},"excerpt":{"rendered":"<p>El Socorro, Santander, es la Cuna de la Libertad de Am\u00e9rica, pues este pueblo se revel\u00f3 y se liber\u00f3 del yugo espa\u00f1ol el 10 de julio de 1810, siendo as\u00ed que el Socorro fue el Primer Pueblo Libre de Am\u00e9rica. Recordemos que en los \u00faltimos meses de 1780 hubo revueltas contra los guardas de la &hellip; <a href=\"https:\/\/www.afitecol.com\/?p=15458\" class=\"more-link\">Continuar leyendo<span class=\"screen-reader-text\"> \u00abEmisi\u00f3n postal: \u201cEl Socorro, Santander: Cuna de la Libertad de Am\u00e9rica\u201d\u00bb<\/span><\/a><\/p>\n","protected":false},"author":2,"featured_media":0,"comment_status":"open","ping_status":"closed","sticky":false,"template":"","format":"standard","meta":{"footnotes":""},"categories":[5],"tags":[],"class_list":["post-15458","post","type-post","status-publish","format-standard","hentry","category-emisiones"],"_links":{"self":[{"href":"https:\/\/www.afitecol.com\/index.php?rest_route=\/wp\/v2\/posts\/15458"}],"collection":[{"href":"https:\/\/www.afitecol.com\/index.php?rest_route=\/wp\/v2\/posts"}],"about":[{"href":"https:\/\/www.afitecol.com\/index.php?rest_route=\/wp\/v2\/types\/post"}],"author":[{"embeddable":true,"href":"https:\/\/www.afitecol.com\/index.php?rest_route=\/wp\/v2\/users\/2"}],"replies":[{"embeddable":true,"href":"https:\/\/www.afitecol.com\/index.php?rest_route=%2Fwp%2Fv2%2Fcomments&post=15458"}],"version-history":[{"count":10,"href":"https:\/\/www.afitecol.com\/index.php?rest_route=\/wp\/v2\/posts\/15458\/revisions"}],"predecessor-version":[{"id":15885,"href":"https:\/\/www.afitecol.com\/index.php?rest_route=\/wp\/v2\/posts\/15458\/revisions\/15885"}],"wp:attachment":[{"href":"https:\/\/www.afitecol.com\/index.php?rest_route=%2Fwp%2Fv2%2Fmedia&parent=15458"}],"wp:term":[{"taxonomy":"category","embeddable":true,"href":"https:\/\/www.afitecol.com\/index.php?rest_route=%2Fwp%2Fv2%2Fcategories&post=15458"},{"taxonomy":"post_tag","embeddable":true,"href":"https:\/\/www.afitecol.com\/index.php?rest_route=%2Fwp%2Fv2%2Ftags&post=15458"}],"curies":[{"name":"wp","href":"https:\/\/api.w.org\/{rel}","templated":true}]}}