{"id":15456,"date":"2021-10-05T16:20:27","date_gmt":"2021-10-05T21:20:27","guid":{"rendered":"http:\/\/www.afitecol.com\/?p=15456"},"modified":"2021-10-06T08:42:50","modified_gmt":"2021-10-06T13:42:50","slug":"1-inicios-de-la-republica-de-colombia-ii","status":"publish","type":"post","link":"https:\/\/www.afitecol.com\/?p=15456","title":{"rendered":"1. Inicios de la Rep\u00fablica de Colombia (II)"},"content":{"rendered":"<p><strong>Rep\u00fablica de la Nueva Granada<\/strong><\/p>\n<p><a href=\"https:\/\/www.afitecol.com\/wp-content\/uploads\/2021\/10\/1ConfederacionGranadina.png\"><img loading=\"lazy\" decoding=\"async\" class=\"alignleft wp-image-15461\" src=\"https:\/\/www.afitecol.com\/wp-content\/uploads\/2021\/10\/1ConfederacionGranadina.png\" alt=\"\" width=\"80\" height=\"106\" \/><\/a>En 1830, con la separaci\u00f3n de Venezuela y Ecuador la actual Colombia pas\u00f3 a llamarse <strong>Rep\u00fablica de la Nueva Granada. <\/strong><\/p>\n<p><strong><a href=\"https:\/\/www.afitecol.com\/wp-content\/uploads\/2021\/10\/2EUNuevaGranada.png\"><img loading=\"lazy\" decoding=\"async\" class=\"alignleft wp-image-15462\" src=\"https:\/\/www.afitecol.com\/wp-content\/uploads\/2021\/10\/2EUNuevaGranada.png\" alt=\"\" width=\"80\" height=\"102\" \/><\/a>T<\/strong>ras la adopci\u00f3n del federalismo con la <strong>Constituci\u00f3n de 1858<\/strong> se llam\u00f3 <strong>Confederaci\u00f3n Granadina<\/strong>.<\/p>\n<p><a href=\"https:\/\/www.afitecol.com\/wp-content\/uploads\/2021\/10\/3EUColombia.png\"><img loading=\"lazy\" decoding=\"async\" class=\"alignleft wp-image-15463\" src=\"https:\/\/www.afitecol.com\/wp-content\/uploads\/2021\/10\/3EUColombia.png\" alt=\"\" width=\"80\" height=\"100\" \/><\/a>El pa\u00eds fue oficialmente llamado <strong>Estados Unidos de Colombia<\/strong> el 3 de febrero de 1863 por la <strong>Constituci\u00f3n de Rionegro<\/strong>, la cual fue promulgada el 8 de mayo por los liberales radicales quienes hab\u00edan acabado de ganar la guerra civil de 1860 a 1862.<\/p>\n<p><a href=\"https:\/\/www.afitecol.com\/wp-content\/uploads\/2021\/10\/4Constitucion86.jpeg\"><img loading=\"lazy\" decoding=\"async\" class=\"alignleft wp-image-15464\" src=\"https:\/\/www.afitecol.com\/wp-content\/uploads\/2021\/10\/4Constitucion86.jpeg\" alt=\"\" width=\"198\" height=\"111\" srcset=\"https:\/\/www.afitecol.com\/wp-content\/uploads\/2021\/10\/4Constitucion86.jpeg 998w, https:\/\/www.afitecol.com\/wp-content\/uploads\/2021\/10\/4Constitucion86-300x168.jpeg 300w, https:\/\/www.afitecol.com\/wp-content\/uploads\/2021\/10\/4Constitucion86-768x430.jpeg 768w\" sizes=\"(max-width: 198px) 85vw, 198px\" \/><\/a>En la <strong>Constituci\u00f3n Pol\u00edtica de Colombia de 1886<\/strong> se cambi\u00f3 el nombre de <strong>Estados Unidos de Colombia<\/strong> por el nombre de <strong>Rep\u00fablica de Colombia<\/strong>.<\/p>\n<p>La <strong>Constituci\u00f3n Pol\u00edtica de 1886<\/strong> fue la carta pol\u00edtica nacional que rigi\u00f3 la vida constitucional de Colombia que fue proclamada el 5 de agosto de 1886 y que rigi\u00f3 hasta finales del siglo xx.<\/p>\n<p><a href=\"https:\/\/www.afitecol.com\/wp-content\/uploads\/2021\/10\/5Bogota.jpeg\"><img loading=\"lazy\" decoding=\"async\" class=\"alignleft wp-image-15465\" src=\"https:\/\/www.afitecol.com\/wp-content\/uploads\/2021\/10\/5Bogota.jpeg\" alt=\"\" width=\"200\" height=\"113\" srcset=\"https:\/\/www.afitecol.com\/wp-content\/uploads\/2021\/10\/5Bogota.jpeg 996w, https:\/\/www.afitecol.com\/wp-content\/uploads\/2021\/10\/5Bogota-300x169.jpeg 300w, https:\/\/www.afitecol.com\/wp-content\/uploads\/2021\/10\/5Bogota-768x433.jpeg 768w\" sizes=\"(max-width: 200px) 85vw, 200px\" \/><\/a>La <strong>capital de la Rep\u00fablica es Colombia<\/strong> es <strong>Bogot\u00e1<\/strong>. En 1538, cuando el conquistador Gonzalo Jim\u00e9nez de Quesada fund\u00f3 la ciudad le dio el nombre de <strong>Nuestra Se\u00f1ora de la Esperanza<\/strong>. Sin embargo, un a\u00f1o m\u00e1s tarde, en 1539, durante la fundaci\u00f3n jur\u00eddica de la ciudad, el nombre se cambi\u00f3 por el de <strong>Santaf\u00e9 o Santa Fe<\/strong>.<\/p>\n<p>La capital de Colombia est\u00e1 ubicada en el centro del pa\u00eds, en la regi\u00f3n natural conocida como la <strong>Sabana de Bogot\u00e1<\/strong>, que hace parte del altiplano Cundiboyacence, formaci\u00f3n ubicada en la cordillera Oriental de los Andes.<\/p>\n<p><a href=\"https:\/\/www.afitecol.com\/wp-content\/uploads\/2021\/10\/6Constitucion86.jpeg\"><img loading=\"lazy\" decoding=\"async\" class=\"alignleft wp-image-15466\" src=\"https:\/\/www.afitecol.com\/wp-content\/uploads\/2021\/10\/6Constitucion86.jpeg\" alt=\"\" width=\"200\" height=\"104\" srcset=\"https:\/\/www.afitecol.com\/wp-content\/uploads\/2021\/10\/6Constitucion86.jpeg 986w, https:\/\/www.afitecol.com\/wp-content\/uploads\/2021\/10\/6Constitucion86-300x157.jpeg 300w, https:\/\/www.afitecol.com\/wp-content\/uploads\/2021\/10\/6Constitucion86-768x401.jpeg 768w\" sizes=\"(max-width: 200px) 85vw, 200px\" \/><\/a>El <strong>4 de julio de\u00a01991<\/strong> se realiz\u00f3 la <strong>Proclamaci\u00f3n de la Nueva Constituci\u00f3n Pol\u00edtica de Colombia<\/strong>, como la conclusi\u00f3n de los trabajos realizados por la <strong>Asamblea Constitucional<\/strong> convocada por el pueblo colombiano el <strong>9 de diciembre de 1990.<\/strong><\/p>\n<p>La <strong>Nueva Constituci\u00f3n Pol\u00edtica de Colombia<\/strong>, dise\u00f1\u00f3 las instituciones que habr\u00edan de regir a la Colombia del futuro y derog\u00f3 la <strong>Constituci\u00f3n de 1886<\/strong>.<\/p>\n","protected":false},"excerpt":{"rendered":"<p>Rep\u00fablica de la Nueva Granada En 1830, con la separaci\u00f3n de Venezuela y Ecuador la actual Colombia pas\u00f3 a llamarse Rep\u00fablica de la Nueva Granada. Tras la adopci\u00f3n del federalismo con la Constituci\u00f3n de 1858 se llam\u00f3 Confederaci\u00f3n Granadina. El pa\u00eds fue oficialmente llamado Estados Unidos de Colombia el 3 de febrero de 1863 por &hellip; <a href=\"https:\/\/www.afitecol.com\/?p=15456\" class=\"more-link\">Continuar leyendo<span class=\"screen-reader-text\"> \u00ab1. Inicios de la Rep\u00fablica de Colombia (II)\u00bb<\/span><\/a><\/p>\n","protected":false},"author":2,"featured_media":0,"comment_status":"open","ping_status":"closed","sticky":false,"template":"","format":"standard","meta":{"footnotes":""},"categories":[19],"tags":[],"class_list":["post-15456","post","type-post","status-publish","format-standard","hentry","category-bicentenario-independencia"],"_links":{"self":[{"href":"https:\/\/www.afitecol.com\/index.php?rest_route=\/wp\/v2\/posts\/15456"}],"collection":[{"href":"https:\/\/www.afitecol.com\/index.php?rest_route=\/wp\/v2\/posts"}],"about":[{"href":"https:\/\/www.afitecol.com\/index.php?rest_route=\/wp\/v2\/types\/post"}],"author":[{"embeddable":true,"href":"https:\/\/www.afitecol.com\/index.php?rest_route=\/wp\/v2\/users\/2"}],"replies":[{"embeddable":true,"href":"https:\/\/www.afitecol.com\/index.php?rest_route=%2Fwp%2Fv2%2Fcomments&post=15456"}],"version-history":[{"count":8,"href":"https:\/\/www.afitecol.com\/index.php?rest_route=\/wp\/v2\/posts\/15456\/revisions"}],"predecessor-version":[{"id":15472,"href":"https:\/\/www.afitecol.com\/index.php?rest_route=\/wp\/v2\/posts\/15456\/revisions\/15472"}],"wp:attachment":[{"href":"https:\/\/www.afitecol.com\/index.php?rest_route=%2Fwp%2Fv2%2Fmedia&parent=15456"}],"wp:term":[{"taxonomy":"category","embeddable":true,"href":"https:\/\/www.afitecol.com\/index.php?rest_route=%2Fwp%2Fv2%2Fcategories&post=15456"},{"taxonomy":"post_tag","embeddable":true,"href":"https:\/\/www.afitecol.com\/index.php?rest_route=%2Fwp%2Fv2%2Ftags&post=15456"}],"curies":[{"name":"wp","href":"https:\/\/api.w.org\/{rel}","templated":true}]}}