{"id":14487,"date":"2021-01-06T09:00:20","date_gmt":"2021-01-06T14:00:20","guid":{"rendered":"http:\/\/www.afitecol.com\/?p=14487"},"modified":"2021-01-08T20:56:14","modified_gmt":"2021-01-09T01:56:14","slug":"muerte-de-santander-i","status":"publish","type":"post","link":"https:\/\/www.afitecol.com\/?p=14487","title":{"rendered":"Muerte de Francisco de Paula Santander (I)"},"content":{"rendered":"<p><a href=\"https:\/\/www.afitecol.com\/wp-content\/uploads\/2021\/01\/SantanderMuerte.jpeg\"><img loading=\"lazy\" decoding=\"async\" class=\"alignleft wp-image-14493\" src=\"https:\/\/www.afitecol.com\/wp-content\/uploads\/2021\/01\/SantanderMuerte.jpeg\" alt=\"\" width=\"190\" height=\"154\" srcset=\"https:\/\/www.afitecol.com\/wp-content\/uploads\/2021\/01\/SantanderMuerte.jpeg 976w, https:\/\/www.afitecol.com\/wp-content\/uploads\/2021\/01\/SantanderMuerte-300x243.jpeg 300w, https:\/\/www.afitecol.com\/wp-content\/uploads\/2021\/01\/SantanderMuerte-768x622.jpeg 768w\" sizes=\"(max-width: 190px) 85vw, 190px\" \/><\/a>El pasado 6 de mayo de 2020 se cumplieron 180 a\u00f1os del fallecimiento del \u201cHombre de las Leyes\u201d y el \u201cOrganizador de la Victoria\u201d: <strong>Francisco de Paula Santander.<\/strong><\/p>\n<p><strong><a href=\"https:\/\/www.afitecol.com\/wp-content\/uploads\/2021\/01\/Santander.jpeg\"><img loading=\"lazy\" decoding=\"async\" class=\"alignleft wp-image-14498\" src=\"https:\/\/www.afitecol.com\/wp-content\/uploads\/2021\/01\/Santander.jpeg\" alt=\"\" width=\"97\" height=\"99\" \/><\/a>Francisco de Paula Santander<\/strong> naci\u00f3 en Villa del Rosario de C\u00facuta el 2 de abril 1792.<\/p>\n<p>&nbsp;<\/p>\n<p><strong><a href=\"https:\/\/www.afitecol.com\/wp-content\/uploads\/2021\/01\/SantanderVilla.jpeg\"><img loading=\"lazy\" decoding=\"async\" class=\"alignleft wp-image-14494\" src=\"https:\/\/www.afitecol.com\/wp-content\/uploads\/2021\/01\/SantanderVilla.jpeg\" alt=\"\" width=\"110\" height=\"180\" srcset=\"https:\/\/www.afitecol.com\/wp-content\/uploads\/2021\/01\/SantanderVilla.jpeg 218w, https:\/\/www.afitecol.com\/wp-content\/uploads\/2021\/01\/SantanderVilla-184x300.jpeg 184w\" sizes=\"(max-width: 110px) 85vw, 110px\" \/><\/a>Santander<\/strong> fue bautizado en la Iglesia Villa del Rosario, C\u00facuta, con los nombres de Francisco de Paula Santander Oma\u00f1a.<\/p>\n<p>En el a\u00f1o 1832 se instaur\u00f3 la Constituci\u00f3n pol\u00edtica del <strong>Estado de la Nueva Granada<\/strong>, despu\u00e9s de la disoluci\u00f3n de la <strong>Gran Colombia<\/strong> el 21 de noviembre de 1831.<\/p>\n<p>Despu\u00e9s de la firma de la <strong>Constituci\u00f3n de 1832<\/strong>, le ofrecieron a Santander la Presidencia de la Rep\u00fablica de forma interina, el 9 de marzo de 1832. La noticia de su elecci\u00f3n presidencial la recibi\u00f3 estando en Estados Unidos,\u200b y por esto, solo se posesion\u00f3 al llegar a Bogot\u00e1, el 7 de octubre de 1832.<\/p>\n<p><a href=\"https:\/\/www.afitecol.com\/wp-content\/uploads\/2021\/01\/SantanderVicColom.jpeg\"><img loading=\"lazy\" decoding=\"async\" class=\"alignleft wp-image-14495\" src=\"https:\/\/www.afitecol.com\/wp-content\/uploads\/2021\/01\/SantanderVicColom.jpeg\" alt=\"\" width=\"141\" height=\"109\" srcset=\"https:\/\/www.afitecol.com\/wp-content\/uploads\/2021\/01\/SantanderVicColom.jpeg 330w, https:\/\/www.afitecol.com\/wp-content\/uploads\/2021\/01\/SantanderVicColom-300x233.jpeg 300w\" sizes=\"(max-width: 141px) 85vw, 141px\" \/><\/a>Su mandato interino finaliz\u00f3 el 1 de abril de 1833, pero fue elegido como <strong>Presidente de la Nueva Granada<\/strong> en propiedad para el cuatrienio siguiente, y la ejerci\u00f3 desde 1833 hasta 1837.<\/p>\n<p>Al terminar su mandato rechaz\u00f3 la reelecci\u00f3n a la Presidencia, pero se convirti\u00f3 en Senador, Presidente del Congreso de la Nueva Granada y opositor al nuevo Gobierno.<\/p>\n<p>Durante este per\u00edodo enferm\u00f3 y muri\u00f3 en Bogot\u00e1, el <strong>6 de mayo 1840<\/strong>, a la edad de 48 a\u00f1os.<\/p>\n<p>En su <strong>Testamento<\/strong> se destaca lo siguiente: <em>\u201cOjal\u00e1 hubiera querido a Dios tanto como quise a mi Patria\u201d.<\/em> La autopsia que le realizaron revel\u00f3 la presencia de dos heridas de bala y una de lanza.<\/p>\n<p><a href=\"https:\/\/www.afitecol.com\/wp-content\/uploads\/2021\/01\/SantanderCementerio.jpeg\"><img loading=\"lazy\" decoding=\"async\" class=\"alignleft wp-image-14496\" src=\"https:\/\/www.afitecol.com\/wp-content\/uploads\/2021\/01\/SantanderCementerio.jpeg\" alt=\"\" width=\"125\" height=\"160\" srcset=\"https:\/\/www.afitecol.com\/wp-content\/uploads\/2021\/01\/SantanderCementerio.jpeg 336w, https:\/\/www.afitecol.com\/wp-content\/uploads\/2021\/01\/SantanderCementerio-235x300.jpeg 235w\" sizes=\"(max-width: 125px) 85vw, 125px\" \/><\/a>Los restos de Santander reposan en el <strong>Cementerio Central Bogot\u00e1<\/strong>, el cementerio m\u00e1s antiguo de la ciudad, que fue construido y puesto en servicio en el a\u00f1o 1836, siendo Presidente de la Nueva Granada Francisco de Paula Santander.<\/p>\n","protected":false},"excerpt":{"rendered":"<p>El pasado 6 de mayo de 2020 se cumplieron 180 a\u00f1os del fallecimiento del \u201cHombre de las Leyes\u201d y el \u201cOrganizador de la Victoria\u201d: Francisco de Paula Santander. Francisco de Paula Santander naci\u00f3 en Villa del Rosario de C\u00facuta el 2 de abril 1792. &nbsp; Santander fue bautizado en la Iglesia Villa del Rosario, C\u00facuta, &hellip; <a href=\"https:\/\/www.afitecol.com\/?p=14487\" class=\"more-link\">Continuar leyendo<span class=\"screen-reader-text\"> \u00abMuerte de Francisco de Paula Santander (I)\u00bb<\/span><\/a><\/p>\n","protected":false},"author":2,"featured_media":0,"comment_status":"open","ping_status":"closed","sticky":false,"template":"","format":"standard","meta":{"footnotes":""},"categories":[19],"tags":[],"class_list":["post-14487","post","type-post","status-publish","format-standard","hentry","category-bicentenario-independencia"],"_links":{"self":[{"href":"https:\/\/www.afitecol.com\/index.php?rest_route=\/wp\/v2\/posts\/14487"}],"collection":[{"href":"https:\/\/www.afitecol.com\/index.php?rest_route=\/wp\/v2\/posts"}],"about":[{"href":"https:\/\/www.afitecol.com\/index.php?rest_route=\/wp\/v2\/types\/post"}],"author":[{"embeddable":true,"href":"https:\/\/www.afitecol.com\/index.php?rest_route=\/wp\/v2\/users\/2"}],"replies":[{"embeddable":true,"href":"https:\/\/www.afitecol.com\/index.php?rest_route=%2Fwp%2Fv2%2Fcomments&post=14487"}],"version-history":[{"count":10,"href":"https:\/\/www.afitecol.com\/index.php?rest_route=\/wp\/v2\/posts\/14487\/revisions"}],"predecessor-version":[{"id":14535,"href":"https:\/\/www.afitecol.com\/index.php?rest_route=\/wp\/v2\/posts\/14487\/revisions\/14535"}],"wp:attachment":[{"href":"https:\/\/www.afitecol.com\/index.php?rest_route=%2Fwp%2Fv2%2Fmedia&parent=14487"}],"wp:term":[{"taxonomy":"category","embeddable":true,"href":"https:\/\/www.afitecol.com\/index.php?rest_route=%2Fwp%2Fv2%2Fcategories&post=14487"},{"taxonomy":"post_tag","embeddable":true,"href":"https:\/\/www.afitecol.com\/index.php?rest_route=%2Fwp%2Fv2%2Ftags&post=14487"}],"curies":[{"name":"wp","href":"https:\/\/api.w.org\/{rel}","templated":true}]}}